{"id":715,"date":"2019-06-07T13:22:08","date_gmt":"2019-06-07T11:22:08","guid":{"rendered":"https:\/\/experts-comptables-espagne.com\/?p=715\/"},"modified":"2019-06-07T13:22:08","modified_gmt":"2019-06-07T11:22:08","slug":"suica-imposto-antecipado-e-procedimento-de-declaracao","status":"publish","type":"post","link":"https:\/\/amedia-contables-espana.com\/pt-pt\/blog\/suica-imposto-antecipado-e-procedimento-de-declaracao\/","title":{"rendered":"Su\u00ed\u00e7a &#8211; Imposto antecipado e procedimento de declara\u00e7\u00e3o"},"content":{"rendered":"<p>A Confedera\u00e7\u00e3o Sui\u00e7a possui um imposto antecipado sobre os rendimentos de capitais mobili\u00e1rios. Este imposto incidente na a fonte, tributa os diferentes tipos de rendimentos definidos na lei. Na verdade, esta cobran\u00e7a serve de garantia, mas tamb\u00e9m incentiva os contribuintes a declarar e a contabilizar corretamente os rendimentos sujeitos ao imposto antecipado.<\/p>\n<p>O imposto antecipado incide, em particular, sobre os dividendos pagos por uma sociedade de capitais su\u00ed\u00e7a \u00e0 sua empresa-m\u00e3e. A sociedade su\u00ed\u00e7a que paga o dividendo deve deduzir o imposto antecipado do dividendo total e pagar este imposto \u00e0 Administra\u00e7\u00e3o fiscal das contribui\u00e7\u00f5es (denominado &#8220;AFC&#8221;). A empresa-m\u00e3e, benefici\u00e1ria do dividendo, recebe um dividendo l\u00edquido e suporta, assim, a carga tribut\u00e1riados impostos.<\/p>\n<p>De um modo geral, nas rela\u00e7\u00f5es nacionais i.e. quando se trata de uma entidade su\u00ed\u00e7a, detida por  uma outra empresa su\u00ed\u00e7a, o imposto antecipado pode ser recuperado desde que seja devidamentecontabilizado e declarado. No entanto, o imposto antecipado constitui um encargo definitivo, caso a empresa-m\u00e3e esteja localizada fora da Sui\u00e7a. Contudo, no \u00e2mbito dos acordos em mat\u00e9ria de dupla n\u00e3o-tributa\u00e7\u00e3o assinados entre a Su\u00ed\u00e7a e os Estados parceiros, pode-se obter uma redu\u00e7\u00e3o total ou parcial dos gastos de impostos antecipados a serem pagos. \u00c9 tamb\u00e9m necess\u00e1rio cumprir condi\u00e7\u00f5es espec\u00edficas estabelecidas nos referidos acordos (por exemplo, a percentagem detida, o n\u00famero de anos de deten\u00e7\u00e3o, bem como a subst\u00e2ncia da empresa-m\u00e3e no exterior).<\/p>\n<p>Para este prop\u00f3sito, nas rela\u00e7\u00f5es internacionais, \u00e9 importante solicitar previamente a aplica\u00e7\u00e3o do procedimento de declara\u00e7\u00e3o. O procedimento de declara\u00e7\u00e3o \u00e9 tamb\u00e9m importante no processo de liquida\u00e7\u00e3o de uma empresa su\u00ed\u00e7a, detida por uma empresa-m\u00e3e no exterior. Em realidade, o excedente de liquida\u00e7\u00e3o est\u00e1 sujeito ao imposto antecipado. Excedente de liquida\u00e7\u00e3o, , nesse caso, deve ser entendido como todas as apresenta\u00e7\u00f5es efetuadas para com os acionistas da empresa dissolvida. O reembolso do capital nominal bem como as reservas obtidas da inje\u00e7\u00e3o de capital n\u00e3o fazem parte do excedente de liquida\u00e7\u00e3o.<\/p>\n<p>Na pr\u00e1tica, o procedimento de declara\u00e7\u00e3o \u00e9 um pedido de autoriza\u00e7\u00e3o pr\u00e9via efetuado atrav\u00e9s de tr\u00eas formul\u00e1rios (823\/823B\/823C). Este pedido deve ser enviado \u00e0 AFC que, depois de verificar as condi\u00e7\u00f5es legais exigidas, valida esta autoriza\u00e7\u00e3o.<\/p>\n<p>Portanto, o procedimento de declara\u00e7\u00e3o \u00e9 um pedido a ser feito previamente, necess\u00e1rio para a aplica\u00e7\u00e3o da redu\u00e7\u00e3o da reten\u00e7\u00e3o na fonte. Esta redu\u00e7\u00e3o est\u00e1, em princ\u00edpio, prevista nos termos do acordo em vigor, assinado entre a Su\u00ed\u00e7a e o Estado de resid\u00eancia da empresa-m\u00e3e (ou ao abrigo do acordo entre a Confedera\u00e7\u00e3o Su\u00ed\u00e7a e a Uni\u00e3o Europeia sobre a troca autom\u00e1tica de informa\u00e7\u00f5es relativas \u00e0s contas financeiras).<\/p>\n<p>As vantagens deste procedimento s\u00e3o muitas. Na verdade, o procedimento de declara\u00e7\u00e3o permite evitar o pagamento de um imposto antecipado de 35% e, em seguida, permite tamb\u00e9m solicitar o reembolso da diferen\u00e7a entre o imposto pago e o residual previsto pelo acordo de dupla n\u00e3o-tributa\u00e7\u00e3o. Esta diferen\u00e7a \u00e9 reembolsada \u00e0 empresa devedora do imposto (se estiverem reunidas todas as condi\u00e7\u00f5es), sem quaisquer juros. Al\u00e9m disso, em termos de caixa, a empresa que solicita o procedimento de declara\u00e7\u00e3o a montante, limita-se a pagar o valor residual do imposto antecipado previsto no Acordo. A empresa n\u00e3o tem de pagar um valor superior ao imposto devido. A empresa, assim, otimiza a sua gest\u00e3o de caixa.<\/p>\n<h2>Cuidado com a teoria das reservas antigas<\/h2>\n<p>A pr\u00e1tica da teoria das reservas antigas representa ainda um grande risco para as empresas de capital su\u00ed\u00e7o, detidas pelas  empresas-m\u00e3e no exterior. Exemplefiquemos o caso a seguir.<\/p>\n<p>Este problema surge quando a empresa su\u00ed\u00e7a cede seus direitos de participa\u00e7\u00e3o a uma empresa residente num Estado com um regime convencional mais favor\u00e1vel. Em outras palavras, quando a Conven\u00e7\u00e3ofiscal do Estado de resid\u00eancia da empresa-m\u00e3e cedente prev\u00ea um residual de imposto superior ao previsto pelo Conven\u00e7\u00e3o fiscal do Estado de resid\u00eancia da nova empresa que det\u00e9m os direitos de participa\u00e7\u00e3o, a AFC aprova um montante de reservas distribu\u00edveis denominadas &#8220;reservas antigas&#8221;. O montante das reservas antigas corresponde ao menor dos seguintes montantes: (1) ativos n\u00e3o necess\u00e1rios \u00e0 explora\u00e7\u00e3o e (2) reservas distribu\u00edveis, conforme os ditames  do direito comercial. Em termos de imposto antecipado, a AFC aplica, de modo hipot\u00e9tico, ao regime previsto pela Conven\u00e7\u00e3odo pa\u00eds de resid\u00eancia da empresa-m\u00e3e que detinha os direitos de participa\u00e7\u00e3o e n\u00e3o o regime previsto pelo Acordo do novo Estado de resid\u00eancia da nova empresa-m\u00e3e.<\/p>\n<p>Assim, no caso onde uma empresa su\u00ed\u00e7a X SA, detida por uma empresa A residente no pa\u00eds A. A Conven\u00e7\u00e3o fiscalentre a Su\u00ed\u00e7a e o Estado A prev\u00ea um residual de imposto antecipado de 10%. Suponha-se que X SA cede estes direitos de participa\u00e7\u00e3o \u00e0 empresa B residente no Estado B que prev\u00ea um residual de imposto antecipado de 5%. Neste caso, um montante de reservas antigas \u00e9 aprovado pela AFC que aplica, em distribui\u00e7\u00f5es futuras, uma reten\u00e7\u00e3o na fonte de 10% sobre o montante aprovado.<\/p>\n<p><a href=\"https:\/\/amedia-contadores-espanha.com\/contato-e-escritorios\/\">A nossa equipe est\u00e1 \u00e0 sua disposi\u00e7\u00e3o para lhe passar mais informa\u00e7\u00f5es relativamente a este assunto.<\/a><\/p>\n","protected":false},"excerpt":{"rendered":"A Confedera\u00e7\u00e3o Sui\u00e7a possui um imposto antecipado sobre os rendimentos de capitais mobili\u00e1rios. Este imposto incidente na a fonte, tributa os diferentes tipos de rendimentos definidos na lei. Na verdade, esta cobran\u00e7a serve de garantia, mas tamb\u00e9m incentiva os contribuintes a declarar e a contabilizar corretamente os rendimentos sujeitos ao imposto antecipado. O imposto antecipado&#8230; <a class=\"view-article\" href=\"https:\/\/amedia-contables-espana.com\/pt-pt\/blog\/suica-imposto-antecipado-e-procedimento-de-declaracao\/\">View Article<\/a>","protected":false},"author":3,"featured_media":0,"comment_status":"closed","ping_status":"open","sticky":false,"template":"","format":"standard","meta":{"advgb_blocks_editor_width":"","advgb_blocks_columns_visual_guide":"","footnotes":""},"categories":[17],"tags":[],"class_list":["post-715","post","type-post","status-publish","format-standard","hentry","category-sem-categoria"],"yoast_head":"<!-- This site is optimized with the Yoast SEO plugin v28.2 - https:\/\/yoast.com\/product\/yoast-seo-wordpress\/ -->\n<title>Su\u00ed\u00e7a - Imposto antecipado e procedimento de declara\u00e7\u00e3o<\/title>\n<meta name=\"description\" content=\"A Confedera\u00e7\u00e3o cobra um imposto antecipado sobre o rendimento do capital m\u00f3vel. Como se aplica e como declarar para o contribuinte?\" \/>\n<meta name=\"robots\" content=\"index, follow, max-snippet:-1, max-image-preview:large, max-video-preview:-1\" \/>\n<link rel=\"canonical\" href=\"https:\/\/amedia-contables-espana.com\/pt-pt\/blog\/suica-imposto-antecipado-e-procedimento-de-declaracao\/\" \/>\n<meta property=\"og:locale\" content=\"pt_PT\" \/>\n<meta property=\"og:type\" content=\"article\" \/>\n<meta property=\"og:title\" content=\"Su\u00ed\u00e7a - Imposto antecipado e procedimento de declara\u00e7\u00e3o\" \/>\n<meta property=\"og:description\" content=\"A Confedera\u00e7\u00e3o cobra um imposto antecipado sobre o rendimento do capital m\u00f3vel. Como se aplica e como declarar para o contribuinte?\" \/>\n<meta property=\"og:url\" content=\"https:\/\/amedia-contables-espana.com\/pt-pt\/blog\/suica-imposto-antecipado-e-procedimento-de-declaracao\/\" \/>\n<meta property=\"og:site_name\" content=\"Amedia contables espana\" \/>\n<meta property=\"article:published_time\" content=\"2019-06-07T11:22:08+00:00\" \/>\n<meta name=\"author\" content=\"Vitali\" \/>\n<meta name=\"twitter:card\" content=\"summary_large_image\" \/>\n<meta name=\"twitter:label1\" content=\"Escrito por\" \/>\n\t<meta name=\"twitter:data1\" content=\"Vitali\" \/>\n\t<meta name=\"twitter:label2\" content=\"Tempo estimado de leitura\" \/>\n\t<meta name=\"twitter:data2\" content=\"5 minutos\" \/>\n<script type=\"application\/ld+json\" class=\"yoast-schema-graph\">{\"@context\":\"https:\\\/\\\/schema.org\",\"@graph\":[{\"@type\":\"Article\",\"@id\":\"https:\\\/\\\/amedia-contables-espana.com\\\/pt-pt\\\/blog\\\/suica-imposto-antecipado-e-procedimento-de-declaracao\\\/#article\",\"isPartOf\":{\"@id\":\"https:\\\/\\\/amedia-contables-espana.com\\\/pt-pt\\\/blog\\\/suica-imposto-antecipado-e-procedimento-de-declaracao\\\/\"},\"author\":{\"name\":\"Vitali\",\"@id\":\"https:\\\/\\\/amedia-contables-espana.com\\\/fr\\\/#\\\/schema\\\/person\\\/38062a9e6a9730a7b03e3ac2615ae6f5\"},\"headline\":\"Su\u00ed\u00e7a &#8211; Imposto antecipado e procedimento de declara\u00e7\u00e3o\",\"datePublished\":\"2019-06-07T11:22:08+00:00\",\"mainEntityOfPage\":{\"@id\":\"https:\\\/\\\/amedia-contables-espana.com\\\/pt-pt\\\/blog\\\/suica-imposto-antecipado-e-procedimento-de-declaracao\\\/\"},\"wordCount\":919,\"inLanguage\":\"pt-PT\"},{\"@type\":\"WebPage\",\"@id\":\"https:\\\/\\\/amedia-contables-espana.com\\\/pt-pt\\\/blog\\\/suica-imposto-antecipado-e-procedimento-de-declaracao\\\/\",\"url\":\"https:\\\/\\\/amedia-contables-espana.com\\\/pt-pt\\\/blog\\\/suica-imposto-antecipado-e-procedimento-de-declaracao\\\/\",\"name\":\"Su\u00ed\u00e7a - Imposto antecipado e procedimento de declara\u00e7\u00e3o\",\"isPartOf\":{\"@id\":\"https:\\\/\\\/amedia-contables-espana.com\\\/fr\\\/#website\"},\"datePublished\":\"2019-06-07T11:22:08+00:00\",\"author\":{\"@id\":\"https:\\\/\\\/amedia-contables-espana.com\\\/fr\\\/#\\\/schema\\\/person\\\/38062a9e6a9730a7b03e3ac2615ae6f5\"},\"description\":\"A Confedera\u00e7\u00e3o cobra um imposto antecipado sobre o rendimento do capital m\u00f3vel. Como se aplica e como declarar para o contribuinte?\",\"breadcrumb\":{\"@id\":\"https:\\\/\\\/amedia-contables-espana.com\\\/pt-pt\\\/blog\\\/suica-imposto-antecipado-e-procedimento-de-declaracao\\\/#breadcrumb\"},\"inLanguage\":\"pt-PT\",\"potentialAction\":[{\"@type\":\"ReadAction\",\"target\":[\"https:\\\/\\\/amedia-contables-espana.com\\\/pt-pt\\\/blog\\\/suica-imposto-antecipado-e-procedimento-de-declaracao\\\/\"]}]},{\"@type\":\"BreadcrumbList\",\"@id\":\"https:\\\/\\\/amedia-contables-espana.com\\\/pt-pt\\\/blog\\\/suica-imposto-antecipado-e-procedimento-de-declaracao\\\/#breadcrumb\",\"itemListElement\":[{\"@type\":\"ListItem\",\"position\":1,\"name\":\"Accueil\",\"item\":\"https:\\\/\\\/amedia-contables-espana.com\\\/pt-pt\\\/\"},{\"@type\":\"ListItem\",\"position\":2,\"name\":\"Su\u00ed\u00e7a &#8211; Imposto antecipado e procedimento de declara\u00e7\u00e3o\"}]},{\"@type\":\"WebSite\",\"@id\":\"https:\\\/\\\/amedia-contables-espana.com\\\/fr\\\/#website\",\"url\":\"https:\\\/\\\/amedia-contables-espana.com\\\/fr\\\/\",\"name\":\"Amedia contables espana\",\"description\":\"\",\"potentialAction\":[{\"@type\":\"SearchAction\",\"target\":{\"@type\":\"EntryPoint\",\"urlTemplate\":\"https:\\\/\\\/amedia-contables-espana.com\\\/fr\\\/?s={search_term_string}\"},\"query-input\":{\"@type\":\"PropertyValueSpecification\",\"valueRequired\":true,\"valueName\":\"search_term_string\"}}],\"inLanguage\":\"pt-PT\"},{\"@type\":\"Person\",\"@id\":\"https:\\\/\\\/amedia-contables-espana.com\\\/fr\\\/#\\\/schema\\\/person\\\/38062a9e6a9730a7b03e3ac2615ae6f5\",\"name\":\"Vitali\",\"sameAs\":[\"http:\\\/\\\/amedia.com\"],\"url\":\"https:\\\/\\\/amedia-contables-espana.com\\\/pt-pt\\\/blog\\\/author\\\/admin-masonu\\\/\"}]}<\/script>\n<!-- \/ Yoast SEO plugin. -->","yoast_head_json":{"title":"Su\u00ed\u00e7a - Imposto antecipado e procedimento de declara\u00e7\u00e3o","description":"A Confedera\u00e7\u00e3o cobra um imposto antecipado sobre o rendimento do capital m\u00f3vel. Como se aplica e como declarar para o contribuinte?","robots":{"index":"index","follow":"follow","max-snippet":"max-snippet:-1","max-image-preview":"max-image-preview:large","max-video-preview":"max-video-preview:-1"},"canonical":"https:\/\/amedia-contables-espana.com\/pt-pt\/blog\/suica-imposto-antecipado-e-procedimento-de-declaracao\/","og_locale":"pt_PT","og_type":"article","og_title":"Su\u00ed\u00e7a - Imposto antecipado e procedimento de declara\u00e7\u00e3o","og_description":"A Confedera\u00e7\u00e3o cobra um imposto antecipado sobre o rendimento do capital m\u00f3vel. Como se aplica e como declarar para o contribuinte?","og_url":"https:\/\/amedia-contables-espana.com\/pt-pt\/blog\/suica-imposto-antecipado-e-procedimento-de-declaracao\/","og_site_name":"Amedia contables espana","article_published_time":"2019-06-07T11:22:08+00:00","author":"Vitali","twitter_card":"summary_large_image","twitter_misc":{"Escrito por":"Vitali","Tempo estimado de leitura":"5 minutos"},"schema":{"@context":"https:\/\/schema.org","@graph":[{"@type":"Article","@id":"https:\/\/amedia-contables-espana.com\/pt-pt\/blog\/suica-imposto-antecipado-e-procedimento-de-declaracao\/#article","isPartOf":{"@id":"https:\/\/amedia-contables-espana.com\/pt-pt\/blog\/suica-imposto-antecipado-e-procedimento-de-declaracao\/"},"author":{"name":"Vitali","@id":"https:\/\/amedia-contables-espana.com\/fr\/#\/schema\/person\/38062a9e6a9730a7b03e3ac2615ae6f5"},"headline":"Su\u00ed\u00e7a &#8211; Imposto antecipado e procedimento de declara\u00e7\u00e3o","datePublished":"2019-06-07T11:22:08+00:00","mainEntityOfPage":{"@id":"https:\/\/amedia-contables-espana.com\/pt-pt\/blog\/suica-imposto-antecipado-e-procedimento-de-declaracao\/"},"wordCount":919,"inLanguage":"pt-PT"},{"@type":"WebPage","@id":"https:\/\/amedia-contables-espana.com\/pt-pt\/blog\/suica-imposto-antecipado-e-procedimento-de-declaracao\/","url":"https:\/\/amedia-contables-espana.com\/pt-pt\/blog\/suica-imposto-antecipado-e-procedimento-de-declaracao\/","name":"Su\u00ed\u00e7a - Imposto antecipado e procedimento de declara\u00e7\u00e3o","isPartOf":{"@id":"https:\/\/amedia-contables-espana.com\/fr\/#website"},"datePublished":"2019-06-07T11:22:08+00:00","author":{"@id":"https:\/\/amedia-contables-espana.com\/fr\/#\/schema\/person\/38062a9e6a9730a7b03e3ac2615ae6f5"},"description":"A Confedera\u00e7\u00e3o cobra um imposto antecipado sobre o rendimento do capital m\u00f3vel. Como se aplica e como declarar para o contribuinte?","breadcrumb":{"@id":"https:\/\/amedia-contables-espana.com\/pt-pt\/blog\/suica-imposto-antecipado-e-procedimento-de-declaracao\/#breadcrumb"},"inLanguage":"pt-PT","potentialAction":[{"@type":"ReadAction","target":["https:\/\/amedia-contables-espana.com\/pt-pt\/blog\/suica-imposto-antecipado-e-procedimento-de-declaracao\/"]}]},{"@type":"BreadcrumbList","@id":"https:\/\/amedia-contables-espana.com\/pt-pt\/blog\/suica-imposto-antecipado-e-procedimento-de-declaracao\/#breadcrumb","itemListElement":[{"@type":"ListItem","position":1,"name":"Accueil","item":"https:\/\/amedia-contables-espana.com\/pt-pt\/"},{"@type":"ListItem","position":2,"name":"Su\u00ed\u00e7a &#8211; Imposto antecipado e procedimento de declara\u00e7\u00e3o"}]},{"@type":"WebSite","@id":"https:\/\/amedia-contables-espana.com\/fr\/#website","url":"https:\/\/amedia-contables-espana.com\/fr\/","name":"Amedia contables espana","description":"","potentialAction":[{"@type":"SearchAction","target":{"@type":"EntryPoint","urlTemplate":"https:\/\/amedia-contables-espana.com\/fr\/?s={search_term_string}"},"query-input":{"@type":"PropertyValueSpecification","valueRequired":true,"valueName":"search_term_string"}}],"inLanguage":"pt-PT"},{"@type":"Person","@id":"https:\/\/amedia-contables-espana.com\/fr\/#\/schema\/person\/38062a9e6a9730a7b03e3ac2615ae6f5","name":"Vitali","sameAs":["http:\/\/amedia.com"],"url":"https:\/\/amedia-contables-espana.com\/pt-pt\/blog\/author\/admin-masonu\/"}]}},"author_meta":{"display_name":"Vitali","author_link":"https:\/\/amedia-contables-espana.com\/pt-pt\/blog\/author\/admin-masonu\/"},"featured_img":null,"coauthors":[],"tax_additional":{"categories":{"linked":["<a href=\"https:\/\/amedia-contables-espana.com\/pt-pt\/blog\/category\/sem-categoria\/\" class=\"advgb-post-tax-term\">Sem categoria<\/a>"],"unlinked":["<span class=\"advgb-post-tax-term\">Sem categoria<\/span>"]}},"comment_count":"0","relative_dates":{"created":"Posted 7 anos ago","modified":"Updated 7 anos ago"},"absolute_dates":{"created":"Posted on 7 Junho 2019","modified":"Updated on 7 Junho 2019"},"absolute_dates_time":{"created":"Posted on 7 Junho 2019 13 h 22 min","modified":"Updated on 7 Junho 2019 13 h 22 min"},"featured_img_caption":"","series_order":"","_links":{"self":[{"href":"https:\/\/amedia-contables-espana.com\/pt-pt\/wp-json\/wp\/v2\/posts\/715","targetHints":{"allow":["GET"]}}],"collection":[{"href":"https:\/\/amedia-contables-espana.com\/pt-pt\/wp-json\/wp\/v2\/posts"}],"about":[{"href":"https:\/\/amedia-contables-espana.com\/pt-pt\/wp-json\/wp\/v2\/types\/post"}],"author":[{"embeddable":true,"href":"https:\/\/amedia-contables-espana.com\/pt-pt\/wp-json\/wp\/v2\/users\/3"}],"replies":[{"embeddable":true,"href":"https:\/\/amedia-contables-espana.com\/pt-pt\/wp-json\/wp\/v2\/comments?post=715"}],"version-history":[{"count":1,"href":"https:\/\/amedia-contables-espana.com\/pt-pt\/wp-json\/wp\/v2\/posts\/715\/revisions"}],"predecessor-version":[{"id":716,"href":"https:\/\/amedia-contables-espana.com\/pt-pt\/wp-json\/wp\/v2\/posts\/715\/revisions\/716"}],"wp:attachment":[{"href":"https:\/\/amedia-contables-espana.com\/pt-pt\/wp-json\/wp\/v2\/media?parent=715"}],"wp:term":[{"taxonomy":"category","embeddable":true,"href":"https:\/\/amedia-contables-espana.com\/pt-pt\/wp-json\/wp\/v2\/categories?post=715"},{"taxonomy":"post_tag","embeddable":true,"href":"https:\/\/amedia-contables-espana.com\/pt-pt\/wp-json\/wp\/v2\/tags?post=715"}],"curies":[{"name":"wp","href":"https:\/\/api.w.org\/{rel}","templated":true}]}}