{"id":969,"date":"2018-08-31T11:07:05","date_gmt":"2018-08-31T09:07:05","guid":{"rendered":"http:\/\/www.objectif-espagne.com\/?p=969"},"modified":"2018-08-31T11:07:05","modified_gmt":"2018-08-31T09:07:05","slug":"cotisation-des-travailleurs-independants-autonomos","status":"publish","type":"post","link":"https:\/\/amedia-contables-espana.com\/fr\/blog\/cotisation-des-travailleurs-independants-autonomos\/","title":{"rendered":"Cotisation des travailleurs ind\u00e9pendants (\u00ab\u00a0aut\u00f3nomos\u00a0\u00bb)"},"content":{"rendered":"<p>Les nouveaux Budgets de l&rsquo;Etat approuv\u00e9s en juillet 2018 pr\u00e9voient une augmentation des bases de cotisation des travailleurs ind\u00e9pendants.<br \/>\nAujourd&rsquo;hui, 31 ao\u00fbt, si vous cotisez sur la base minimum et si vous ne b\u00e9n\u00e9ficiez pas de la \u00ab\u00a0tarifa plana\u00a0\u00bb, vous payerez 278,88\u20ac\/ mois au lieu de 275\u20ac\/mois.<br \/>\nEn Espagne, 65,8% des \u00ab\u00a0aut\u00f3nomos\u00a0\u00bb cotisent sur cette base.<br \/>\nIl n&rsquo;y a cependant pas de changement pour les travailleurs ind\u00e9pendants qui sont administrateurs de soci\u00e9t\u00e9 (aut\u00f3nomos societarios), en effet leur base minimum est maintenue et ils continueront \u00e0 payer 358,53\u20ac\/mois.<\/p>\n<p><strong>Comment calcule-t-on la cotisation des travailleurs ind\u00e9pendants?<br \/>\n<\/strong>Il suffit d&rsquo;appliquer 29,90% sur la base minimum de 932,70\u20ac:<br \/>\n932,70\u20ac x 29,9% = 278,88\u20ac<\/p>\n<p>29,90% correspond \u00e0 ce qu&rsquo;un Aut\u00f3nomo doit payer pour \u00eatre couvert en cas de risques communs ou \u00ab\u00a0contingencias comunes\u00a0\u00bb: maladie ou accident non professionnel.<\/p>\n<p>Si un travailleur ind\u00e9pendant souhaite toucher le ch\u00f4mage en cas de cessation d&rsquo;activit\u00e9 ou \u00eatre couvert pour risques professionnelles (accidents du travail), il devra payer une cotisation plus \u00e9lev\u00e9e, le montant s&rsquo;\u00e9l\u00e8vera alors \u00e0 293,79\u20ac.<\/p>\n<p>Certains travailleurs ind\u00e9pendants sont oblig\u00e9s de payer la couverture pour risques professionnelles:<br \/>\n&#8211; les travailleurs ind\u00e9pendants financi\u00e8rement d\u00e9pendant (TRADE): ils facturent plus de 75% des leurs ventes \u00e0 un seul client<br \/>\n&#8211; les travailleurs ind\u00e9pendants qui r\u00e9alisent une activit\u00e9 \u00e0 haut risque<br \/>\n&#8211; les associ\u00e9s de Coop\u00e9ratives de Travail qui se consacrent \u00e0 la vente ambulante<br \/>\n&#8211; les travailleurs qui se consacrent \u00e0 la vente ambulante 3 jours par semaine (8h par jour), qui ne sont pas associ\u00e9s \u00e0 des coop\u00e9ratives, qui n&rsquo;ont pas de local et qui ne produisent pas la marchandise qu&rsquo;ils vendent<\/p>\n<p>L&rsquo;\u00e9quipe d&rsquo;Amedia se tient \u00e0 votre disposition si vous souhaitez plus de renseignements ou g\u00e9rer vos formalit\u00e9s administratives et fiscales.<\/p>\n<p><a href=\"http:\/\/experts-comptables-espagne.com\/contact-et-bureaux\/\"><img decoding=\"async\" class=\"aligncenter\" src=\"http:\/\/www.objectif-espagne.com\/wp-content\/uploads\/Contacter-un-conseiller-2.png\" \/><\/a><\/p>\n","protected":false},"excerpt":{"rendered":"Les nouveaux Budgets de l&rsquo;Etat approuv\u00e9s en juillet 2018 pr\u00e9voient une augmentation des bases de cotisation des travailleurs ind\u00e9pendants. Aujourd&rsquo;hui, 31 ao\u00fbt, si vous cotisez sur la base minimum et si vous ne b\u00e9n\u00e9ficiez pas de la \u00ab\u00a0tarifa plana\u00a0\u00bb, vous payerez 278,88\u20ac\/ mois au lieu de 275\u20ac\/mois. En Espagne, 65,8% des \u00ab\u00a0aut\u00f3nomos\u00a0\u00bb cotisent sur cette&#8230; <a class=\"view-article\" href=\"https:\/\/amedia-contables-espana.com\/fr\/blog\/cotisation-des-travailleurs-independants-autonomos\/\">Voir l&rsquo;article<\/a>","protected":false},"author":3,"featured_media":970,"comment_status":"closed","ping_status":"open","sticky":false,"template":"","format":"standard","meta":{"advgb_blocks_editor_width":"","advgb_blocks_columns_visual_guide":"","footnotes":""},"categories":[1],"tags":[],"class_list":["post-969","post","type-post","status-publish","format-standard","has-post-thumbnail","hentry","category-non-classifiee"],"yoast_head":"<!-- This site is optimized with the Yoast SEO plugin v28.2 - https:\/\/yoast.com\/product\/yoast-seo-wordpress\/ -->\n<title>Cotisation des travailleurs ind\u00e9pendants (&quot;aut\u00f3nomos&quot;) - Amedia contables espana<\/title>\n<meta name=\"robots\" content=\"index, follow, max-snippet:-1, max-image-preview:large, max-video-preview:-1\" \/>\n<link rel=\"canonical\" href=\"https:\/\/amedia-contables-espana.com\/fr\/blog\/cotisation-des-travailleurs-independants-autonomos\/\" \/>\n<meta property=\"og:locale\" content=\"fr_FR\" \/>\n<meta property=\"og:type\" content=\"article\" \/>\n<meta property=\"og:title\" content=\"Cotisation des travailleurs ind\u00e9pendants (&quot;aut\u00f3nomos&quot;) - Amedia contables espana\" \/>\n<meta property=\"og:description\" content=\"Les nouveaux Budgets de l&rsquo;Etat approuv\u00e9s en juillet 2018 pr\u00e9voient une augmentation des bases de cotisation des travailleurs ind\u00e9pendants. Aujourd&rsquo;hui, 31 ao\u00fbt, si vous cotisez sur la base minimum et si vous ne b\u00e9n\u00e9ficiez pas de la \u00ab\u00a0tarifa plana\u00a0\u00bb, vous payerez 278,88\u20ac\/ mois au lieu de 275\u20ac\/mois. En Espagne, 65,8% des \u00ab\u00a0aut\u00f3nomos\u00a0\u00bb cotisent sur cette... Voir l&#039;article\" \/>\n<meta property=\"og:url\" content=\"https:\/\/amedia-contables-espana.com\/fr\/blog\/cotisation-des-travailleurs-independants-autonomos\/\" \/>\n<meta property=\"og:site_name\" content=\"Amedia contables espana\" \/>\n<meta property=\"article:published_time\" content=\"2018-08-31T09:07:05+00:00\" \/>\n<meta name=\"author\" content=\"Vitali\" \/>\n<meta name=\"twitter:card\" content=\"summary_large_image\" \/>\n<meta name=\"twitter:label1\" content=\"\u00c9crit par\" \/>\n\t<meta name=\"twitter:data1\" content=\"Vitali\" \/>\n\t<meta name=\"twitter:label2\" content=\"Dur\u00e9e de lecture estim\u00e9e\" \/>\n\t<meta name=\"twitter:data2\" content=\"1 minute\" \/>\n<script type=\"application\/ld+json\" class=\"yoast-schema-graph\">{\"@context\":\"https:\\\/\\\/schema.org\",\"@graph\":[{\"@type\":\"Article\",\"@id\":\"https:\\\/\\\/amedia-contables-espana.com\\\/fr\\\/blog\\\/cotisation-des-travailleurs-independants-autonomos\\\/#article\",\"isPartOf\":{\"@id\":\"https:\\\/\\\/amedia-contables-espana.com\\\/fr\\\/blog\\\/cotisation-des-travailleurs-independants-autonomos\\\/\"},\"author\":{\"name\":\"Vitali\",\"@id\":\"https:\\\/\\\/amedia-contables-espana.com\\\/fr\\\/#\\\/schema\\\/person\\\/38062a9e6a9730a7b03e3ac2615ae6f5\"},\"headline\":\"Cotisation des travailleurs ind\u00e9pendants (\u00ab\u00a0aut\u00f3nomos\u00a0\u00bb)\",\"datePublished\":\"2018-08-31T09:07:05+00:00\",\"mainEntityOfPage\":{\"@id\":\"https:\\\/\\\/amedia-contables-espana.com\\\/fr\\\/blog\\\/cotisation-des-travailleurs-independants-autonomos\\\/\"},\"wordCount\":307,\"image\":{\"@id\":\"https:\\\/\\\/amedia-contables-espana.com\\\/fr\\\/blog\\\/cotisation-des-travailleurs-independants-autonomos\\\/#primaryimage\"},\"thumbnailUrl\":\"\",\"articleSection\":[\"Non classifi\u00e9(e)\"],\"inLanguage\":\"fr-FR\"},{\"@type\":\"WebPage\",\"@id\":\"https:\\\/\\\/amedia-contables-espana.com\\\/fr\\\/blog\\\/cotisation-des-travailleurs-independants-autonomos\\\/\",\"url\":\"https:\\\/\\\/amedia-contables-espana.com\\\/fr\\\/blog\\\/cotisation-des-travailleurs-independants-autonomos\\\/\",\"name\":\"Cotisation des travailleurs ind\u00e9pendants (\\\"aut\u00f3nomos\\\") - Amedia contables espana\",\"isPartOf\":{\"@id\":\"https:\\\/\\\/amedia-contables-espana.com\\\/fr\\\/#website\"},\"primaryImageOfPage\":{\"@id\":\"https:\\\/\\\/amedia-contables-espana.com\\\/fr\\\/blog\\\/cotisation-des-travailleurs-independants-autonomos\\\/#primaryimage\"},\"image\":{\"@id\":\"https:\\\/\\\/amedia-contables-espana.com\\\/fr\\\/blog\\\/cotisation-des-travailleurs-independants-autonomos\\\/#primaryimage\"},\"thumbnailUrl\":\"\",\"datePublished\":\"2018-08-31T09:07:05+00:00\",\"author\":{\"@id\":\"https:\\\/\\\/amedia-contables-espana.com\\\/fr\\\/#\\\/schema\\\/person\\\/38062a9e6a9730a7b03e3ac2615ae6f5\"},\"breadcrumb\":{\"@id\":\"https:\\\/\\\/amedia-contables-espana.com\\\/fr\\\/blog\\\/cotisation-des-travailleurs-independants-autonomos\\\/#breadcrumb\"},\"inLanguage\":\"fr-FR\",\"potentialAction\":[{\"@type\":\"ReadAction\",\"target\":[\"https:\\\/\\\/amedia-contables-espana.com\\\/fr\\\/blog\\\/cotisation-des-travailleurs-independants-autonomos\\\/\"]}]},{\"@type\":\"ImageObject\",\"inLanguage\":\"fr-FR\",\"@id\":\"https:\\\/\\\/amedia-contables-espana.com\\\/fr\\\/blog\\\/cotisation-des-travailleurs-independants-autonomos\\\/#primaryimage\",\"url\":\"\",\"contentUrl\":\"\"},{\"@type\":\"BreadcrumbList\",\"@id\":\"https:\\\/\\\/amedia-contables-espana.com\\\/fr\\\/blog\\\/cotisation-des-travailleurs-independants-autonomos\\\/#breadcrumb\",\"itemListElement\":[{\"@type\":\"ListItem\",\"position\":1,\"name\":\"Accueil\",\"item\":\"https:\\\/\\\/amedia-contables-espana.com\\\/fr\\\/\"},{\"@type\":\"ListItem\",\"position\":2,\"name\":\"Cotisation des travailleurs ind\u00e9pendants (\u00ab\u00a0aut\u00f3nomos\u00a0\u00bb)\"}]},{\"@type\":\"WebSite\",\"@id\":\"https:\\\/\\\/amedia-contables-espana.com\\\/fr\\\/#website\",\"url\":\"https:\\\/\\\/amedia-contables-espana.com\\\/fr\\\/\",\"name\":\"Amedia contables espana\",\"description\":\"\",\"potentialAction\":[{\"@type\":\"SearchAction\",\"target\":{\"@type\":\"EntryPoint\",\"urlTemplate\":\"https:\\\/\\\/amedia-contables-espana.com\\\/fr\\\/?s={search_term_string}\"},\"query-input\":{\"@type\":\"PropertyValueSpecification\",\"valueRequired\":true,\"valueName\":\"search_term_string\"}}],\"inLanguage\":\"fr-FR\"},{\"@type\":\"Person\",\"@id\":\"https:\\\/\\\/amedia-contables-espana.com\\\/fr\\\/#\\\/schema\\\/person\\\/38062a9e6a9730a7b03e3ac2615ae6f5\",\"name\":\"Vitali\",\"sameAs\":[\"http:\\\/\\\/amedia.com\"],\"url\":\"https:\\\/\\\/amedia-contables-espana.com\\\/fr\\\/blog\\\/author\\\/admin-masonu\\\/\"}]}<\/script>\n<!-- \/ Yoast SEO plugin. -->","yoast_head_json":{"title":"Cotisation des travailleurs ind\u00e9pendants (\"aut\u00f3nomos\") - Amedia contables espana","robots":{"index":"index","follow":"follow","max-snippet":"max-snippet:-1","max-image-preview":"max-image-preview:large","max-video-preview":"max-video-preview:-1"},"canonical":"https:\/\/amedia-contables-espana.com\/fr\/blog\/cotisation-des-travailleurs-independants-autonomos\/","og_locale":"fr_FR","og_type":"article","og_title":"Cotisation des travailleurs ind\u00e9pendants (\"aut\u00f3nomos\") - Amedia contables espana","og_description":"Les nouveaux Budgets de l&rsquo;Etat approuv\u00e9s en juillet 2018 pr\u00e9voient une augmentation des bases de cotisation des travailleurs ind\u00e9pendants. Aujourd&rsquo;hui, 31 ao\u00fbt, si vous cotisez sur la base minimum et si vous ne b\u00e9n\u00e9ficiez pas de la \u00ab\u00a0tarifa plana\u00a0\u00bb, vous payerez 278,88\u20ac\/ mois au lieu de 275\u20ac\/mois. En Espagne, 65,8% des \u00ab\u00a0aut\u00f3nomos\u00a0\u00bb cotisent sur cette... Voir l'article","og_url":"https:\/\/amedia-contables-espana.com\/fr\/blog\/cotisation-des-travailleurs-independants-autonomos\/","og_site_name":"Amedia contables espana","article_published_time":"2018-08-31T09:07:05+00:00","author":"Vitali","twitter_card":"summary_large_image","twitter_misc":{"\u00c9crit par":"Vitali","Dur\u00e9e de lecture estim\u00e9e":"1 minute"},"schema":{"@context":"https:\/\/schema.org","@graph":[{"@type":"Article","@id":"https:\/\/amedia-contables-espana.com\/fr\/blog\/cotisation-des-travailleurs-independants-autonomos\/#article","isPartOf":{"@id":"https:\/\/amedia-contables-espana.com\/fr\/blog\/cotisation-des-travailleurs-independants-autonomos\/"},"author":{"name":"Vitali","@id":"https:\/\/amedia-contables-espana.com\/fr\/#\/schema\/person\/38062a9e6a9730a7b03e3ac2615ae6f5"},"headline":"Cotisation des travailleurs ind\u00e9pendants (\u00ab\u00a0aut\u00f3nomos\u00a0\u00bb)","datePublished":"2018-08-31T09:07:05+00:00","mainEntityOfPage":{"@id":"https:\/\/amedia-contables-espana.com\/fr\/blog\/cotisation-des-travailleurs-independants-autonomos\/"},"wordCount":307,"image":{"@id":"https:\/\/amedia-contables-espana.com\/fr\/blog\/cotisation-des-travailleurs-independants-autonomos\/#primaryimage"},"thumbnailUrl":"","articleSection":["Non classifi\u00e9(e)"],"inLanguage":"fr-FR"},{"@type":"WebPage","@id":"https:\/\/amedia-contables-espana.com\/fr\/blog\/cotisation-des-travailleurs-independants-autonomos\/","url":"https:\/\/amedia-contables-espana.com\/fr\/blog\/cotisation-des-travailleurs-independants-autonomos\/","name":"Cotisation des travailleurs ind\u00e9pendants (\"aut\u00f3nomos\") - Amedia contables espana","isPartOf":{"@id":"https:\/\/amedia-contables-espana.com\/fr\/#website"},"primaryImageOfPage":{"@id":"https:\/\/amedia-contables-espana.com\/fr\/blog\/cotisation-des-travailleurs-independants-autonomos\/#primaryimage"},"image":{"@id":"https:\/\/amedia-contables-espana.com\/fr\/blog\/cotisation-des-travailleurs-independants-autonomos\/#primaryimage"},"thumbnailUrl":"","datePublished":"2018-08-31T09:07:05+00:00","author":{"@id":"https:\/\/amedia-contables-espana.com\/fr\/#\/schema\/person\/38062a9e6a9730a7b03e3ac2615ae6f5"},"breadcrumb":{"@id":"https:\/\/amedia-contables-espana.com\/fr\/blog\/cotisation-des-travailleurs-independants-autonomos\/#breadcrumb"},"inLanguage":"fr-FR","potentialAction":[{"@type":"ReadAction","target":["https:\/\/amedia-contables-espana.com\/fr\/blog\/cotisation-des-travailleurs-independants-autonomos\/"]}]},{"@type":"ImageObject","inLanguage":"fr-FR","@id":"https:\/\/amedia-contables-espana.com\/fr\/blog\/cotisation-des-travailleurs-independants-autonomos\/#primaryimage","url":"","contentUrl":""},{"@type":"BreadcrumbList","@id":"https:\/\/amedia-contables-espana.com\/fr\/blog\/cotisation-des-travailleurs-independants-autonomos\/#breadcrumb","itemListElement":[{"@type":"ListItem","position":1,"name":"Accueil","item":"https:\/\/amedia-contables-espana.com\/fr\/"},{"@type":"ListItem","position":2,"name":"Cotisation des travailleurs ind\u00e9pendants (\u00ab\u00a0aut\u00f3nomos\u00a0\u00bb)"}]},{"@type":"WebSite","@id":"https:\/\/amedia-contables-espana.com\/fr\/#website","url":"https:\/\/amedia-contables-espana.com\/fr\/","name":"Amedia contables espana","description":"","potentialAction":[{"@type":"SearchAction","target":{"@type":"EntryPoint","urlTemplate":"https:\/\/amedia-contables-espana.com\/fr\/?s={search_term_string}"},"query-input":{"@type":"PropertyValueSpecification","valueRequired":true,"valueName":"search_term_string"}}],"inLanguage":"fr-FR"},{"@type":"Person","@id":"https:\/\/amedia-contables-espana.com\/fr\/#\/schema\/person\/38062a9e6a9730a7b03e3ac2615ae6f5","name":"Vitali","sameAs":["http:\/\/amedia.com"],"url":"https:\/\/amedia-contables-espana.com\/fr\/blog\/author\/admin-masonu\/"}]}},"author_meta":{"display_name":"Vitali","author_link":"https:\/\/amedia-contables-espana.com\/fr\/blog\/author\/admin-masonu\/"},"featured_img":null,"coauthors":[],"tax_additional":{"categories":{"linked":["<a href=\"https:\/\/amedia-contables-espana.com\/fr\/blog\/category\/non-classifiee\/\" class=\"advgb-post-tax-term\">Non classifi\u00e9(e)<\/a>"],"unlinked":["<span class=\"advgb-post-tax-term\">Non classifi\u00e9(e)<\/span>"]}},"comment_count":"0","relative_dates":{"created":"Publi\u00e9 8 ans il y a","modified":"Mis \u00e0 jour 8 ans il y a"},"absolute_dates":{"created":"Publi\u00e9 le 31 Ao\u00fbt 2018","modified":"Mise \u00e0 jour le 31 Ao\u00fbt 2018"},"absolute_dates_time":{"created":"Publi\u00e9 le 31 Ao\u00fbt 2018 11 h 07 min","modified":"Mise \u00e0 jour le 31 Ao\u00fbt 2018 11 h 07 min"},"featured_img_caption":"","series_order":"","_links":{"self":[{"href":"https:\/\/amedia-contables-espana.com\/fr\/wp-json\/wp\/v2\/posts\/969","targetHints":{"allow":["GET"]}}],"collection":[{"href":"https:\/\/amedia-contables-espana.com\/fr\/wp-json\/wp\/v2\/posts"}],"about":[{"href":"https:\/\/amedia-contables-espana.com\/fr\/wp-json\/wp\/v2\/types\/post"}],"author":[{"embeddable":true,"href":"https:\/\/amedia-contables-espana.com\/fr\/wp-json\/wp\/v2\/users\/3"}],"replies":[{"embeddable":true,"href":"https:\/\/amedia-contables-espana.com\/fr\/wp-json\/wp\/v2\/comments?post=969"}],"version-history":[{"count":0,"href":"https:\/\/amedia-contables-espana.com\/fr\/wp-json\/wp\/v2\/posts\/969\/revisions"}],"wp:featuredmedia":[{"embeddable":true,"href":"https:\/\/amedia-contables-espana.com\/fr\/wp-json\/wp\/v2\/pages\/970"}],"wp:attachment":[{"href":"https:\/\/amedia-contables-espana.com\/fr\/wp-json\/wp\/v2\/media?parent=969"}],"wp:term":[{"taxonomy":"category","embeddable":true,"href":"https:\/\/amedia-contables-espana.com\/fr\/wp-json\/wp\/v2\/categories?post=969"},{"taxonomy":"post_tag","embeddable":true,"href":"https:\/\/amedia-contables-espana.com\/fr\/wp-json\/wp\/v2\/tags?post=969"}],"curies":[{"name":"wp","href":"https:\/\/api.w.org\/{rel}","templated":true}]}}