{"id":941,"date":"2018-05-16T11:44:54","date_gmt":"2018-05-16T09:44:54","guid":{"rendered":"http:\/\/www.objectif-espagne.com\/?p=941"},"modified":"2020-07-10T12:47:43","modified_gmt":"2020-07-10T10:47:43","slug":"autonomo-deduire-frais-dacquisition-de-maintenance-de-vehicule","status":"publish","type":"post","link":"https:\/\/amedia-contables-espana.com\/fr\/blog\/autonomo-deduire-frais-dacquisition-de-maintenance-de-vehicule\/","title":{"rendered":"Un autonomo peut-il d\u00e9duire les frais d\u2019acquisition et de maintenance de son v\u00e9hicule ?"},"content":{"rendered":"<p>En tant qu\u2019autonomo vous poss\u00e9dez certainement un v\u00e9hicule. Afin de faire des \u00e9conomies d\u2019imp\u00f4t, il est important de savoir quels frais sont d\u00e9ductibles, et \u00e0 quelle hauteur.<\/p>\n<p>Les frais pouvant \u00eatre d\u00e9ductibles sont tous les frais li\u00e9s au v\u00e9hicule, c\u2019est-\u00e0-dire, les frais d\u2019acquisition, les frais de parking, les p\u00e9ages, les frais d\u2019essence, les frais de maintenance et de r\u00e9paration.<\/p>\n<p>En plus de respecter les conditions relatives \u00e0 la TVA et \u00e0 l\u2019IRPF d\u00e9taill\u00e9es plus bas, pour qu\u2019un frais li\u00e9 \u00e0 votre v\u00e9hicule soit d\u00e9ductible, il faut imp\u00e9rativement remplir 3 conditions cumulatives<\/p>\n<ul>\n<li>Le v\u00e9hicule doit obligatoirement \u00eatre li\u00e9 \u00e0 l\u2019activit\u00e9 professionnelle<\/li>\n<li>Les frais doivent \u00eatre justifi\u00e9s\u00a0: factures ou re\u00e7us<\/li>\n<li>Les frais doivent \u00eatre enregistr\u00e9s comptablement<\/li>\n<\/ul>\n<h2>En ce qui concerne la d\u00e9ductibilit\u00e9 de la TVA :<\/h2>\n<p>La loi sur la TVA pr\u00e9cise qu\u2019un autonomo peut d\u00e9duire entre 50% et 100% de la TVA des frais li\u00e9s au v\u00e9hicule en fonction du pourcentage d\u2019affectation de celui-ci \u00e0 votre activit\u00e9.<\/p>\n<p>Au moment de l\u2019achat du v\u00e9hicule, vous pouvez, en tant qu\u2019autonomo, d\u00e9duire 50% de la TVA vers\u00e9e d\u00e8s lors que vous utilisez votre v\u00e9hicule pour votre activit\u00e9. Il faudra justifier que vous vous d\u00e9placez en voiture pour obtenir vos revenus et facturer \u00e0 vos clients.<\/p>\n<p>Dans certains cas, il sera possible de d\u00e9duire l\u2019int\u00e9gralit\u00e9 de la TVA support\u00e9e au moment de l\u2019achat et pour la maintenance de votre v\u00e9hicule.<\/p>\n<p>Il faudra que le v\u00e9hicule soit utilis\u00e9 exclusivement pour votre activit\u00e9 et non \u00e0 titre personnel.<\/p>\n<p>Il s\u2019agit par exemple des v\u00e9hicules utilis\u00e9s pour le transport de marchandise ou de personne ou encore des v\u00e9hicules des commerciaux.<\/p>\n<h2>En ce qui concerne la d\u00e9ductibilit\u00e9 de l\u2019imp\u00f4t sur le revenu\u00a0:<\/h2>\n<p>La loi sur l\u2019IRPF permet uniquement de d\u00e9duire 100% des frais ou aucun. Il n\u2019est pas possible de d\u00e9duire 50% des frais li\u00e9s au v\u00e9hicule lorsque son utilisation est mixte (professionnelle et personnelle).<\/p>\n<p>Au niveau de l\u2019imp\u00f4t sur le revenu, il n\u2019est donc pas possible de d\u00e9duire la moiti\u00e9 des frais. Seules deux situations existent\u00a0:<\/p>\n<ul>\n<li>Soit votre v\u00e9hicule est exclusivement li\u00e9 \u00e0 votre activit\u00e9 professionnelle ce qui vous permet de d\u00e9duire 100% des frais de l\u2019IRPF\u00a0;<\/li>\n<li>Soit votre v\u00e9hicule est utilis\u00e9 \u00e0 titre personnel et professionnelle ce qui ne vous permet pas de d\u00e9duire les frais de l\u2019IRPF.<\/li>\n<\/ul>\n<p>Un v\u00e9hicule affect\u00e9 exclusivement \u00e0 l\u2019activit\u00e9 professionnelle est un v\u00e9hicule utilis\u00e9 exclusivement, \u00e0 100%, pour votre travail.<\/p>\n<p>Encore une fois, il s\u2019agit par exemple des v\u00e9hicules utilis\u00e9s pour le transport de marchandise ou de personne ou des v\u00e9hicules des commerciaux.<\/p>\n","protected":false},"excerpt":{"rendered":"En tant qu\u2019autonomo vous poss\u00e9dez certainement un v\u00e9hicule. Afin de faire des \u00e9conomies d\u2019imp\u00f4t, il est important de savoir quels frais sont d\u00e9ductibles, et \u00e0 quelle hauteur. Les frais pouvant \u00eatre d\u00e9ductibles sont tous les frais li\u00e9s au v\u00e9hicule, c\u2019est-\u00e0-dire, les frais d\u2019acquisition, les frais de parking, les p\u00e9ages, les frais d\u2019essence, les frais de&#8230; <a class=\"view-article\" href=\"https:\/\/amedia-contables-espana.com\/fr\/blog\/autonomo-deduire-frais-dacquisition-de-maintenance-de-vehicule\/\">Voir l&rsquo;article<\/a>","protected":false},"author":3,"featured_media":944,"comment_status":"closed","ping_status":"open","sticky":false,"template":"","format":"aside","meta":{"advgb_blocks_editor_width":"","advgb_blocks_columns_visual_guide":"","footnotes":""},"categories":[1],"tags":[],"class_list":["post-941","post","type-post","status-publish","format-aside","has-post-thumbnail","hentry","category-non-classifiee","post_format-post-format-aside"],"yoast_head":"<!-- This site is optimized with the Yoast SEO plugin v28.2 - https:\/\/yoast.com\/product\/yoast-seo-wordpress\/ -->\n<title>Un autonomo peut-il d\u00e9duire les frais d\u2019acquisition et de maintenance de son v\u00e9hicule ? - Amedia contables espana<\/title>\n<meta name=\"description\" content=\"En tant qu\u2019autonomo vous poss\u00e9dez certainement un v\u00e9hicule. Afin de faire des \u00e9conomies d\u2019imp\u00f4t, il est important de savoir quels frais sont d\u00e9ductibles, et \u00e0 quelle hauteur.\" \/>\n<meta name=\"robots\" content=\"index, follow, max-snippet:-1, max-image-preview:large, max-video-preview:-1\" \/>\n<link rel=\"canonical\" href=\"https:\/\/amedia-contables-espana.com\/fr\/blog\/autonomo-deduire-frais-dacquisition-de-maintenance-de-vehicule\/\" \/>\n<meta property=\"og:locale\" content=\"fr_FR\" \/>\n<meta property=\"og:type\" content=\"article\" \/>\n<meta property=\"og:title\" content=\"Un autonomo peut-il d\u00e9duire les frais d\u2019acquisition et de maintenance de son v\u00e9hicule ? - Amedia contables espana\" \/>\n<meta property=\"og:description\" content=\"En tant qu\u2019autonomo vous poss\u00e9dez certainement un v\u00e9hicule. Afin de faire des \u00e9conomies d\u2019imp\u00f4t, il est important de savoir quels frais sont d\u00e9ductibles, et \u00e0 quelle hauteur.\" \/>\n<meta property=\"og:url\" content=\"https:\/\/amedia-contables-espana.com\/fr\/blog\/autonomo-deduire-frais-dacquisition-de-maintenance-de-vehicule\/\" \/>\n<meta property=\"og:site_name\" content=\"Amedia contables espana\" \/>\n<meta property=\"article:published_time\" content=\"2018-05-16T09:44:54+00:00\" \/>\n<meta property=\"article:modified_time\" content=\"2020-07-10T10:47:43+00:00\" \/>\n<meta name=\"author\" content=\"Vitali\" \/>\n<meta name=\"twitter:card\" content=\"summary_large_image\" \/>\n<meta name=\"twitter:label1\" content=\"\u00c9crit par\" \/>\n\t<meta name=\"twitter:data1\" content=\"Vitali\" \/>\n\t<meta name=\"twitter:label2\" content=\"Dur\u00e9e de lecture estim\u00e9e\" \/>\n\t<meta name=\"twitter:data2\" content=\"2 minutes\" \/>\n<script type=\"application\/ld+json\" class=\"yoast-schema-graph\">{\"@context\":\"https:\\\/\\\/schema.org\",\"@graph\":[{\"@type\":\"Article\",\"@id\":\"https:\\\/\\\/amedia-contables-espana.com\\\/fr\\\/blog\\\/autonomo-deduire-frais-dacquisition-de-maintenance-de-vehicule\\\/#article\",\"isPartOf\":{\"@id\":\"https:\\\/\\\/amedia-contables-espana.com\\\/fr\\\/blog\\\/autonomo-deduire-frais-dacquisition-de-maintenance-de-vehicule\\\/\"},\"author\":{\"name\":\"Vitali\",\"@id\":\"https:\\\/\\\/amedia-contables-espana.com\\\/fr\\\/#\\\/schema\\\/person\\\/38062a9e6a9730a7b03e3ac2615ae6f5\"},\"headline\":\"Un autonomo peut-il d\u00e9duire les frais d\u2019acquisition et de maintenance de son v\u00e9hicule ?\",\"datePublished\":\"2018-05-16T09:44:54+00:00\",\"dateModified\":\"2020-07-10T10:47:43+00:00\",\"mainEntityOfPage\":{\"@id\":\"https:\\\/\\\/amedia-contables-espana.com\\\/fr\\\/blog\\\/autonomo-deduire-frais-dacquisition-de-maintenance-de-vehicule\\\/\"},\"wordCount\":485,\"image\":{\"@id\":\"https:\\\/\\\/amedia-contables-espana.com\\\/fr\\\/blog\\\/autonomo-deduire-frais-dacquisition-de-maintenance-de-vehicule\\\/#primaryimage\"},\"thumbnailUrl\":\"\",\"articleSection\":[\"Non classifi\u00e9(e)\"],\"inLanguage\":\"fr-FR\"},{\"@type\":\"WebPage\",\"@id\":\"https:\\\/\\\/amedia-contables-espana.com\\\/fr\\\/blog\\\/autonomo-deduire-frais-dacquisition-de-maintenance-de-vehicule\\\/\",\"url\":\"https:\\\/\\\/amedia-contables-espana.com\\\/fr\\\/blog\\\/autonomo-deduire-frais-dacquisition-de-maintenance-de-vehicule\\\/\",\"name\":\"Un autonomo peut-il d\u00e9duire les frais d\u2019acquisition et de maintenance de son v\u00e9hicule ? - Amedia contables espana\",\"isPartOf\":{\"@id\":\"https:\\\/\\\/amedia-contables-espana.com\\\/fr\\\/#website\"},\"primaryImageOfPage\":{\"@id\":\"https:\\\/\\\/amedia-contables-espana.com\\\/fr\\\/blog\\\/autonomo-deduire-frais-dacquisition-de-maintenance-de-vehicule\\\/#primaryimage\"},\"image\":{\"@id\":\"https:\\\/\\\/amedia-contables-espana.com\\\/fr\\\/blog\\\/autonomo-deduire-frais-dacquisition-de-maintenance-de-vehicule\\\/#primaryimage\"},\"thumbnailUrl\":\"\",\"datePublished\":\"2018-05-16T09:44:54+00:00\",\"dateModified\":\"2020-07-10T10:47:43+00:00\",\"author\":{\"@id\":\"https:\\\/\\\/amedia-contables-espana.com\\\/fr\\\/#\\\/schema\\\/person\\\/38062a9e6a9730a7b03e3ac2615ae6f5\"},\"description\":\"En tant qu\u2019autonomo vous poss\u00e9dez certainement un v\u00e9hicule. Afin de faire des \u00e9conomies d\u2019imp\u00f4t, il est important de savoir quels frais sont d\u00e9ductibles, et \u00e0 quelle hauteur.\",\"breadcrumb\":{\"@id\":\"https:\\\/\\\/amedia-contables-espana.com\\\/fr\\\/blog\\\/autonomo-deduire-frais-dacquisition-de-maintenance-de-vehicule\\\/#breadcrumb\"},\"inLanguage\":\"fr-FR\",\"potentialAction\":[{\"@type\":\"ReadAction\",\"target\":[\"https:\\\/\\\/amedia-contables-espana.com\\\/fr\\\/blog\\\/autonomo-deduire-frais-dacquisition-de-maintenance-de-vehicule\\\/\"]}]},{\"@type\":\"ImageObject\",\"inLanguage\":\"fr-FR\",\"@id\":\"https:\\\/\\\/amedia-contables-espana.com\\\/fr\\\/blog\\\/autonomo-deduire-frais-dacquisition-de-maintenance-de-vehicule\\\/#primaryimage\",\"url\":\"\",\"contentUrl\":\"\"},{\"@type\":\"BreadcrumbList\",\"@id\":\"https:\\\/\\\/amedia-contables-espana.com\\\/fr\\\/blog\\\/autonomo-deduire-frais-dacquisition-de-maintenance-de-vehicule\\\/#breadcrumb\",\"itemListElement\":[{\"@type\":\"ListItem\",\"position\":1,\"name\":\"Accueil\",\"item\":\"https:\\\/\\\/amedia-contables-espana.com\\\/fr\\\/\"},{\"@type\":\"ListItem\",\"position\":2,\"name\":\"Un autonomo peut-il d\u00e9duire les frais d\u2019acquisition et de maintenance de son v\u00e9hicule ?\"}]},{\"@type\":\"WebSite\",\"@id\":\"https:\\\/\\\/amedia-contables-espana.com\\\/fr\\\/#website\",\"url\":\"https:\\\/\\\/amedia-contables-espana.com\\\/fr\\\/\",\"name\":\"Amedia contables espana\",\"description\":\"\",\"potentialAction\":[{\"@type\":\"SearchAction\",\"target\":{\"@type\":\"EntryPoint\",\"urlTemplate\":\"https:\\\/\\\/amedia-contables-espana.com\\\/fr\\\/?s={search_term_string}\"},\"query-input\":{\"@type\":\"PropertyValueSpecification\",\"valueRequired\":true,\"valueName\":\"search_term_string\"}}],\"inLanguage\":\"fr-FR\"},{\"@type\":\"Person\",\"@id\":\"https:\\\/\\\/amedia-contables-espana.com\\\/fr\\\/#\\\/schema\\\/person\\\/38062a9e6a9730a7b03e3ac2615ae6f5\",\"name\":\"Vitali\",\"sameAs\":[\"http:\\\/\\\/amedia.com\"],\"url\":\"https:\\\/\\\/amedia-contables-espana.com\\\/fr\\\/blog\\\/author\\\/admin-masonu\\\/\"}]}<\/script>\n<!-- \/ Yoast SEO plugin. -->","yoast_head_json":{"title":"Un autonomo peut-il d\u00e9duire les frais d\u2019acquisition et de maintenance de son v\u00e9hicule ? - Amedia contables espana","description":"En tant qu\u2019autonomo vous poss\u00e9dez certainement un v\u00e9hicule. Afin de faire des \u00e9conomies d\u2019imp\u00f4t, il est important de savoir quels frais sont d\u00e9ductibles, et \u00e0 quelle hauteur.","robots":{"index":"index","follow":"follow","max-snippet":"max-snippet:-1","max-image-preview":"max-image-preview:large","max-video-preview":"max-video-preview:-1"},"canonical":"https:\/\/amedia-contables-espana.com\/fr\/blog\/autonomo-deduire-frais-dacquisition-de-maintenance-de-vehicule\/","og_locale":"fr_FR","og_type":"article","og_title":"Un autonomo peut-il d\u00e9duire les frais d\u2019acquisition et de maintenance de son v\u00e9hicule ? - Amedia contables espana","og_description":"En tant qu\u2019autonomo vous poss\u00e9dez certainement un v\u00e9hicule. Afin de faire des \u00e9conomies d\u2019imp\u00f4t, il est important de savoir quels frais sont d\u00e9ductibles, et \u00e0 quelle hauteur.","og_url":"https:\/\/amedia-contables-espana.com\/fr\/blog\/autonomo-deduire-frais-dacquisition-de-maintenance-de-vehicule\/","og_site_name":"Amedia contables espana","article_published_time":"2018-05-16T09:44:54+00:00","article_modified_time":"2020-07-10T10:47:43+00:00","author":"Vitali","twitter_card":"summary_large_image","twitter_misc":{"\u00c9crit par":"Vitali","Dur\u00e9e de lecture estim\u00e9e":"2 minutes"},"schema":{"@context":"https:\/\/schema.org","@graph":[{"@type":"Article","@id":"https:\/\/amedia-contables-espana.com\/fr\/blog\/autonomo-deduire-frais-dacquisition-de-maintenance-de-vehicule\/#article","isPartOf":{"@id":"https:\/\/amedia-contables-espana.com\/fr\/blog\/autonomo-deduire-frais-dacquisition-de-maintenance-de-vehicule\/"},"author":{"name":"Vitali","@id":"https:\/\/amedia-contables-espana.com\/fr\/#\/schema\/person\/38062a9e6a9730a7b03e3ac2615ae6f5"},"headline":"Un autonomo peut-il d\u00e9duire les frais d\u2019acquisition et de maintenance de son v\u00e9hicule ?","datePublished":"2018-05-16T09:44:54+00:00","dateModified":"2020-07-10T10:47:43+00:00","mainEntityOfPage":{"@id":"https:\/\/amedia-contables-espana.com\/fr\/blog\/autonomo-deduire-frais-dacquisition-de-maintenance-de-vehicule\/"},"wordCount":485,"image":{"@id":"https:\/\/amedia-contables-espana.com\/fr\/blog\/autonomo-deduire-frais-dacquisition-de-maintenance-de-vehicule\/#primaryimage"},"thumbnailUrl":"","articleSection":["Non classifi\u00e9(e)"],"inLanguage":"fr-FR"},{"@type":"WebPage","@id":"https:\/\/amedia-contables-espana.com\/fr\/blog\/autonomo-deduire-frais-dacquisition-de-maintenance-de-vehicule\/","url":"https:\/\/amedia-contables-espana.com\/fr\/blog\/autonomo-deduire-frais-dacquisition-de-maintenance-de-vehicule\/","name":"Un autonomo peut-il d\u00e9duire les frais d\u2019acquisition et de maintenance de son v\u00e9hicule ? - Amedia contables espana","isPartOf":{"@id":"https:\/\/amedia-contables-espana.com\/fr\/#website"},"primaryImageOfPage":{"@id":"https:\/\/amedia-contables-espana.com\/fr\/blog\/autonomo-deduire-frais-dacquisition-de-maintenance-de-vehicule\/#primaryimage"},"image":{"@id":"https:\/\/amedia-contables-espana.com\/fr\/blog\/autonomo-deduire-frais-dacquisition-de-maintenance-de-vehicule\/#primaryimage"},"thumbnailUrl":"","datePublished":"2018-05-16T09:44:54+00:00","dateModified":"2020-07-10T10:47:43+00:00","author":{"@id":"https:\/\/amedia-contables-espana.com\/fr\/#\/schema\/person\/38062a9e6a9730a7b03e3ac2615ae6f5"},"description":"En tant qu\u2019autonomo vous poss\u00e9dez certainement un v\u00e9hicule. Afin de faire des \u00e9conomies d\u2019imp\u00f4t, il est important de savoir quels frais sont d\u00e9ductibles, et \u00e0 quelle hauteur.","breadcrumb":{"@id":"https:\/\/amedia-contables-espana.com\/fr\/blog\/autonomo-deduire-frais-dacquisition-de-maintenance-de-vehicule\/#breadcrumb"},"inLanguage":"fr-FR","potentialAction":[{"@type":"ReadAction","target":["https:\/\/amedia-contables-espana.com\/fr\/blog\/autonomo-deduire-frais-dacquisition-de-maintenance-de-vehicule\/"]}]},{"@type":"ImageObject","inLanguage":"fr-FR","@id":"https:\/\/amedia-contables-espana.com\/fr\/blog\/autonomo-deduire-frais-dacquisition-de-maintenance-de-vehicule\/#primaryimage","url":"","contentUrl":""},{"@type":"BreadcrumbList","@id":"https:\/\/amedia-contables-espana.com\/fr\/blog\/autonomo-deduire-frais-dacquisition-de-maintenance-de-vehicule\/#breadcrumb","itemListElement":[{"@type":"ListItem","position":1,"name":"Accueil","item":"https:\/\/amedia-contables-espana.com\/fr\/"},{"@type":"ListItem","position":2,"name":"Un autonomo peut-il d\u00e9duire les frais d\u2019acquisition et de maintenance de son v\u00e9hicule ?"}]},{"@type":"WebSite","@id":"https:\/\/amedia-contables-espana.com\/fr\/#website","url":"https:\/\/amedia-contables-espana.com\/fr\/","name":"Amedia contables espana","description":"","potentialAction":[{"@type":"SearchAction","target":{"@type":"EntryPoint","urlTemplate":"https:\/\/amedia-contables-espana.com\/fr\/?s={search_term_string}"},"query-input":{"@type":"PropertyValueSpecification","valueRequired":true,"valueName":"search_term_string"}}],"inLanguage":"fr-FR"},{"@type":"Person","@id":"https:\/\/amedia-contables-espana.com\/fr\/#\/schema\/person\/38062a9e6a9730a7b03e3ac2615ae6f5","name":"Vitali","sameAs":["http:\/\/amedia.com"],"url":"https:\/\/amedia-contables-espana.com\/fr\/blog\/author\/admin-masonu\/"}]}},"author_meta":{"display_name":"Vitali","author_link":"https:\/\/amedia-contables-espana.com\/fr\/blog\/author\/admin-masonu\/"},"featured_img":null,"coauthors":[],"tax_additional":{"categories":{"linked":["<a href=\"https:\/\/amedia-contables-espana.com\/fr\/blog\/category\/non-classifiee\/\" class=\"advgb-post-tax-term\">Non classifi\u00e9(e)<\/a>"],"unlinked":["<span class=\"advgb-post-tax-term\">Non classifi\u00e9(e)<\/span>"]}},"comment_count":"0","relative_dates":{"created":"Publi\u00e9 8 ans il y a","modified":"Mis \u00e0 jour 6 ans il y a"},"absolute_dates":{"created":"Publi\u00e9 le 16 Mai 2018","modified":"Mise \u00e0 jour le 10 Juillet 2020"},"absolute_dates_time":{"created":"Publi\u00e9 le 16 Mai 2018 11 h 44 min","modified":"Mise \u00e0 jour le 10 Juillet 2020 12 h 47 min"},"featured_img_caption":"","series_order":"","_links":{"self":[{"href":"https:\/\/amedia-contables-espana.com\/fr\/wp-json\/wp\/v2\/posts\/941","targetHints":{"allow":["GET"]}}],"collection":[{"href":"https:\/\/amedia-contables-espana.com\/fr\/wp-json\/wp\/v2\/posts"}],"about":[{"href":"https:\/\/amedia-contables-espana.com\/fr\/wp-json\/wp\/v2\/types\/post"}],"author":[{"embeddable":true,"href":"https:\/\/amedia-contables-espana.com\/fr\/wp-json\/wp\/v2\/users\/3"}],"replies":[{"embeddable":true,"href":"https:\/\/amedia-contables-espana.com\/fr\/wp-json\/wp\/v2\/comments?post=941"}],"version-history":[{"count":3,"href":"https:\/\/amedia-contables-espana.com\/fr\/wp-json\/wp\/v2\/posts\/941\/revisions"}],"predecessor-version":[{"id":991,"href":"https:\/\/amedia-contables-espana.com\/fr\/wp-json\/wp\/v2\/posts\/941\/revisions\/991"}],"wp:featuredmedia":[{"embeddable":true,"href":"https:\/\/amedia-contables-espana.com\/fr\/wp-json\/"}],"wp:attachment":[{"href":"https:\/\/amedia-contables-espana.com\/fr\/wp-json\/wp\/v2\/media?parent=941"}],"wp:term":[{"taxonomy":"category","embeddable":true,"href":"https:\/\/amedia-contables-espana.com\/fr\/wp-json\/wp\/v2\/categories?post=941"},{"taxonomy":"post_tag","embeddable":true,"href":"https:\/\/amedia-contables-espana.com\/fr\/wp-json\/wp\/v2\/tags?post=941"}],"curies":[{"name":"wp","href":"https:\/\/api.w.org\/{rel}","templated":true}]}}