{"id":938,"date":"2018-05-03T12:06:56","date_gmt":"2018-05-03T10:06:56","guid":{"rendered":"http:\/\/www.objectif-espagne.com\/?p=938"},"modified":"2020-07-10T12:51:27","modified_gmt":"2020-07-10T10:51:27","slug":"impatries-beneficiant-regime-special-travailleurs-deplaces-doivent-presenter-declaration-de-revenus-dimpot-patrimoine","status":"publish","type":"post","link":"https:\/\/amedia-contables-espana.com\/fr\/blog\/impatries-beneficiant-regime-special-travailleurs-deplaces-doivent-presenter-declaration-de-revenus-dimpot-patrimoine\/","title":{"rendered":"Les impatri\u00e9s b\u00e9n\u00e9ficiant du r\u00e9gime sp\u00e9cial des travailleurs d\u00e9plac\u00e9s doivent-ils pr\u00e9senter une d\u00e9claration de revenus et d\u2019imp\u00f4t sur le patrimoine ?"},"content":{"rendered":"<p>R\u00e9cemment install\u00e9 en Espagne, vous \u00eates sous le r\u00e9gime des travailleurs d\u00e9plac\u00e9s, \u00e9galement connu sous le nom de <a href=\"https:\/\/experts-comptables-espagne.com\/loi-beckham\/\">\u00ab\u00a0loi Beckham\u00a0\u00bb<\/a>.<\/p>\n<p>Pour rappel, ce r\u00e9gime mis en place par le gouvernement espagnol il y a quelques ann\u00e9es est un traitement avantageux propos\u00e9 aux nouveaux r\u00e9sidents espagnols percevant des revenus confortables.<\/p>\n<p>Si vous respecter les conditions d\u2019\u00e9ligibilit\u00e9, vous pourrez alors choisir d\u2019\u00eatre impos\u00e9 au taux fixe de 24% plut\u00f4t que selon le r\u00e9gime normal fix\u00e9 par la loi IRPF (imp\u00f4t sur le revenu des personnes physiques), c\u2019est-\u00e0-dire selon le bar\u00e8me progressif d\u2019imposition.<\/p>\n<p>&nbsp;<\/p>\n<h2>D\u00e9claration de revenus\u00a0: Modelo 151<\/h2>\n<p>En Espagne, les contribuables doivent pr\u00e9senter chaque ann\u00e9e une d\u00e9claration de revenus. Les impatri\u00e9s soumis au r\u00e9gime sp\u00e9cial des travailleurs d\u00e9plac\u00e9s en sont \u00e9galement tenus.<\/p>\n<p>En revanche, le mod\u00e8le \u00e0 utiliser diff\u00e8re alors du mod\u00e8le g\u00e9n\u00e9ral. Il vous faudra pr\u00e9senter le mod\u00e8le sp\u00e9cial n\u00b0151.<\/p>\n<p>C\u2019est par le biais de ce mod\u00e8le que vous allez d\u00e9clarer les revenus per\u00e7us l\u2019ann\u00e9e pr\u00e9c\u00e9dente\u00a0:<\/p>\n<ul>\n<li>Les revenus du travail sont impos\u00e9s au taux fixe de 24%*<\/li>\n<\/ul>\n<p>*jusqu\u2019\u00e0 600.000\u20ac et au-del\u00e0 au taux de 45%.<\/p>\n<ul>\n<li>Les revenus de capitaux obtenus en Espagne sont impos\u00e9s entre 19% et 23%.<\/li>\n<\/ul>\n<p>&nbsp;<\/p>\n<h2>D\u00e9claration de patrimoine : Modelo 714<\/h2>\n<p>Par principe, les contribuables espagnols pr\u00e9sentent une d\u00e9claration de patrimoine pour l\u2019ensemble de leurs biens. C\u2019est-\u00e0-dire qu\u2019ils sont impos\u00e9s ind\u00e9pendamment du pays dans lesquels sont situ\u00e9s les biens (en Espagne, dans l\u2019Union Europ\u00e9enne ou \u00e0 l\u2019international).<\/p>\n<p>Encore une fois, les b\u00e9n\u00e9ficiaires du r\u00e9gime sp\u00e9cial des travailleurs d\u00e9plac\u00e9s sont avantag\u00e9s puisqu\u2019ils sont impos\u00e9s uniquement sur leur patrimoine espagnol.<\/p>\n<p>Autrement dit, en tant qu&rsquo;impatri\u00e9, vous n\u2019aurez pas \u00e0 d\u00e9clarer les biens que vous poss\u00e9dez en dehors du territoire espagnol.<\/p>\n<p>De la m\u00eame mani\u00e8re, les biens pris en compte pour le calcul de votre patrimoine net, qui sert \u00e0 d\u00e9terminer si vous \u00eates imposables \u00e0 l\u2019imp\u00f4t sur le patrimoine ou non, sont uniquement les biens situ\u00e9s en Espagne.<\/p>\n<p>\u00c0 ce titre, il est important de noter qu\u2019\u00e0 la fin de la p\u00e9riode d\u2019application du r\u00e9gime des travailleurs d\u00e9plac\u00e9s, vous serez impos\u00e9 sur l\u2019ensemble de votre patrimoine mondial.<\/p>\n<p>N\u2019h\u00e9sitez pas \u00e0 faire appel \u00e0 un fiscaliste pour v\u00e9rifier si vous \u00eates soumis, ou non, \u00e0 l\u2019imp\u00f4t sur le patrimoine.<\/p>\n","protected":false},"excerpt":{"rendered":"R\u00e9cemment install\u00e9 en Espagne, vous \u00eates sous le r\u00e9gime des travailleurs d\u00e9plac\u00e9s, \u00e9galement connu sous le nom de \u00ab\u00a0loi Beckham\u00a0\u00bb. Pour rappel, ce r\u00e9gime mis en place par le gouvernement espagnol il y a quelques ann\u00e9es est un traitement avantageux propos\u00e9 aux nouveaux r\u00e9sidents espagnols percevant des revenus confortables. Si vous respecter les conditions d\u2019\u00e9ligibilit\u00e9,&#8230; <a class=\"view-article\" href=\"https:\/\/amedia-contables-espana.com\/fr\/blog\/impatries-beneficiant-regime-special-travailleurs-deplaces-doivent-presenter-declaration-de-revenus-dimpot-patrimoine\/\">Voir l&rsquo;article<\/a>","protected":false},"author":3,"featured_media":939,"comment_status":"closed","ping_status":"open","sticky":false,"template":"","format":"standard","meta":{"advgb_blocks_editor_width":"","advgb_blocks_columns_visual_guide":"","footnotes":""},"categories":[1],"tags":[],"class_list":["post-938","post","type-post","status-publish","format-standard","has-post-thumbnail","hentry","category-non-classifiee"],"yoast_head":"<!-- This site is optimized with the Yoast SEO plugin v28.2 - https:\/\/yoast.com\/product\/yoast-seo-wordpress\/ -->\n<title>Les impatri\u00e9s b\u00e9n\u00e9ficiant du r\u00e9gime sp\u00e9cial des travailleurs d\u00e9plac\u00e9s doivent-ils pr\u00e9senter une d\u00e9claration de revenus et d\u2019imp\u00f4t sur le patrimoine ? - Amedia contables espana<\/title>\n<meta name=\"description\" content=\"R\u00e9cemment install\u00e9 en Espagne, vous \u00eates sous le r\u00e9gime des travailleurs d\u00e9plac\u00e9s, \u00e9galement connu sous le nom de \u00ab\u00a0loi Beckham\u00a0\u00bb\" \/>\n<meta name=\"robots\" content=\"index, follow, max-snippet:-1, max-image-preview:large, max-video-preview:-1\" \/>\n<link rel=\"canonical\" href=\"https:\/\/amedia-contables-espana.com\/fr\/blog\/impatries-beneficiant-regime-special-travailleurs-deplaces-doivent-presenter-declaration-de-revenus-dimpot-patrimoine\/\" \/>\n<meta property=\"og:locale\" content=\"fr_FR\" \/>\n<meta property=\"og:type\" content=\"article\" \/>\n<meta property=\"og:title\" content=\"Les impatri\u00e9s b\u00e9n\u00e9ficiant du r\u00e9gime sp\u00e9cial des travailleurs d\u00e9plac\u00e9s doivent-ils pr\u00e9senter une d\u00e9claration de revenus et d\u2019imp\u00f4t sur le patrimoine ? - Amedia contables espana\" \/>\n<meta property=\"og:description\" content=\"R\u00e9cemment install\u00e9 en Espagne, vous \u00eates sous le r\u00e9gime des travailleurs d\u00e9plac\u00e9s, \u00e9galement connu sous le nom de \u00ab\u00a0loi Beckham\u00a0\u00bb\" \/>\n<meta property=\"og:url\" content=\"https:\/\/amedia-contables-espana.com\/fr\/blog\/impatries-beneficiant-regime-special-travailleurs-deplaces-doivent-presenter-declaration-de-revenus-dimpot-patrimoine\/\" \/>\n<meta property=\"og:site_name\" content=\"Amedia contables espana\" \/>\n<meta property=\"article:published_time\" content=\"2018-05-03T10:06:56+00:00\" \/>\n<meta property=\"article:modified_time\" content=\"2020-07-10T10:51:27+00:00\" \/>\n<meta name=\"author\" content=\"Vitali\" \/>\n<meta name=\"twitter:card\" content=\"summary_large_image\" \/>\n<meta name=\"twitter:label1\" content=\"\u00c9crit par\" \/>\n\t<meta name=\"twitter:data1\" content=\"Vitali\" \/>\n\t<meta name=\"twitter:label2\" content=\"Dur\u00e9e de lecture estim\u00e9e\" \/>\n\t<meta name=\"twitter:data2\" content=\"2 minutes\" \/>\n<script type=\"application\/ld+json\" class=\"yoast-schema-graph\">{\"@context\":\"https:\\\/\\\/schema.org\",\"@graph\":[{\"@type\":\"Article\",\"@id\":\"https:\\\/\\\/amedia-contables-espana.com\\\/fr\\\/blog\\\/impatries-beneficiant-regime-special-travailleurs-deplaces-doivent-presenter-declaration-de-revenus-dimpot-patrimoine\\\/#article\",\"isPartOf\":{\"@id\":\"https:\\\/\\\/amedia-contables-espana.com\\\/fr\\\/blog\\\/impatries-beneficiant-regime-special-travailleurs-deplaces-doivent-presenter-declaration-de-revenus-dimpot-patrimoine\\\/\"},\"author\":{\"name\":\"Vitali\",\"@id\":\"https:\\\/\\\/amedia-contables-espana.com\\\/fr\\\/#\\\/schema\\\/person\\\/38062a9e6a9730a7b03e3ac2615ae6f5\"},\"headline\":\"Les impatri\u00e9s b\u00e9n\u00e9ficiant du r\u00e9gime sp\u00e9cial des travailleurs d\u00e9plac\u00e9s doivent-ils pr\u00e9senter une d\u00e9claration de revenus et d\u2019imp\u00f4t sur le patrimoine ?\",\"datePublished\":\"2018-05-03T10:06:56+00:00\",\"dateModified\":\"2020-07-10T10:51:27+00:00\",\"mainEntityOfPage\":{\"@id\":\"https:\\\/\\\/amedia-contables-espana.com\\\/fr\\\/blog\\\/impatries-beneficiant-regime-special-travailleurs-deplaces-doivent-presenter-declaration-de-revenus-dimpot-patrimoine\\\/\"},\"wordCount\":459,\"image\":{\"@id\":\"https:\\\/\\\/amedia-contables-espana.com\\\/fr\\\/blog\\\/impatries-beneficiant-regime-special-travailleurs-deplaces-doivent-presenter-declaration-de-revenus-dimpot-patrimoine\\\/#primaryimage\"},\"thumbnailUrl\":\"\",\"articleSection\":[\"Non classifi\u00e9(e)\"],\"inLanguage\":\"fr-FR\"},{\"@type\":\"WebPage\",\"@id\":\"https:\\\/\\\/amedia-contables-espana.com\\\/fr\\\/blog\\\/impatries-beneficiant-regime-special-travailleurs-deplaces-doivent-presenter-declaration-de-revenus-dimpot-patrimoine\\\/\",\"url\":\"https:\\\/\\\/amedia-contables-espana.com\\\/fr\\\/blog\\\/impatries-beneficiant-regime-special-travailleurs-deplaces-doivent-presenter-declaration-de-revenus-dimpot-patrimoine\\\/\",\"name\":\"Les impatri\u00e9s b\u00e9n\u00e9ficiant du r\u00e9gime sp\u00e9cial des travailleurs d\u00e9plac\u00e9s doivent-ils pr\u00e9senter une d\u00e9claration de revenus et d\u2019imp\u00f4t sur le patrimoine ? - Amedia contables espana\",\"isPartOf\":{\"@id\":\"https:\\\/\\\/amedia-contables-espana.com\\\/fr\\\/#website\"},\"primaryImageOfPage\":{\"@id\":\"https:\\\/\\\/amedia-contables-espana.com\\\/fr\\\/blog\\\/impatries-beneficiant-regime-special-travailleurs-deplaces-doivent-presenter-declaration-de-revenus-dimpot-patrimoine\\\/#primaryimage\"},\"image\":{\"@id\":\"https:\\\/\\\/amedia-contables-espana.com\\\/fr\\\/blog\\\/impatries-beneficiant-regime-special-travailleurs-deplaces-doivent-presenter-declaration-de-revenus-dimpot-patrimoine\\\/#primaryimage\"},\"thumbnailUrl\":\"\",\"datePublished\":\"2018-05-03T10:06:56+00:00\",\"dateModified\":\"2020-07-10T10:51:27+00:00\",\"author\":{\"@id\":\"https:\\\/\\\/amedia-contables-espana.com\\\/fr\\\/#\\\/schema\\\/person\\\/38062a9e6a9730a7b03e3ac2615ae6f5\"},\"description\":\"R\u00e9cemment install\u00e9 en Espagne, vous \u00eates sous le r\u00e9gime des travailleurs d\u00e9plac\u00e9s, \u00e9galement connu sous le nom de \u00ab\u00a0loi Beckham\u00a0\u00bb\",\"breadcrumb\":{\"@id\":\"https:\\\/\\\/amedia-contables-espana.com\\\/fr\\\/blog\\\/impatries-beneficiant-regime-special-travailleurs-deplaces-doivent-presenter-declaration-de-revenus-dimpot-patrimoine\\\/#breadcrumb\"},\"inLanguage\":\"fr-FR\",\"potentialAction\":[{\"@type\":\"ReadAction\",\"target\":[\"https:\\\/\\\/amedia-contables-espana.com\\\/fr\\\/blog\\\/impatries-beneficiant-regime-special-travailleurs-deplaces-doivent-presenter-declaration-de-revenus-dimpot-patrimoine\\\/\"]}]},{\"@type\":\"ImageObject\",\"inLanguage\":\"fr-FR\",\"@id\":\"https:\\\/\\\/amedia-contables-espana.com\\\/fr\\\/blog\\\/impatries-beneficiant-regime-special-travailleurs-deplaces-doivent-presenter-declaration-de-revenus-dimpot-patrimoine\\\/#primaryimage\",\"url\":\"\",\"contentUrl\":\"\"},{\"@type\":\"BreadcrumbList\",\"@id\":\"https:\\\/\\\/amedia-contables-espana.com\\\/fr\\\/blog\\\/impatries-beneficiant-regime-special-travailleurs-deplaces-doivent-presenter-declaration-de-revenus-dimpot-patrimoine\\\/#breadcrumb\",\"itemListElement\":[{\"@type\":\"ListItem\",\"position\":1,\"name\":\"Accueil\",\"item\":\"https:\\\/\\\/amedia-contables-espana.com\\\/fr\\\/\"},{\"@type\":\"ListItem\",\"position\":2,\"name\":\"Les impatri\u00e9s b\u00e9n\u00e9ficiant du r\u00e9gime sp\u00e9cial des travailleurs d\u00e9plac\u00e9s doivent-ils pr\u00e9senter une d\u00e9claration de revenus et d\u2019imp\u00f4t sur le patrimoine ?\"}]},{\"@type\":\"WebSite\",\"@id\":\"https:\\\/\\\/amedia-contables-espana.com\\\/fr\\\/#website\",\"url\":\"https:\\\/\\\/amedia-contables-espana.com\\\/fr\\\/\",\"name\":\"Amedia contables espana\",\"description\":\"\",\"potentialAction\":[{\"@type\":\"SearchAction\",\"target\":{\"@type\":\"EntryPoint\",\"urlTemplate\":\"https:\\\/\\\/amedia-contables-espana.com\\\/fr\\\/?s={search_term_string}\"},\"query-input\":{\"@type\":\"PropertyValueSpecification\",\"valueRequired\":true,\"valueName\":\"search_term_string\"}}],\"inLanguage\":\"fr-FR\"},{\"@type\":\"Person\",\"@id\":\"https:\\\/\\\/amedia-contables-espana.com\\\/fr\\\/#\\\/schema\\\/person\\\/38062a9e6a9730a7b03e3ac2615ae6f5\",\"name\":\"Vitali\",\"sameAs\":[\"http:\\\/\\\/amedia.com\"],\"url\":\"https:\\\/\\\/amedia-contables-espana.com\\\/fr\\\/blog\\\/author\\\/admin-masonu\\\/\"}]}<\/script>\n<!-- \/ Yoast SEO plugin. -->","yoast_head_json":{"title":"Les impatri\u00e9s b\u00e9n\u00e9ficiant du r\u00e9gime sp\u00e9cial des travailleurs d\u00e9plac\u00e9s doivent-ils pr\u00e9senter une d\u00e9claration de revenus et d\u2019imp\u00f4t sur le patrimoine ? - Amedia contables espana","description":"R\u00e9cemment install\u00e9 en Espagne, vous \u00eates sous le r\u00e9gime des travailleurs d\u00e9plac\u00e9s, \u00e9galement connu sous le nom de \u00ab\u00a0loi Beckham\u00a0\u00bb","robots":{"index":"index","follow":"follow","max-snippet":"max-snippet:-1","max-image-preview":"max-image-preview:large","max-video-preview":"max-video-preview:-1"},"canonical":"https:\/\/amedia-contables-espana.com\/fr\/blog\/impatries-beneficiant-regime-special-travailleurs-deplaces-doivent-presenter-declaration-de-revenus-dimpot-patrimoine\/","og_locale":"fr_FR","og_type":"article","og_title":"Les impatri\u00e9s b\u00e9n\u00e9ficiant du r\u00e9gime sp\u00e9cial des travailleurs d\u00e9plac\u00e9s doivent-ils pr\u00e9senter une d\u00e9claration de revenus et d\u2019imp\u00f4t sur le patrimoine ? - Amedia contables espana","og_description":"R\u00e9cemment install\u00e9 en Espagne, vous \u00eates sous le r\u00e9gime des travailleurs d\u00e9plac\u00e9s, \u00e9galement connu sous le nom de \u00ab\u00a0loi Beckham\u00a0\u00bb","og_url":"https:\/\/amedia-contables-espana.com\/fr\/blog\/impatries-beneficiant-regime-special-travailleurs-deplaces-doivent-presenter-declaration-de-revenus-dimpot-patrimoine\/","og_site_name":"Amedia contables espana","article_published_time":"2018-05-03T10:06:56+00:00","article_modified_time":"2020-07-10T10:51:27+00:00","author":"Vitali","twitter_card":"summary_large_image","twitter_misc":{"\u00c9crit par":"Vitali","Dur\u00e9e de lecture estim\u00e9e":"2 minutes"},"schema":{"@context":"https:\/\/schema.org","@graph":[{"@type":"Article","@id":"https:\/\/amedia-contables-espana.com\/fr\/blog\/impatries-beneficiant-regime-special-travailleurs-deplaces-doivent-presenter-declaration-de-revenus-dimpot-patrimoine\/#article","isPartOf":{"@id":"https:\/\/amedia-contables-espana.com\/fr\/blog\/impatries-beneficiant-regime-special-travailleurs-deplaces-doivent-presenter-declaration-de-revenus-dimpot-patrimoine\/"},"author":{"name":"Vitali","@id":"https:\/\/amedia-contables-espana.com\/fr\/#\/schema\/person\/38062a9e6a9730a7b03e3ac2615ae6f5"},"headline":"Les impatri\u00e9s b\u00e9n\u00e9ficiant du r\u00e9gime sp\u00e9cial des travailleurs d\u00e9plac\u00e9s doivent-ils pr\u00e9senter une d\u00e9claration de revenus et d\u2019imp\u00f4t sur le patrimoine ?","datePublished":"2018-05-03T10:06:56+00:00","dateModified":"2020-07-10T10:51:27+00:00","mainEntityOfPage":{"@id":"https:\/\/amedia-contables-espana.com\/fr\/blog\/impatries-beneficiant-regime-special-travailleurs-deplaces-doivent-presenter-declaration-de-revenus-dimpot-patrimoine\/"},"wordCount":459,"image":{"@id":"https:\/\/amedia-contables-espana.com\/fr\/blog\/impatries-beneficiant-regime-special-travailleurs-deplaces-doivent-presenter-declaration-de-revenus-dimpot-patrimoine\/#primaryimage"},"thumbnailUrl":"","articleSection":["Non classifi\u00e9(e)"],"inLanguage":"fr-FR"},{"@type":"WebPage","@id":"https:\/\/amedia-contables-espana.com\/fr\/blog\/impatries-beneficiant-regime-special-travailleurs-deplaces-doivent-presenter-declaration-de-revenus-dimpot-patrimoine\/","url":"https:\/\/amedia-contables-espana.com\/fr\/blog\/impatries-beneficiant-regime-special-travailleurs-deplaces-doivent-presenter-declaration-de-revenus-dimpot-patrimoine\/","name":"Les impatri\u00e9s b\u00e9n\u00e9ficiant du r\u00e9gime sp\u00e9cial des travailleurs d\u00e9plac\u00e9s doivent-ils pr\u00e9senter une d\u00e9claration de revenus et d\u2019imp\u00f4t sur le patrimoine ? - Amedia contables espana","isPartOf":{"@id":"https:\/\/amedia-contables-espana.com\/fr\/#website"},"primaryImageOfPage":{"@id":"https:\/\/amedia-contables-espana.com\/fr\/blog\/impatries-beneficiant-regime-special-travailleurs-deplaces-doivent-presenter-declaration-de-revenus-dimpot-patrimoine\/#primaryimage"},"image":{"@id":"https:\/\/amedia-contables-espana.com\/fr\/blog\/impatries-beneficiant-regime-special-travailleurs-deplaces-doivent-presenter-declaration-de-revenus-dimpot-patrimoine\/#primaryimage"},"thumbnailUrl":"","datePublished":"2018-05-03T10:06:56+00:00","dateModified":"2020-07-10T10:51:27+00:00","author":{"@id":"https:\/\/amedia-contables-espana.com\/fr\/#\/schema\/person\/38062a9e6a9730a7b03e3ac2615ae6f5"},"description":"R\u00e9cemment install\u00e9 en Espagne, vous \u00eates sous le r\u00e9gime des travailleurs d\u00e9plac\u00e9s, \u00e9galement connu sous le nom de \u00ab\u00a0loi Beckham\u00a0\u00bb","breadcrumb":{"@id":"https:\/\/amedia-contables-espana.com\/fr\/blog\/impatries-beneficiant-regime-special-travailleurs-deplaces-doivent-presenter-declaration-de-revenus-dimpot-patrimoine\/#breadcrumb"},"inLanguage":"fr-FR","potentialAction":[{"@type":"ReadAction","target":["https:\/\/amedia-contables-espana.com\/fr\/blog\/impatries-beneficiant-regime-special-travailleurs-deplaces-doivent-presenter-declaration-de-revenus-dimpot-patrimoine\/"]}]},{"@type":"ImageObject","inLanguage":"fr-FR","@id":"https:\/\/amedia-contables-espana.com\/fr\/blog\/impatries-beneficiant-regime-special-travailleurs-deplaces-doivent-presenter-declaration-de-revenus-dimpot-patrimoine\/#primaryimage","url":"","contentUrl":""},{"@type":"BreadcrumbList","@id":"https:\/\/amedia-contables-espana.com\/fr\/blog\/impatries-beneficiant-regime-special-travailleurs-deplaces-doivent-presenter-declaration-de-revenus-dimpot-patrimoine\/#breadcrumb","itemListElement":[{"@type":"ListItem","position":1,"name":"Accueil","item":"https:\/\/amedia-contables-espana.com\/fr\/"},{"@type":"ListItem","position":2,"name":"Les impatri\u00e9s b\u00e9n\u00e9ficiant du r\u00e9gime sp\u00e9cial des travailleurs d\u00e9plac\u00e9s doivent-ils pr\u00e9senter une d\u00e9claration de revenus et d\u2019imp\u00f4t sur le patrimoine ?"}]},{"@type":"WebSite","@id":"https:\/\/amedia-contables-espana.com\/fr\/#website","url":"https:\/\/amedia-contables-espana.com\/fr\/","name":"Amedia contables espana","description":"","potentialAction":[{"@type":"SearchAction","target":{"@type":"EntryPoint","urlTemplate":"https:\/\/amedia-contables-espana.com\/fr\/?s={search_term_string}"},"query-input":{"@type":"PropertyValueSpecification","valueRequired":true,"valueName":"search_term_string"}}],"inLanguage":"fr-FR"},{"@type":"Person","@id":"https:\/\/amedia-contables-espana.com\/fr\/#\/schema\/person\/38062a9e6a9730a7b03e3ac2615ae6f5","name":"Vitali","sameAs":["http:\/\/amedia.com"],"url":"https:\/\/amedia-contables-espana.com\/fr\/blog\/author\/admin-masonu\/"}]}},"author_meta":{"display_name":"Vitali","author_link":"https:\/\/amedia-contables-espana.com\/fr\/blog\/author\/admin-masonu\/"},"featured_img":null,"coauthors":[],"tax_additional":{"categories":{"linked":["<a href=\"https:\/\/amedia-contables-espana.com\/fr\/blog\/category\/non-classifiee\/\" class=\"advgb-post-tax-term\">Non classifi\u00e9(e)<\/a>"],"unlinked":["<span class=\"advgb-post-tax-term\">Non classifi\u00e9(e)<\/span>"]}},"comment_count":"0","relative_dates":{"created":"Publi\u00e9 8 ans il y a","modified":"Mis \u00e0 jour 6 ans il y a"},"absolute_dates":{"created":"Publi\u00e9 le 3 Mai 2018","modified":"Mise \u00e0 jour le 10 Juillet 2020"},"absolute_dates_time":{"created":"Publi\u00e9 le 3 Mai 2018 12 h 06 min","modified":"Mise \u00e0 jour le 10 Juillet 2020 12 h 51 min"},"featured_img_caption":"","series_order":"","_links":{"self":[{"href":"https:\/\/amedia-contables-espana.com\/fr\/wp-json\/wp\/v2\/posts\/938","targetHints":{"allow":["GET"]}}],"collection":[{"href":"https:\/\/amedia-contables-espana.com\/fr\/wp-json\/wp\/v2\/posts"}],"about":[{"href":"https:\/\/amedia-contables-espana.com\/fr\/wp-json\/wp\/v2\/types\/post"}],"author":[{"embeddable":true,"href":"https:\/\/amedia-contables-espana.com\/fr\/wp-json\/wp\/v2\/users\/3"}],"replies":[{"embeddable":true,"href":"https:\/\/amedia-contables-espana.com\/fr\/wp-json\/wp\/v2\/comments?post=938"}],"version-history":[{"count":2,"href":"https:\/\/amedia-contables-espana.com\/fr\/wp-json\/wp\/v2\/posts\/938\/revisions"}],"predecessor-version":[{"id":993,"href":"https:\/\/amedia-contables-espana.com\/fr\/wp-json\/wp\/v2\/posts\/938\/revisions\/993"}],"wp:featuredmedia":[{"embeddable":true,"href":"https:\/\/amedia-contables-espana.com\/fr\/wp-json\/"}],"wp:attachment":[{"href":"https:\/\/amedia-contables-espana.com\/fr\/wp-json\/wp\/v2\/media?parent=938"}],"wp:term":[{"taxonomy":"category","embeddable":true,"href":"https:\/\/amedia-contables-espana.com\/fr\/wp-json\/wp\/v2\/categories?post=938"},{"taxonomy":"post_tag","embeddable":true,"href":"https:\/\/amedia-contables-espana.com\/fr\/wp-json\/wp\/v2\/tags?post=938"}],"curies":[{"name":"wp","href":"https:\/\/api.w.org\/{rel}","templated":true}]}}