{"id":928,"date":"2018-03-07T13:01:41","date_gmt":"2018-03-07T12:01:41","guid":{"rendered":"http:\/\/www.objectif-espagne.com\/?p=928"},"modified":"2020-07-10T17:08:01","modified_gmt":"2020-07-10T15:08:01","slug":"autoentrepreneurs-espagne-mise-place-statut-charges-sociales-fiscalite","status":"publish","type":"post","link":"https:\/\/amedia-contables-espana.com\/fr\/blog\/autoentrepreneurs-espagne-mise-place-statut-charges-sociales-fiscalite\/","title":{"rendered":"Les autoentrepreneurs en Espagne : mise en place du statut, charges sociales et fiscalit\u00e9"},"content":{"rendered":"<p>En Espagne, vous pouvez exercer votre activit\u00e9 par le bais d\u2019une soci\u00e9t\u00e9 classique telle une SL (\u00e9quivalent de la SARL) ou une SA mais \u00e9galement en tant que \u00ab\u00a0autonomo\u00a0\u00bb.<\/p>\n<p>Un autonomo est un travailleur ind\u00e9pendant, c\u2019est-\u00e0-dire une personne qui r\u00e9alise une activit\u00e9 \u00e9conomique lucrative de mani\u00e8re habituelle et \u00e0 son compte.<\/p>\n<p>L\u2019avantage de ce statut par rapport \u00e0 la constitution d\u2019une soci\u00e9t\u00e9 r\u00e9side dans la facilit\u00e9 des d\u00e9marches de mise en place du statut.<\/p>\n<h2>Mise en place du status d&rsquo;autonomo<\/h2>\n<p>Pour exercer une activit\u00e9 professionnelle en tant qu&rsquo;autonomo, il faut s\u2019enregistrer aupr\u00e8s des diff\u00e9rents organismes.<\/p>\n<p>Avant de commencer les d\u00e9marches, il vous faudra imp\u00e9rativement <a href=\"https:\/\/experts-comptables-espagne.com\/blog\/conseils-damedia-obtenir-nie-numero-didentite-detranger\/\">obtenir le NIE (num\u00e9ro d\u2019identification des \u00e9trangers)<\/a>. Ce num\u00e9ro est obligatoire pour tous les \u00e9trangers r\u00e9sidents en Espagne.<\/p>\n<p>Une fois en possession de ce document, vous pourrez ouvrir un compte bancaire et mettre en place le statut en vous\u00a0:<\/p>\n<ul>\n<li>Enregistrant aupr\u00e8s de la s\u00e9curit\u00e9 sociale<\/li>\n<li>Enregistrant aupr\u00e8s de l\u2019administration fiscale<\/li>\n<\/ul>\n<p>A partir de ce moment-l\u00e0, vous pourrez alors commencez \u00e0 op\u00e9rer et exercer votre activit\u00e9 professionnelle.<\/p>\n<p>Une fois le statut mis en place, vous pourrez \u00e9galement effectuer une demande de num\u00e9ro de TVA intracommunautaire pour facturer \u00e0 d\u2019autres pays de l\u2019Union Europ\u00e9enne.<\/p>\n<h2><strong>Gestion comptable et fiscale<\/strong><\/h2>\n<p>Les autonomos doivent tenir une comptabilit\u00e9<em> \u2013 livres des factures re\u00e7ues, livre des factures \u00e9mises, livre des immobilisations, etc.<\/em> &#8211; et pr\u00e9senter des d\u00e9clarations fiscales trimestrielles et annuelles &#8211; <em>d\u00e9claration des activit\u00e9s \u00e9conomiques, d\u00e9claration de TVA, d\u00e9claration des op\u00e9rations intracommunautaires, retenues \u00e0 la source, etc.-<\/em><\/p>\n<h2><strong>Charges sociales<\/strong><\/h2>\n<p>D\u00e8s lors que vous \u00eates enregistr\u00e9 comme autonomo et commencez \u00e0 r\u00e9aliser votre activit\u00e9 professionnelle, vous devez cotiser au r\u00e9gime sp\u00e9cial des travailleurs ind\u00e9pendants\u00a0: le RETA.<br \/>\nDepuis le 1<sup>er<\/sup> janvier 2018, les cotisations s\u2019\u00e9l\u00e8vent \u00e0 50\u20ac par mois la premi\u00e8re ann\u00e9e. A partir de la 2<sup>\u00e8me<\/sup> ann\u00e9e, les cotisations augmentent progressivement jusqu\u2019\u00e0 atteindre 275\u20ac par mois. *<\/p>\n<h6>* Si vous avez choisi la base de cotisation minimum.<\/h6>\n<h2><strong>Imp\u00f4ts<\/strong><\/h2>\n<p>En tant qu&rsquo;autonomos, vous ne serez redevable de l\u2019Imp\u00f4t sur les soci\u00e9t\u00e9s (IS) mais de l\u2019Imp\u00f4t sur le revenu des personnes physiques (IRPF).<\/p>\n<p>A ce titre, vous devez effectuer une <strong>retenue \u00e0 la source<\/strong> de 15%* sur les factures \u00e9mises et verser cette somme \u00e0 l\u2019administration fiscale. Il s\u2019agit en quelque sorte d\u2019une avance sur l\u2019imp\u00f4t d\u00fb en fin d\u2019ann\u00e9e au titre de l\u2019IRPF.<\/p>\n<h6>*La premi\u00e8re ann\u00e9e d&rsquo;exercice, les autonomos peuvent retenir uniquement 7% ainsi que pour les 2 ann\u00e9es suivantes.<\/h6>\n<p>Votre taux d\u2019imposition final d\u00e9pendra du montant des revenus per\u00e7us. Plus les revenus sont importants plus le taux d\u2019imposition augmente.<\/p>\n<p>Les taux varient \u00e9galement en fonction de la communaut\u00e9 autonome dans laquelle l\u2019autonome est \u00e9tabli.<\/p>\n<p>&nbsp;<\/p>\n<table>\n<tbody>\n<tr>\n<td colspan=\"5\"><strong>TAUX IRPF COMMUNAUT\u00c9 AUTONOME MADRID <\/strong><\/td>\n<\/tr>\n<tr>\n<td colspan=\"2\" width=\"158\">Base imposable<\/p>\n<p>Minimum et maximum<\/td>\n<td width=\"81\"><strong>Taux g\u00e9n\u00e9ral<\/strong><\/td>\n<td width=\"81\"><strong>Taux Madrid<\/strong><\/td>\n<td width=\"84\"><strong>TOTAL<\/strong><\/td>\n<\/tr>\n<tr>\n<td>0,00<\/td>\n<td width=\"99\">12.450,00<\/td>\n<td width=\"81\">9,50<\/td>\n<td width=\"81\">9,50<\/td>\n<td width=\"84\"><strong>19,00<\/strong><\/td>\n<\/tr>\n<tr>\n<td>12.450,01<\/td>\n<td width=\"99\">17.707,20<\/td>\n<td width=\"81\">12,00<\/td>\n<td width=\"81\">11,20<\/td>\n<td width=\"84\"><strong>23,20<\/strong><\/td>\n<\/tr>\n<tr>\n<td>17.707,21<\/td>\n<td width=\"99\">20.200,00<\/td>\n<td width=\"81\">12,00<\/td>\n<td width=\"81\">13,30<\/td>\n<td width=\"84\"><strong>25,30<\/strong><\/td>\n<\/tr>\n<tr>\n<td>20.200,01<\/td>\n<td width=\"99\">33.007,20<\/td>\n<td width=\"81\">15,00<\/td>\n<td width=\"81\">13,30<\/td>\n<td width=\"84\"><strong>28,30<\/strong><\/td>\n<\/tr>\n<tr>\n<td>33.007,21<\/td>\n<td width=\"99\">35.200,00<\/td>\n<td width=\"81\">15,00<\/td>\n<td width=\"81\">17,90<\/td>\n<td width=\"84\"><strong>32,90<\/strong><\/td>\n<\/tr>\n<tr>\n<td>35.200,01<\/td>\n<td width=\"99\">53.407,20<\/td>\n<td width=\"81\">18,50<\/td>\n<td width=\"81\">17,90<\/td>\n<td width=\"84\"><strong>36,40<\/strong><\/td>\n<\/tr>\n<tr>\n<td>53.407,21<\/td>\n<td width=\"99\">60.000,00<\/td>\n<td width=\"81\">18,50<\/td>\n<td width=\"81\">21,00<\/td>\n<td width=\"84\"><strong>39,50<\/strong><\/td>\n<\/tr>\n<tr>\n<td>60.000,01<\/td>\n<td width=\"99\">Au-del\u00e0<\/td>\n<td width=\"81\">22,50<\/td>\n<td width=\"81\">21,00<\/td>\n<td width=\"84\"><strong>43,50<\/strong><\/td>\n<\/tr>\n<\/tbody>\n<\/table>\n<p>&nbsp;<\/p>\n<table>\n<tbody>\n<tr>\n<td colspan=\"5\" width=\"404\"><strong>TAUX IRPF COMMUNAUT\u00c9 AUTONOME CATALOGNE <\/strong><\/td>\n<\/tr>\n<tr>\n<td colspan=\"2\" width=\"156\">Base imposable<\/p>\n<p>Minimum et maximum<\/td>\n<td width=\"85\"><strong>Taux g\u00e9n\u00e9ral<\/strong><\/td>\n<td width=\"78\"><strong>Taux Catalogne<\/strong><\/td>\n<td width=\"85\"><strong>TOTAL<\/strong><\/td>\n<\/tr>\n<tr>\n<td width=\"65\">0,00<\/td>\n<td width=\"92\">12.450,00<\/td>\n<td width=\"85\">9,50<\/td>\n<td width=\"78\">12,00<\/td>\n<td width=\"85\"><strong>21,50<\/strong><\/td>\n<\/tr>\n<tr>\n<td width=\"65\">12.450,01<\/td>\n<td width=\"92\">17.707,20<\/td>\n<td width=\"85\">12,00<\/td>\n<td width=\"78\">12,00<\/td>\n<td width=\"85\"><strong>24,00<\/strong><\/td>\n<\/tr>\n<tr>\n<td width=\"65\">17.707,21<\/td>\n<td width=\"92\">20.200,00<\/td>\n<td width=\"85\">12,00<\/td>\n<td width=\"78\">14,00<\/td>\n<td width=\"85\"><strong>26,00<\/strong><\/td>\n<\/tr>\n<tr>\n<td width=\"65\">20.200,01<\/td>\n<td width=\"92\">33.007,20<\/td>\n<td width=\"85\">15,00<\/td>\n<td width=\"78\">14,00<\/td>\n<td width=\"85\"><strong>29,00<\/strong><\/td>\n<\/tr>\n<tr>\n<td width=\"65\">33.007,21<\/td>\n<td width=\"92\">35.200,00<\/td>\n<td width=\"85\">15,00<\/td>\n<td width=\"78\">18,50<\/td>\n<td width=\"85\"><strong>33,50<\/strong><\/td>\n<\/tr>\n<tr>\n<td width=\"65\">35.200,01<\/td>\n<td width=\"92\">53.407,20<\/td>\n<td width=\"85\">18,50<\/td>\n<td width=\"78\">18,50<\/td>\n<td width=\"85\"><strong>37,00<\/strong><\/td>\n<\/tr>\n<tr>\n<td width=\"65\">53.407,21<\/td>\n<td width=\"92\">60.000,00<\/td>\n<td width=\"85\">18,50<\/td>\n<td width=\"78\">21,50<\/td>\n<td width=\"85\"><strong>40,00<\/strong><\/td>\n<\/tr>\n<tr>\n<td width=\"65\">60.000,01<\/td>\n<td width=\"92\">120.000,20<\/td>\n<td width=\"85\">22,50<\/td>\n<td width=\"78\">21,50<\/td>\n<td width=\"85\"><strong>44,00<\/strong><\/td>\n<\/tr>\n<tr>\n<td width=\"65\">120.000,21<\/td>\n<td width=\"92\">175.000,20<\/td>\n<td width=\"85\">22,50<\/td>\n<td width=\"78\">23,50<\/td>\n<td width=\"85\"><strong>46,00<\/strong><\/td>\n<\/tr>\n<tr>\n<td width=\"65\">175.000,21<\/td>\n<td width=\"92\">Au-del\u00e0<\/td>\n<td width=\"85\">22,50<\/td>\n<td width=\"78\">25,50<\/td>\n<td width=\"85\"><strong>48,00<\/strong><\/td>\n<\/tr>\n<\/tbody>\n<\/table>\n<p>&nbsp;<\/p>\n","protected":false},"excerpt":{"rendered":"En Espagne, vous pouvez exercer votre activit\u00e9 par le bais d\u2019une soci\u00e9t\u00e9 classique telle une SL (\u00e9quivalent de la SARL) ou une SA mais \u00e9galement en tant que \u00ab\u00a0autonomo\u00a0\u00bb. Un autonomo est un travailleur ind\u00e9pendant, c\u2019est-\u00e0-dire une personne qui r\u00e9alise une activit\u00e9 \u00e9conomique lucrative de mani\u00e8re habituelle et \u00e0 son compte. L\u2019avantage de ce statut&#8230; <a class=\"view-article\" href=\"https:\/\/amedia-contables-espana.com\/fr\/blog\/autoentrepreneurs-espagne-mise-place-statut-charges-sociales-fiscalite\/\">Voir l&rsquo;article<\/a>","protected":false},"author":3,"featured_media":929,"comment_status":"closed","ping_status":"open","sticky":false,"template":"","format":"standard","meta":{"advgb_blocks_editor_width":"","advgb_blocks_columns_visual_guide":"","footnotes":""},"categories":[1],"tags":[],"class_list":["post-928","post","type-post","status-publish","format-standard","has-post-thumbnail","hentry","category-non-classifiee"],"yoast_head":"<!-- This site is optimized with the Yoast SEO plugin v28.2 - https:\/\/yoast.com\/product\/yoast-seo-wordpress\/ -->\n<title>Les autoentrepreneurs en Espagne : mise en place du statut, charges sociales et fiscalit\u00e9 - Amedia<\/title>\n<meta name=\"description\" content=\"L\u2019avantage du statut d&#039;autonomo par rapport \u00e0 la constitution d\u2019une soci\u00e9t\u00e9 r\u00e9side dans la facilit\u00e9 des d\u00e9marches de mise en place du statut.\" \/>\n<meta name=\"robots\" content=\"index, follow, max-snippet:-1, max-image-preview:large, max-video-preview:-1\" \/>\n<link rel=\"canonical\" href=\"https:\/\/amedia-contables-espana.com\/fr\/blog\/autoentrepreneurs-espagne-mise-place-statut-charges-sociales-fiscalite\/\" \/>\n<meta property=\"og:locale\" content=\"fr_FR\" \/>\n<meta property=\"og:type\" content=\"article\" \/>\n<meta property=\"og:title\" content=\"Les autoentrepreneurs en Espagne : mise en place du statut, charges sociales et fiscalit\u00e9 - Amedia\" \/>\n<meta property=\"og:description\" content=\"L\u2019avantage du statut d&#039;autonomo par rapport \u00e0 la constitution d\u2019une soci\u00e9t\u00e9 r\u00e9side dans la facilit\u00e9 des d\u00e9marches de mise en place du statut.\" \/>\n<meta property=\"og:url\" content=\"https:\/\/amedia-contables-espana.com\/fr\/blog\/autoentrepreneurs-espagne-mise-place-statut-charges-sociales-fiscalite\/\" \/>\n<meta property=\"og:site_name\" content=\"Amedia contables espana\" \/>\n<meta property=\"article:published_time\" content=\"2018-03-07T12:01:41+00:00\" \/>\n<meta property=\"article:modified_time\" content=\"2020-07-10T15:08:01+00:00\" \/>\n<meta name=\"author\" content=\"Vitali\" \/>\n<meta name=\"twitter:card\" content=\"summary_large_image\" \/>\n<meta name=\"twitter:label1\" content=\"\u00c9crit par\" \/>\n\t<meta name=\"twitter:data1\" content=\"Vitali\" \/>\n\t<meta name=\"twitter:label2\" content=\"Dur\u00e9e de lecture estim\u00e9e\" \/>\n\t<meta name=\"twitter:data2\" content=\"3 minutes\" \/>\n<script type=\"application\/ld+json\" class=\"yoast-schema-graph\">{\"@context\":\"https:\\\/\\\/schema.org\",\"@graph\":[{\"@type\":\"Article\",\"@id\":\"https:\\\/\\\/amedia-contables-espana.com\\\/fr\\\/blog\\\/autoentrepreneurs-espagne-mise-place-statut-charges-sociales-fiscalite\\\/#article\",\"isPartOf\":{\"@id\":\"https:\\\/\\\/amedia-contables-espana.com\\\/fr\\\/blog\\\/autoentrepreneurs-espagne-mise-place-statut-charges-sociales-fiscalite\\\/\"},\"author\":{\"name\":\"Vitali\",\"@id\":\"https:\\\/\\\/amedia-contables-espana.com\\\/fr\\\/#\\\/schema\\\/person\\\/38062a9e6a9730a7b03e3ac2615ae6f5\"},\"headline\":\"Les autoentrepreneurs en Espagne : mise en place du statut, charges sociales et fiscalit\u00e9\",\"datePublished\":\"2018-03-07T12:01:41+00:00\",\"dateModified\":\"2020-07-10T15:08:01+00:00\",\"mainEntityOfPage\":{\"@id\":\"https:\\\/\\\/amedia-contables-espana.com\\\/fr\\\/blog\\\/autoentrepreneurs-espagne-mise-place-statut-charges-sociales-fiscalite\\\/\"},\"wordCount\":541,\"image\":{\"@id\":\"https:\\\/\\\/amedia-contables-espana.com\\\/fr\\\/blog\\\/autoentrepreneurs-espagne-mise-place-statut-charges-sociales-fiscalite\\\/#primaryimage\"},\"thumbnailUrl\":\"\",\"articleSection\":[\"Non classifi\u00e9(e)\"],\"inLanguage\":\"fr-FR\"},{\"@type\":\"WebPage\",\"@id\":\"https:\\\/\\\/amedia-contables-espana.com\\\/fr\\\/blog\\\/autoentrepreneurs-espagne-mise-place-statut-charges-sociales-fiscalite\\\/\",\"url\":\"https:\\\/\\\/amedia-contables-espana.com\\\/fr\\\/blog\\\/autoentrepreneurs-espagne-mise-place-statut-charges-sociales-fiscalite\\\/\",\"name\":\"Les autoentrepreneurs en Espagne : mise en place du statut, charges sociales et fiscalit\u00e9 - Amedia\",\"isPartOf\":{\"@id\":\"https:\\\/\\\/amedia-contables-espana.com\\\/fr\\\/#website\"},\"primaryImageOfPage\":{\"@id\":\"https:\\\/\\\/amedia-contables-espana.com\\\/fr\\\/blog\\\/autoentrepreneurs-espagne-mise-place-statut-charges-sociales-fiscalite\\\/#primaryimage\"},\"image\":{\"@id\":\"https:\\\/\\\/amedia-contables-espana.com\\\/fr\\\/blog\\\/autoentrepreneurs-espagne-mise-place-statut-charges-sociales-fiscalite\\\/#primaryimage\"},\"thumbnailUrl\":\"\",\"datePublished\":\"2018-03-07T12:01:41+00:00\",\"dateModified\":\"2020-07-10T15:08:01+00:00\",\"author\":{\"@id\":\"https:\\\/\\\/amedia-contables-espana.com\\\/fr\\\/#\\\/schema\\\/person\\\/38062a9e6a9730a7b03e3ac2615ae6f5\"},\"description\":\"L\u2019avantage du statut d'autonomo par rapport \u00e0 la constitution d\u2019une soci\u00e9t\u00e9 r\u00e9side dans la facilit\u00e9 des d\u00e9marches de mise en place du statut.\",\"breadcrumb\":{\"@id\":\"https:\\\/\\\/amedia-contables-espana.com\\\/fr\\\/blog\\\/autoentrepreneurs-espagne-mise-place-statut-charges-sociales-fiscalite\\\/#breadcrumb\"},\"inLanguage\":\"fr-FR\",\"potentialAction\":[{\"@type\":\"ReadAction\",\"target\":[\"https:\\\/\\\/amedia-contables-espana.com\\\/fr\\\/blog\\\/autoentrepreneurs-espagne-mise-place-statut-charges-sociales-fiscalite\\\/\"]}]},{\"@type\":\"ImageObject\",\"inLanguage\":\"fr-FR\",\"@id\":\"https:\\\/\\\/amedia-contables-espana.com\\\/fr\\\/blog\\\/autoentrepreneurs-espagne-mise-place-statut-charges-sociales-fiscalite\\\/#primaryimage\",\"url\":\"\",\"contentUrl\":\"\"},{\"@type\":\"BreadcrumbList\",\"@id\":\"https:\\\/\\\/amedia-contables-espana.com\\\/fr\\\/blog\\\/autoentrepreneurs-espagne-mise-place-statut-charges-sociales-fiscalite\\\/#breadcrumb\",\"itemListElement\":[{\"@type\":\"ListItem\",\"position\":1,\"name\":\"Accueil\",\"item\":\"https:\\\/\\\/amedia-contables-espana.com\\\/fr\\\/\"},{\"@type\":\"ListItem\",\"position\":2,\"name\":\"Les autoentrepreneurs en Espagne : mise en place du statut, charges sociales et fiscalit\u00e9\"}]},{\"@type\":\"WebSite\",\"@id\":\"https:\\\/\\\/amedia-contables-espana.com\\\/fr\\\/#website\",\"url\":\"https:\\\/\\\/amedia-contables-espana.com\\\/fr\\\/\",\"name\":\"Amedia contables espana\",\"description\":\"\",\"potentialAction\":[{\"@type\":\"SearchAction\",\"target\":{\"@type\":\"EntryPoint\",\"urlTemplate\":\"https:\\\/\\\/amedia-contables-espana.com\\\/fr\\\/?s={search_term_string}\"},\"query-input\":{\"@type\":\"PropertyValueSpecification\",\"valueRequired\":true,\"valueName\":\"search_term_string\"}}],\"inLanguage\":\"fr-FR\"},{\"@type\":\"Person\",\"@id\":\"https:\\\/\\\/amedia-contables-espana.com\\\/fr\\\/#\\\/schema\\\/person\\\/38062a9e6a9730a7b03e3ac2615ae6f5\",\"name\":\"Vitali\",\"sameAs\":[\"http:\\\/\\\/amedia.com\"],\"url\":\"https:\\\/\\\/amedia-contables-espana.com\\\/fr\\\/blog\\\/author\\\/admin-masonu\\\/\"}]}<\/script>\n<!-- \/ Yoast SEO plugin. -->","yoast_head_json":{"title":"Les autoentrepreneurs en Espagne : mise en place du statut, charges sociales et fiscalit\u00e9 - Amedia","description":"L\u2019avantage du statut d'autonomo par rapport \u00e0 la constitution d\u2019une soci\u00e9t\u00e9 r\u00e9side dans la facilit\u00e9 des d\u00e9marches de mise en place du statut.","robots":{"index":"index","follow":"follow","max-snippet":"max-snippet:-1","max-image-preview":"max-image-preview:large","max-video-preview":"max-video-preview:-1"},"canonical":"https:\/\/amedia-contables-espana.com\/fr\/blog\/autoentrepreneurs-espagne-mise-place-statut-charges-sociales-fiscalite\/","og_locale":"fr_FR","og_type":"article","og_title":"Les autoentrepreneurs en Espagne : mise en place du statut, charges sociales et fiscalit\u00e9 - Amedia","og_description":"L\u2019avantage du statut d'autonomo par rapport \u00e0 la constitution d\u2019une soci\u00e9t\u00e9 r\u00e9side dans la facilit\u00e9 des d\u00e9marches de mise en place du statut.","og_url":"https:\/\/amedia-contables-espana.com\/fr\/blog\/autoentrepreneurs-espagne-mise-place-statut-charges-sociales-fiscalite\/","og_site_name":"Amedia contables espana","article_published_time":"2018-03-07T12:01:41+00:00","article_modified_time":"2020-07-10T15:08:01+00:00","author":"Vitali","twitter_card":"summary_large_image","twitter_misc":{"\u00c9crit par":"Vitali","Dur\u00e9e de lecture estim\u00e9e":"3 minutes"},"schema":{"@context":"https:\/\/schema.org","@graph":[{"@type":"Article","@id":"https:\/\/amedia-contables-espana.com\/fr\/blog\/autoentrepreneurs-espagne-mise-place-statut-charges-sociales-fiscalite\/#article","isPartOf":{"@id":"https:\/\/amedia-contables-espana.com\/fr\/blog\/autoentrepreneurs-espagne-mise-place-statut-charges-sociales-fiscalite\/"},"author":{"name":"Vitali","@id":"https:\/\/amedia-contables-espana.com\/fr\/#\/schema\/person\/38062a9e6a9730a7b03e3ac2615ae6f5"},"headline":"Les autoentrepreneurs en Espagne : mise en place du statut, charges sociales et fiscalit\u00e9","datePublished":"2018-03-07T12:01:41+00:00","dateModified":"2020-07-10T15:08:01+00:00","mainEntityOfPage":{"@id":"https:\/\/amedia-contables-espana.com\/fr\/blog\/autoentrepreneurs-espagne-mise-place-statut-charges-sociales-fiscalite\/"},"wordCount":541,"image":{"@id":"https:\/\/amedia-contables-espana.com\/fr\/blog\/autoentrepreneurs-espagne-mise-place-statut-charges-sociales-fiscalite\/#primaryimage"},"thumbnailUrl":"","articleSection":["Non classifi\u00e9(e)"],"inLanguage":"fr-FR"},{"@type":"WebPage","@id":"https:\/\/amedia-contables-espana.com\/fr\/blog\/autoentrepreneurs-espagne-mise-place-statut-charges-sociales-fiscalite\/","url":"https:\/\/amedia-contables-espana.com\/fr\/blog\/autoentrepreneurs-espagne-mise-place-statut-charges-sociales-fiscalite\/","name":"Les autoentrepreneurs en Espagne : mise en place du statut, charges sociales et fiscalit\u00e9 - Amedia","isPartOf":{"@id":"https:\/\/amedia-contables-espana.com\/fr\/#website"},"primaryImageOfPage":{"@id":"https:\/\/amedia-contables-espana.com\/fr\/blog\/autoentrepreneurs-espagne-mise-place-statut-charges-sociales-fiscalite\/#primaryimage"},"image":{"@id":"https:\/\/amedia-contables-espana.com\/fr\/blog\/autoentrepreneurs-espagne-mise-place-statut-charges-sociales-fiscalite\/#primaryimage"},"thumbnailUrl":"","datePublished":"2018-03-07T12:01:41+00:00","dateModified":"2020-07-10T15:08:01+00:00","author":{"@id":"https:\/\/amedia-contables-espana.com\/fr\/#\/schema\/person\/38062a9e6a9730a7b03e3ac2615ae6f5"},"description":"L\u2019avantage du statut d'autonomo par rapport \u00e0 la constitution d\u2019une soci\u00e9t\u00e9 r\u00e9side dans la facilit\u00e9 des d\u00e9marches de mise en place du statut.","breadcrumb":{"@id":"https:\/\/amedia-contables-espana.com\/fr\/blog\/autoentrepreneurs-espagne-mise-place-statut-charges-sociales-fiscalite\/#breadcrumb"},"inLanguage":"fr-FR","potentialAction":[{"@type":"ReadAction","target":["https:\/\/amedia-contables-espana.com\/fr\/blog\/autoentrepreneurs-espagne-mise-place-statut-charges-sociales-fiscalite\/"]}]},{"@type":"ImageObject","inLanguage":"fr-FR","@id":"https:\/\/amedia-contables-espana.com\/fr\/blog\/autoentrepreneurs-espagne-mise-place-statut-charges-sociales-fiscalite\/#primaryimage","url":"","contentUrl":""},{"@type":"BreadcrumbList","@id":"https:\/\/amedia-contables-espana.com\/fr\/blog\/autoentrepreneurs-espagne-mise-place-statut-charges-sociales-fiscalite\/#breadcrumb","itemListElement":[{"@type":"ListItem","position":1,"name":"Accueil","item":"https:\/\/amedia-contables-espana.com\/fr\/"},{"@type":"ListItem","position":2,"name":"Les autoentrepreneurs en Espagne : mise en place du statut, charges sociales et fiscalit\u00e9"}]},{"@type":"WebSite","@id":"https:\/\/amedia-contables-espana.com\/fr\/#website","url":"https:\/\/amedia-contables-espana.com\/fr\/","name":"Amedia contables espana","description":"","potentialAction":[{"@type":"SearchAction","target":{"@type":"EntryPoint","urlTemplate":"https:\/\/amedia-contables-espana.com\/fr\/?s={search_term_string}"},"query-input":{"@type":"PropertyValueSpecification","valueRequired":true,"valueName":"search_term_string"}}],"inLanguage":"fr-FR"},{"@type":"Person","@id":"https:\/\/amedia-contables-espana.com\/fr\/#\/schema\/person\/38062a9e6a9730a7b03e3ac2615ae6f5","name":"Vitali","sameAs":["http:\/\/amedia.com"],"url":"https:\/\/amedia-contables-espana.com\/fr\/blog\/author\/admin-masonu\/"}]}},"author_meta":{"display_name":"Vitali","author_link":"https:\/\/amedia-contables-espana.com\/fr\/blog\/author\/admin-masonu\/"},"featured_img":null,"coauthors":[],"tax_additional":{"categories":{"linked":["<a href=\"https:\/\/amedia-contables-espana.com\/fr\/blog\/category\/non-classifiee\/\" class=\"advgb-post-tax-term\">Non classifi\u00e9(e)<\/a>"],"unlinked":["<span class=\"advgb-post-tax-term\">Non classifi\u00e9(e)<\/span>"]}},"comment_count":"0","relative_dates":{"created":"Publi\u00e9 8 ans il y a","modified":"Mis \u00e0 jour 6 ans il y a"},"absolute_dates":{"created":"Publi\u00e9 le 7 Mars 2018","modified":"Mise \u00e0 jour le 10 Juillet 2020"},"absolute_dates_time":{"created":"Publi\u00e9 le 7 Mars 2018 13 h 01 min","modified":"Mise \u00e0 jour le 10 Juillet 2020 17 h 08 min"},"featured_img_caption":"","series_order":"","_links":{"self":[{"href":"https:\/\/amedia-contables-espana.com\/fr\/wp-json\/wp\/v2\/posts\/928","targetHints":{"allow":["GET"]}}],"collection":[{"href":"https:\/\/amedia-contables-espana.com\/fr\/wp-json\/wp\/v2\/posts"}],"about":[{"href":"https:\/\/amedia-contables-espana.com\/fr\/wp-json\/wp\/v2\/types\/post"}],"author":[{"embeddable":true,"href":"https:\/\/amedia-contables-espana.com\/fr\/wp-json\/wp\/v2\/users\/3"}],"replies":[{"embeddable":true,"href":"https:\/\/amedia-contables-espana.com\/fr\/wp-json\/wp\/v2\/comments?post=928"}],"version-history":[{"count":2,"href":"https:\/\/amedia-contables-espana.com\/fr\/wp-json\/wp\/v2\/posts\/928\/revisions"}],"predecessor-version":[{"id":1017,"href":"https:\/\/amedia-contables-espana.com\/fr\/wp-json\/wp\/v2\/posts\/928\/revisions\/1017"}],"wp:featuredmedia":[{"embeddable":true,"href":"https:\/\/amedia-contables-espana.com\/fr\/wp-json\/"}],"wp:attachment":[{"href":"https:\/\/amedia-contables-espana.com\/fr\/wp-json\/wp\/v2\/media?parent=928"}],"wp:term":[{"taxonomy":"category","embeddable":true,"href":"https:\/\/amedia-contables-espana.com\/fr\/wp-json\/wp\/v2\/categories?post=928"},{"taxonomy":"post_tag","embeddable":true,"href":"https:\/\/amedia-contables-espana.com\/fr\/wp-json\/wp\/v2\/tags?post=928"}],"curies":[{"name":"wp","href":"https:\/\/api.w.org\/{rel}","templated":true}]}}