{"id":924,"date":"2018-02-16T16:07:54","date_gmt":"2018-02-16T15:07:54","guid":{"rendered":"http:\/\/www.objectif-espagne.com\/?p=923"},"modified":"2020-07-14T10:51:37","modified_gmt":"2020-07-14T08:51:37","slug":"informations-utiles-moment-dembaucher-droit-travail-charges-sociales","status":"publish","type":"post","link":"https:\/\/amedia-contables-espana.com\/fr\/blog\/informations-utiles-moment-dembaucher-droit-travail-charges-sociales\/","title":{"rendered":"Embaucher en Espagne :  droit du travail et charges sociales"},"content":{"rendered":"<p><span style=\"font-weight: 400;\">M\u00eame si vous allez confier la gestion sociale de votre soci\u00e9t\u00e9 \u00e0 un cabinet sp\u00e9cialis\u00e9 en droit du travail, il est important de conna\u00eetre les grandes lignes relatives au droit du travail espagnol. <\/span><\/p>\n<p><span style=\"font-weight: 400;\">Dans ce panorama nous vous pr\u00e9sentons succinctement les diff\u00e9rents points importants relatifs \u00e0 l\u2019embauche d\u2019un salari\u00e9 dans une soci\u00e9t\u00e9 espagnole. <\/span><\/p>\n<p><span style=\"font-weight: 400;\">Aussi, si vous venez de cr\u00e9er votre soci\u00e9t\u00e9 en Espagne mais n\u2019\u00eates pas familiers avec le droit du travail espagnol, cet article est fait pour vous. <\/span><\/p>\n<h2>Les diff\u00e9rents contrats de travail en Espagne<\/h2>\n<p><span style=\"font-weight: 400;\">En Espagne, il existe deux grandes cat\u00e9gories de contrats de travail\u00a0; les contrats \u00e0 dur\u00e9e ind\u00e9termin\u00e9e et les contrats \u00e0 dur\u00e9e d\u00e9termin\u00e9e. <\/span><\/p>\n<table>\n<tbody>\n<tr>\n<td><b>Les contrats \u00e0 dur\u00e9e ind\u00e9termin\u00e9e<\/b><\/td>\n<td><b>Les contrats temporaires<\/b><\/td>\n<\/tr>\n<tr>\n<td><b>Le CDI ordinaire<\/b><\/td>\n<td><b>Le CDD ordinaire<\/b><\/td>\n<\/tr>\n<tr>\n<td><b>Le contrat d\u2019appui aux entrepreneurs\u00a0<\/b><span style=\"font-weight: 400;\">:<\/span><\/p>\n<p><i><span style=\"font-weight: 400;\">Ce contrat est applicable uniquement aux entreprises de moins de 50 salari\u00e9s. Une p\u00e9riode d\u2019essai maximum d\u2019un an peut \u00eatre pr\u00e9vue. Il ouvre droit \u00e0 plusieurs all\u00e8gements fiscaux si le salari\u00e9 reste dans l\u2019entreprise pendant plus de 3ans<\/span><\/i><\/td>\n<td><b>Le contrat \u00e0 dur\u00e9e non d\u00e9termin\u00e9e pour ex\u00e9cution d\u2019un travail ou d\u2019un service particulier\u00a0(obra de servicio)\u00a0<\/b><span style=\"font-weight: 400;\">:<\/span><\/p>\n<p><i><span style=\"font-weight: 400;\">Ce contrat est mis en place pour la r\u00e9alisation d\u2019un travail ou d\u2019un service concret nettement d\u00e9fini. <\/span><\/i><\/p>\n<p><i><span style=\"font-weight: 400;\">La dur\u00e9e maximum de ce contrat est de 3 ans, et peut sous condition \u00eatre prolong\u00e9 de 12 mois.<\/span><\/i><\/td>\n<\/tr>\n<tr>\n<td><b>Le contrat \u00e0 temps partiel\u00a0<\/b><\/td>\n<td><b>Le contrat \u00e0 temps partiel\u00a0<\/b><\/td>\n<\/tr>\n<tr>\n<td><b>Le contrat \u00e0 dur\u00e9e ind\u00e9termin\u00e9e discontinu\u00a0<\/b><span style=\"font-weight: 400;\">:<\/span><\/p>\n<p><i><span style=\"font-weight: 400;\">C\u2019est un contrat \u00e0 dur\u00e9e ind\u00e9termin\u00e9e utilis\u00e9 pour la r\u00e9alisation de t\u00e2ches qui se r\u00e9p\u00e8tent d\u2019une ann\u00e9e sur l\u2019autre mais de mani\u00e8re ponctuelle.<\/span><\/i><\/td>\n<td><b>Le contrat d\u2019apprentissage\u00a0<\/b><span style=\"font-weight: 400;\">:<\/span><\/p>\n<p><i><span style=\"font-weight: 400;\">L\u2019apprenti alterne entre activit\u00e9 professionnelle r\u00e9mun\u00e9r\u00e9e et formation acad\u00e9mique. Peuvent signer un contrat d\u2019apprentissage les personnes \u00e2g\u00e9es de 16 \u00e0 25 ans. Le contrat a une dur\u00e9e minimum de 1 an et maximale de 3 ans.<\/span><\/i><\/td>\n<\/tr>\n<tr>\n<td><\/td>\n<td><b>Le contrat de stage\u00a0<\/b><span style=\"font-weight: 400;\">: <\/span><\/p>\n<p><i><span style=\"font-weight: 400;\">La dur\u00e9e maximale est de 2ans<\/span><\/i><\/td>\n<\/tr>\n<tr>\n<td><\/td>\n<td><b>Le contrat de relai\u00a0<\/b><span style=\"font-weight: 400;\">: <\/span><\/p>\n<p><i><span style=\"font-weight: 400;\">C\u2019est un contrat sign\u00e9 en cons\u00e9quence d\u2019une retraite partielle, un contrat relai est mis en place pour une dur\u00e9e ind\u00e9termin\u00e9e ou, au minimum, d\u2019une dur\u00e9e \u00e9gale au temps restant au futur retrait\u00e9 pour atteindre l\u2019\u00e2ge de la retraite.<\/span><\/i><\/td>\n<\/tr>\n<\/tbody>\n<\/table>\n<h2><b><br \/>\n<\/b>La p\u00e9riode d\u2019essai en Espagne<\/h2>\n<p><span style=\"font-weight: 400;\">La p\u00e9riode d\u2019essai est limit\u00e9e \u00e0 6 mois pour les dipl\u00f4m\u00e9s et seulement 2 mois pour les autres salari\u00e9s.<\/span><\/p>\n<p><span style=\"font-weight: 400;\">Exceptionnellement, les entreprises de moins de 25 salari\u00e9s pourront appliquer une p\u00e9riode d\u2019essai de 3 mois.<\/span><\/p>\n<h2>Le salaire minimum<\/h2>\n<p><span style=\"font-weight: 400;\">Le salaire minimum (SMI<\/span> <span style=\"font-weight: 400;\">Salario M\u00ednimo Interprofesional) pour 2020 est fix\u00e9 \u00e0 950\u20ac mensuel, pour 40 heures par semaine.<\/span><\/p>\n<p><span style=\"font-weight: 400;\">Les conventions collectives pr\u00e9voient \u00e9galement des salaires minimums en fonction du secteur et de la qualification des salari\u00e9s. <\/span><\/p>\n<h2><b>La dur\u00e9e du travail<\/b><\/h2>\n<p><span style=\"font-weight: 400;\">La dur\u00e9e hebdomadaire l\u00e9gale du temps de travail est de 40 heures par semaine. <\/span><\/p>\n<p><span style=\"font-weight: 400;\">La dur\u00e9e du temps de travail peut \u00eatre r\u00e9duite par la convention collective en vigueur dans le secteur d\u2019activit\u00e9. <\/span><\/p>\n<h2>Les cong\u00e9s pay\u00e9s en Espagne<\/h2>\n<p><span style=\"font-weight: 400;\">Les salari\u00e9s doivent b\u00e9n\u00e9ficier d\u2019au moins 30 jours calendaires de cong\u00e9s pay\u00e9s par an.<\/span><\/p>\n<p><span style=\"font-weight: 400;\">Les conventions collectives viennent pr\u00e9ciser la dur\u00e9e exacte des cong\u00e9s pour chaque secteur. <\/span><\/p>\n<h2>Les cotisations et charges sociales<\/h2>\n<p><span style=\"font-weight: 400;\">En Espagne, les cotisations sociales sur le salaire (part salariale et part patronale confondues) sont beaucoup plus faibles qu\u2019en France puisqu\u2019elles repr\u00e9sentent environ 36% du salaire brut de l\u2019employ\u00e9. Toutefois, l\u2019assiette des cotisations est plafonn\u00e9e. Aussi, le montant des cotisations sociales reste fixe lorsque les salaires d\u00e9passent un certain seuil (environ 3.750\u20ac).<\/span><\/p>\n<p><span style=\"font-weight: 400;\">Les cotisations sociales salariales s\u2019\u00e9l\u00e8vent au total \u00e0 6,35% et les cotisations sociales patronales \u00e0 29,90%.<\/span><\/p>\n<table>\n<tbody>\n<tr>\n<td colspan=\"4\"><span style=\"font-weight: 400;\">Charges sociales obligatoires au<\/span> <span style=\"font-weight: 400;\">01\/01\/2018<\/span><\/td>\n<\/tr>\n<tr>\n<td><\/td>\n<td><span style=\"font-weight: 400;\">Taux employeur<\/span><\/td>\n<td><span style=\"font-weight: 400;\">Taux salari\u00e9<\/span><\/td>\n<td><span style=\"font-weight: 400;\">Total<\/span><\/td>\n<\/tr>\n<tr>\n<td><span style=\"font-weight: 400;\">S\u00e9curit\u00e9 sociale<\/span><\/td>\n<td><span style=\"font-weight: 400;\">23,60<\/span><\/td>\n<td><span style=\"font-weight: 400;\">4,70<\/span><\/td>\n<td><span style=\"font-weight: 400;\">28,30<\/span><\/td>\n<\/tr>\n<tr>\n<td><span style=\"font-weight: 400;\">Ch\u00f4mage<\/span><\/td>\n<td><span style=\"font-weight: 400;\">5,50<\/span><\/td>\n<td><span style=\"font-weight: 400;\">1,55<\/span><\/td>\n<td><span style=\"font-weight: 400;\">7,05<\/span><\/td>\n<\/tr>\n<tr>\n<td><span style=\"font-weight: 400;\">Fonds de garantie salariale<\/span><\/td>\n<td><span style=\"font-weight: 400;\">0,20<\/span><\/td>\n<td><span style=\"font-weight: 400;\">&#8211;<\/span><\/td>\n<td><span style=\"font-weight: 400;\">0,20<\/span><\/td>\n<\/tr>\n<tr>\n<td><span style=\"font-weight: 400;\">Formation professionnelle<\/span><\/td>\n<td><span style=\"font-weight: 400;\">0,60<\/span><\/td>\n<td><span style=\"font-weight: 400;\">0,10<\/span><\/td>\n<td><span style=\"font-weight: 400;\">0,70<\/span><\/td>\n<\/tr>\n<tr>\n<td><span style=\"font-weight: 400;\">Total<\/span><\/td>\n<td><span style=\"font-weight: 400;\">29,90<\/span><\/td>\n<td><span style=\"font-weight: 400;\">6,35<\/span><\/td>\n<td><span style=\"font-weight: 400;\">36,35<\/span><\/td>\n<\/tr>\n<\/tbody>\n<\/table>\n<h2>Les indemnit\u00e9s pour maladie, accident et cong\u00e9 maternit\u00e9<\/h2>\n<p><span style=\"font-weight: 400;\">En cas de maladie ou d\u2019accident non professionnel<\/span><b>, <\/b><span style=\"font-weight: 400;\">le salari\u00e9 en arr\u00eat de travail a droit aux indemnit\u00e9s journali\u00e8res vers\u00e9es par l\u2019employeur. <\/span><\/p>\n<p><span style=\"font-weight: 400;\">Pour pouvoir b\u00e9n\u00e9ficier des indemnit\u00e9s, le salari\u00e9 doit \u00eatre en arr\u00eat maladie depuis au moins 4 jours d\u2019affil\u00e9<\/span><span style=\"font-weight: 400;\">.<\/span><span style=\"font-weight: 400;\"> L<\/span><span style=\"font-weight: 400;\">es trois premiers jours non travaill\u00e9s ne sont pas r\u00e9mun\u00e9r\u00e9s (jours de carence). <\/span><\/p>\n<p><span style=\"font-weight: 400;\">L\u2019employeur supporte la charge du versement de l\u2019indemnit\u00e9 du 4<\/span><span style=\"font-weight: 400;\">\u00e8me<\/span><span style=\"font-weight: 400;\"> jour d\u2019arr\u00eat de travail au 15<\/span><span style=\"font-weight: 400;\">\u00e8me<\/span><span style=\"font-weight: 400;\"> jour. Durant cette p\u00e9riode, les indemnit\u00e9s sont de 60%. A partir du 16<\/span><span style=\"font-weight: 400;\">\u00e8me<\/span><span style=\"font-weight: 400;\"> jour, les indemnit\u00e9s sont support\u00e9es par la s\u00e9curit\u00e9 sociale.<\/span><\/p>\n<p><span style=\"font-weight: 400;\">En cas de maladie professionnelle ou d\u2019accident du travail<\/span><span style=\"font-weight: 400;\">, le salari\u00e9 per\u00e7oit une indemnit\u00e9 \u00e9gale \u00e0 75% sur toute la dur\u00e9e d\u2019arr\u00eat du travail.<\/span><\/p>\n<p><span style=\"font-weight: 400;\">En cas de cong\u00e9 maternit\u00e9<\/span><span style=\"font-weight: 400;\">, le salari\u00e9 per\u00e7oit une indemnit\u00e9 de 100% de la base de cotisation. Le cong\u00e9 maternit\u00e9 peut s\u2019\u00e9tendre sur 16 semaines et \u00eatre prolong\u00e9 sous conditions.<\/span><\/p>\n<p><span style=\"font-weight: 400;\">Il existe \u00e9galement un cong\u00e9 paternit\u00e9 d\u2019une dur\u00e9e \u00e9gale \u00e0 13 jours ainsi que la possibilit\u00e9 de partager le cong\u00e9 maternit\u00e9 entre les parents. <\/span><\/p>\n<h2>Le licenciement<\/h2>\n<p><span style=\"font-weight: 400;\">Le licenciement pour causes objectives\u00a0<\/span><span style=\"font-weight: 400;\">: c\u2019est-\u00e0-dire, par exemple, pour inaptitude du salari\u00e9, manque d\u2019adaptation, d\u00e9faut d\u2019assistance, etc.<\/span><\/p>\n<p><span style=\"font-weight: 400;\">Pour les contrats \u00e0 dur\u00e9e ind\u00e9termin\u00e9e, l\u2019indemnisation est de 20 jours par ann\u00e9e de service. L\u2019indemnisation est r\u00e9duite \u00e0 12 jours par ann\u00e9e de service pour les contrats \u00e0 dur\u00e9e d\u00e9termin\u00e9e.<\/span><\/p>\n<p><span style=\"font-weight: 400;\">Autres formes de licenciements\u00a0<\/span><span style=\"font-weight: 400;\">: licenciement collectif et licenciement disciplinaire pour faute.<\/span><\/p>\n<p><span style=\"font-weight: 400;\">Lorsque le licenciement a \u00e9t\u00e9 consid\u00e9r\u00e9 comme injustifi\u00e9<\/span><span style=\"font-weight: 400;\">, l\u2019employeur peut choisir entre la r\u00e9int\u00e9gration du salari\u00e9 ou le versement d\u2019une indemnisation \u00e9quivalente \u00e0 33 jours de salaires par ann\u00e9e de service (dans la limite de 24 mensualit\u00e9s).<\/span><\/p>\n","protected":false},"excerpt":{"rendered":"M\u00eame si vous allez confier la gestion sociale de votre soci\u00e9t\u00e9 \u00e0 un cabinet sp\u00e9cialis\u00e9 en droit du travail, il est important de conna\u00eetre les grandes lignes relatives au droit du travail espagnol. Dans ce panorama nous vous pr\u00e9sentons succinctement les diff\u00e9rents points importants relatifs \u00e0 l\u2019embauche d\u2019un salari\u00e9 dans une soci\u00e9t\u00e9 espagnole. Aussi, si&#8230; <a class=\"view-article\" href=\"https:\/\/amedia-contables-espana.com\/fr\/blog\/informations-utiles-moment-dembaucher-droit-travail-charges-sociales\/\">Voir l&rsquo;article<\/a>","protected":false},"author":3,"featured_media":0,"comment_status":"closed","ping_status":"open","sticky":false,"template":"","format":"standard","meta":{"advgb_blocks_editor_width":"","advgb_blocks_columns_visual_guide":"","footnotes":""},"categories":[1],"tags":[],"class_list":["post-924","post","type-post","status-publish","format-standard","hentry","category-non-classifiee"],"yoast_head":"<!-- This site is optimized with the Yoast SEO plugin v28.2 - https:\/\/yoast.com\/product\/yoast-seo-wordpress\/ -->\n<title>Embaucher en Espagne : droit du travail et charges sociales - Amedia<\/title>\n<meta name=\"description\" content=\"Vous embauchez en Espagne ? D\u00e9couvrez nos conseils et informations utiles.\" \/>\n<meta name=\"robots\" content=\"index, follow, max-snippet:-1, max-image-preview:large, max-video-preview:-1\" \/>\n<link rel=\"canonical\" href=\"https:\/\/amedia-contables-espana.com\/fr\/blog\/informations-utiles-moment-dembaucher-droit-travail-charges-sociales\/\" \/>\n<meta property=\"og:locale\" content=\"fr_FR\" \/>\n<meta property=\"og:type\" content=\"article\" \/>\n<meta property=\"og:title\" content=\"Embaucher en Espagne : droit du travail et charges sociales - Amedia\" \/>\n<meta property=\"og:description\" content=\"Vous embauchez en Espagne ? D\u00e9couvrez nos conseils et informations utiles.\" \/>\n<meta property=\"og:url\" content=\"https:\/\/amedia-contables-espana.com\/fr\/blog\/informations-utiles-moment-dembaucher-droit-travail-charges-sociales\/\" \/>\n<meta property=\"og:site_name\" content=\"Amedia contables espana\" \/>\n<meta property=\"article:published_time\" content=\"2018-02-16T15:07:54+00:00\" \/>\n<meta property=\"article:modified_time\" content=\"2020-07-14T08:51:37+00:00\" \/>\n<meta name=\"author\" content=\"Vitali\" \/>\n<meta name=\"twitter:card\" content=\"summary_large_image\" \/>\n<meta name=\"twitter:label1\" content=\"\u00c9crit par\" \/>\n\t<meta name=\"twitter:data1\" content=\"Vitali\" \/>\n\t<meta name=\"twitter:label2\" content=\"Dur\u00e9e de lecture estim\u00e9e\" \/>\n\t<meta name=\"twitter:data2\" content=\"5 minutes\" \/>\n<script type=\"application\/ld+json\" class=\"yoast-schema-graph\">{\"@context\":\"https:\\\/\\\/schema.org\",\"@graph\":[{\"@type\":\"Article\",\"@id\":\"https:\\\/\\\/amedia-contables-espana.com\\\/fr\\\/blog\\\/informations-utiles-moment-dembaucher-droit-travail-charges-sociales\\\/#article\",\"isPartOf\":{\"@id\":\"https:\\\/\\\/amedia-contables-espana.com\\\/fr\\\/blog\\\/informations-utiles-moment-dembaucher-droit-travail-charges-sociales\\\/\"},\"author\":{\"name\":\"Vitali\",\"@id\":\"https:\\\/\\\/amedia-contables-espana.com\\\/fr\\\/#\\\/schema\\\/person\\\/38062a9e6a9730a7b03e3ac2615ae6f5\"},\"headline\":\"Embaucher en Espagne : droit du travail et charges sociales\",\"datePublished\":\"2018-02-16T15:07:54+00:00\",\"dateModified\":\"2020-07-14T08:51:37+00:00\",\"mainEntityOfPage\":{\"@id\":\"https:\\\/\\\/amedia-contables-espana.com\\\/fr\\\/blog\\\/informations-utiles-moment-dembaucher-droit-travail-charges-sociales\\\/\"},\"wordCount\":998,\"articleSection\":[\"Non classifi\u00e9(e)\"],\"inLanguage\":\"fr-FR\"},{\"@type\":\"WebPage\",\"@id\":\"https:\\\/\\\/amedia-contables-espana.com\\\/fr\\\/blog\\\/informations-utiles-moment-dembaucher-droit-travail-charges-sociales\\\/\",\"url\":\"https:\\\/\\\/amedia-contables-espana.com\\\/fr\\\/blog\\\/informations-utiles-moment-dembaucher-droit-travail-charges-sociales\\\/\",\"name\":\"Embaucher en Espagne : droit du travail et charges sociales - Amedia\",\"isPartOf\":{\"@id\":\"https:\\\/\\\/amedia-contables-espana.com\\\/fr\\\/#website\"},\"datePublished\":\"2018-02-16T15:07:54+00:00\",\"dateModified\":\"2020-07-14T08:51:37+00:00\",\"author\":{\"@id\":\"https:\\\/\\\/amedia-contables-espana.com\\\/fr\\\/#\\\/schema\\\/person\\\/38062a9e6a9730a7b03e3ac2615ae6f5\"},\"description\":\"Vous embauchez en Espagne ? D\u00e9couvrez nos conseils et informations utiles.\",\"breadcrumb\":{\"@id\":\"https:\\\/\\\/amedia-contables-espana.com\\\/fr\\\/blog\\\/informations-utiles-moment-dembaucher-droit-travail-charges-sociales\\\/#breadcrumb\"},\"inLanguage\":\"fr-FR\",\"potentialAction\":[{\"@type\":\"ReadAction\",\"target\":[\"https:\\\/\\\/amedia-contables-espana.com\\\/fr\\\/blog\\\/informations-utiles-moment-dembaucher-droit-travail-charges-sociales\\\/\"]}]},{\"@type\":\"BreadcrumbList\",\"@id\":\"https:\\\/\\\/amedia-contables-espana.com\\\/fr\\\/blog\\\/informations-utiles-moment-dembaucher-droit-travail-charges-sociales\\\/#breadcrumb\",\"itemListElement\":[{\"@type\":\"ListItem\",\"position\":1,\"name\":\"Accueil\",\"item\":\"https:\\\/\\\/amedia-contables-espana.com\\\/fr\\\/\"},{\"@type\":\"ListItem\",\"position\":2,\"name\":\"Embaucher en Espagne : droit du travail et charges sociales\"}]},{\"@type\":\"WebSite\",\"@id\":\"https:\\\/\\\/amedia-contables-espana.com\\\/fr\\\/#website\",\"url\":\"https:\\\/\\\/amedia-contables-espana.com\\\/fr\\\/\",\"name\":\"Amedia contables espana\",\"description\":\"\",\"potentialAction\":[{\"@type\":\"SearchAction\",\"target\":{\"@type\":\"EntryPoint\",\"urlTemplate\":\"https:\\\/\\\/amedia-contables-espana.com\\\/fr\\\/?s={search_term_string}\"},\"query-input\":{\"@type\":\"PropertyValueSpecification\",\"valueRequired\":true,\"valueName\":\"search_term_string\"}}],\"inLanguage\":\"fr-FR\"},{\"@type\":\"Person\",\"@id\":\"https:\\\/\\\/amedia-contables-espana.com\\\/fr\\\/#\\\/schema\\\/person\\\/38062a9e6a9730a7b03e3ac2615ae6f5\",\"name\":\"Vitali\",\"sameAs\":[\"http:\\\/\\\/amedia.com\"],\"url\":\"https:\\\/\\\/amedia-contables-espana.com\\\/fr\\\/blog\\\/author\\\/admin-masonu\\\/\"}]}<\/script>\n<!-- \/ Yoast SEO plugin. -->","yoast_head_json":{"title":"Embaucher en Espagne : droit du travail et charges sociales - Amedia","description":"Vous embauchez en Espagne ? D\u00e9couvrez nos conseils et informations utiles.","robots":{"index":"index","follow":"follow","max-snippet":"max-snippet:-1","max-image-preview":"max-image-preview:large","max-video-preview":"max-video-preview:-1"},"canonical":"https:\/\/amedia-contables-espana.com\/fr\/blog\/informations-utiles-moment-dembaucher-droit-travail-charges-sociales\/","og_locale":"fr_FR","og_type":"article","og_title":"Embaucher en Espagne : droit du travail et charges sociales - Amedia","og_description":"Vous embauchez en Espagne ? D\u00e9couvrez nos conseils et informations utiles.","og_url":"https:\/\/amedia-contables-espana.com\/fr\/blog\/informations-utiles-moment-dembaucher-droit-travail-charges-sociales\/","og_site_name":"Amedia contables espana","article_published_time":"2018-02-16T15:07:54+00:00","article_modified_time":"2020-07-14T08:51:37+00:00","author":"Vitali","twitter_card":"summary_large_image","twitter_misc":{"\u00c9crit par":"Vitali","Dur\u00e9e de lecture estim\u00e9e":"5 minutes"},"schema":{"@context":"https:\/\/schema.org","@graph":[{"@type":"Article","@id":"https:\/\/amedia-contables-espana.com\/fr\/blog\/informations-utiles-moment-dembaucher-droit-travail-charges-sociales\/#article","isPartOf":{"@id":"https:\/\/amedia-contables-espana.com\/fr\/blog\/informations-utiles-moment-dembaucher-droit-travail-charges-sociales\/"},"author":{"name":"Vitali","@id":"https:\/\/amedia-contables-espana.com\/fr\/#\/schema\/person\/38062a9e6a9730a7b03e3ac2615ae6f5"},"headline":"Embaucher en Espagne : droit du travail et charges sociales","datePublished":"2018-02-16T15:07:54+00:00","dateModified":"2020-07-14T08:51:37+00:00","mainEntityOfPage":{"@id":"https:\/\/amedia-contables-espana.com\/fr\/blog\/informations-utiles-moment-dembaucher-droit-travail-charges-sociales\/"},"wordCount":998,"articleSection":["Non classifi\u00e9(e)"],"inLanguage":"fr-FR"},{"@type":"WebPage","@id":"https:\/\/amedia-contables-espana.com\/fr\/blog\/informations-utiles-moment-dembaucher-droit-travail-charges-sociales\/","url":"https:\/\/amedia-contables-espana.com\/fr\/blog\/informations-utiles-moment-dembaucher-droit-travail-charges-sociales\/","name":"Embaucher en Espagne : droit du travail et charges sociales - Amedia","isPartOf":{"@id":"https:\/\/amedia-contables-espana.com\/fr\/#website"},"datePublished":"2018-02-16T15:07:54+00:00","dateModified":"2020-07-14T08:51:37+00:00","author":{"@id":"https:\/\/amedia-contables-espana.com\/fr\/#\/schema\/person\/38062a9e6a9730a7b03e3ac2615ae6f5"},"description":"Vous embauchez en Espagne ? D\u00e9couvrez nos conseils et informations utiles.","breadcrumb":{"@id":"https:\/\/amedia-contables-espana.com\/fr\/blog\/informations-utiles-moment-dembaucher-droit-travail-charges-sociales\/#breadcrumb"},"inLanguage":"fr-FR","potentialAction":[{"@type":"ReadAction","target":["https:\/\/amedia-contables-espana.com\/fr\/blog\/informations-utiles-moment-dembaucher-droit-travail-charges-sociales\/"]}]},{"@type":"BreadcrumbList","@id":"https:\/\/amedia-contables-espana.com\/fr\/blog\/informations-utiles-moment-dembaucher-droit-travail-charges-sociales\/#breadcrumb","itemListElement":[{"@type":"ListItem","position":1,"name":"Accueil","item":"https:\/\/amedia-contables-espana.com\/fr\/"},{"@type":"ListItem","position":2,"name":"Embaucher en Espagne : droit du travail et charges sociales"}]},{"@type":"WebSite","@id":"https:\/\/amedia-contables-espana.com\/fr\/#website","url":"https:\/\/amedia-contables-espana.com\/fr\/","name":"Amedia contables espana","description":"","potentialAction":[{"@type":"SearchAction","target":{"@type":"EntryPoint","urlTemplate":"https:\/\/amedia-contables-espana.com\/fr\/?s={search_term_string}"},"query-input":{"@type":"PropertyValueSpecification","valueRequired":true,"valueName":"search_term_string"}}],"inLanguage":"fr-FR"},{"@type":"Person","@id":"https:\/\/amedia-contables-espana.com\/fr\/#\/schema\/person\/38062a9e6a9730a7b03e3ac2615ae6f5","name":"Vitali","sameAs":["http:\/\/amedia.com"],"url":"https:\/\/amedia-contables-espana.com\/fr\/blog\/author\/admin-masonu\/"}]}},"author_meta":{"display_name":"Vitali","author_link":"https:\/\/amedia-contables-espana.com\/fr\/blog\/author\/admin-masonu\/"},"featured_img":null,"coauthors":[],"tax_additional":{"categories":{"linked":["<a href=\"https:\/\/amedia-contables-espana.com\/fr\/blog\/category\/non-classifiee\/\" class=\"advgb-post-tax-term\">Non classifi\u00e9(e)<\/a>"],"unlinked":["<span class=\"advgb-post-tax-term\">Non classifi\u00e9(e)<\/span>"]}},"comment_count":"0","relative_dates":{"created":"Publi\u00e9 9 ans il y a","modified":"Mis \u00e0 jour 6 ans il y a"},"absolute_dates":{"created":"Publi\u00e9 le 16 F\u00e9vrier 2018","modified":"Mise \u00e0 jour le 14 Juillet 2020"},"absolute_dates_time":{"created":"Publi\u00e9 le 16 F\u00e9vrier 2018 16 h 07 min","modified":"Mise \u00e0 jour le 14 Juillet 2020 10 h 51 min"},"featured_img_caption":"","series_order":"","_links":{"self":[{"href":"https:\/\/amedia-contables-espana.com\/fr\/wp-json\/wp\/v2\/posts\/924","targetHints":{"allow":["GET"]}}],"collection":[{"href":"https:\/\/amedia-contables-espana.com\/fr\/wp-json\/wp\/v2\/posts"}],"about":[{"href":"https:\/\/amedia-contables-espana.com\/fr\/wp-json\/wp\/v2\/types\/post"}],"author":[{"embeddable":true,"href":"https:\/\/amedia-contables-espana.com\/fr\/wp-json\/wp\/v2\/users\/3"}],"replies":[{"embeddable":true,"href":"https:\/\/amedia-contables-espana.com\/fr\/wp-json\/wp\/v2\/comments?post=924"}],"version-history":[{"count":2,"href":"https:\/\/amedia-contables-espana.com\/fr\/wp-json\/wp\/v2\/posts\/924\/revisions"}],"predecessor-version":[{"id":1045,"href":"https:\/\/amedia-contables-espana.com\/fr\/wp-json\/wp\/v2\/posts\/924\/revisions\/1045"}],"wp:attachment":[{"href":"https:\/\/amedia-contables-espana.com\/fr\/wp-json\/wp\/v2\/media?parent=924"}],"wp:term":[{"taxonomy":"category","embeddable":true,"href":"https:\/\/amedia-contables-espana.com\/fr\/wp-json\/wp\/v2\/categories?post=924"},{"taxonomy":"post_tag","embeddable":true,"href":"https:\/\/amedia-contables-espana.com\/fr\/wp-json\/wp\/v2\/tags?post=924"}],"curies":[{"name":"wp","href":"https:\/\/api.w.org\/{rel}","templated":true}]}}