{"id":921,"date":"2017-12-21T16:43:18","date_gmt":"2017-12-21T15:43:18","guid":{"rendered":"http:\/\/www.objectif-espagne.com\/?p=911"},"modified":"2020-07-14T10:16:07","modified_gmt":"2020-07-14T08:16:07","slug":"informations-fiscales-utiles-moment-de-creer-societe","status":"publish","type":"post","link":"https:\/\/amedia-contables-espana.com\/fr\/blog\/informations-fiscales-utiles-moment-de-creer-societe\/","title":{"rendered":"Informations fiscales utiles au moment de cr\u00e9er sa soci\u00e9t\u00e9 en Espagne"},"content":{"rendered":"<p><span style=\"font-weight: 400;\">M\u00eame si vous allez confier la gestion comptable et fiscale de votre soci\u00e9t\u00e9 \u00e0 un cabinet sp\u00e9cialis\u00e9, il est important de conna\u00eetre les grandes lignes des imp\u00f4ts qui toucheront votre soci\u00e9t\u00e9 et des dispositifs avantageux dont vous pourriez b\u00e9n\u00e9ficier. <\/span><\/p>\n<p><span style=\"font-weight: 400;\">Dans ce panorama fiscal nous vous pr\u00e9sentons succinctement les diff\u00e9rents points importants relatifs \u00e0 l\u2019imposition des soci\u00e9t\u00e9s espagnoles. <\/span><\/p>\n<ul>\n<li><b>Taux d\u2019imp\u00f4t sur les soci\u00e9t\u00e9s de 25%<\/b><\/li>\n<\/ul>\n<p><span style=\"font-weight: 400;\">Depuis 2016, le taux d\u2019imposition des soci\u00e9t\u00e9s espagnoles s\u2019\u00e9l\u00e8ve \u00e0 <\/span><b>25%.<\/b><\/p>\n<p><span style=\"font-weight: 400;\">Pour favoriser la cr\u00e9ation d\u2019entreprise, les deux premiers exercices b\u00e9n\u00e9ficiaires suivant la cr\u00e9ation de la soci\u00e9t\u00e9 b\u00e9n\u00e9ficient d\u2019une imposition privil\u00e9gi\u00e9e de <\/span><b>15% seulement.<\/b><\/p>\n<ul>\n<li><b>TVA<\/b><\/li>\n<\/ul>\n<p><span style=\"font-weight: 400;\">La TVA vient grever les ventes de biens et prestations de services r\u00e9alis\u00e9es en Espagne ainsi que les acquisitions intracommunautaires et les importations de biens.<\/span><\/p>\n<p><span style=\"font-weight: 400;\">Le paiement de la TVA est mensuel pour les grandes entreprises qui facturent plus de 6 millions d\u2019euros. Pour toutes les autres soci\u00e9t\u00e9s, le paiement s\u2019effectue tous les 3 mois.<\/span><\/p>\n<ul>\n<li><b>Taux g\u00e9n\u00e9ral de 21%<\/b><\/li>\n<\/ul>\n<p><span style=\"font-weight: 400;\">Taux r\u00e9duit de 10%<\/span><\/p>\n<p><span style=\"font-weight: 400;\">Taux super r\u00e9duit de 4%, qui s\u2019applique aux produits de premi\u00e8re n\u00e9cessit\u00e9<\/span><\/p>\n<ul>\n<li><b>Sp\u00e9cificit\u00e9s au b\u00e9n\u00e9fice des PME<\/b><\/li>\n<\/ul>\n<p><span style=\"font-weight: 400;\">Les PME sont impos\u00e9es \u00e0 25% mais peuvent, sous conditions, profiter d\u2019une r\u00e9duction de la base imposable de 10% dans la limite fix\u00e9e \u00e0 1 million d\u2019euros. <\/span><\/p>\n<ul>\n<li><b>Possibilit\u00e9 de reporter les d\u00e9ficits en avant <\/b><\/li>\n<\/ul>\n<p><span style=\"font-weight: 400;\">Comme en France, les d\u00e9ficits d\u2019un exercice fiscal peuvent faire l\u2019objet d\u2019un report en avant. L\u2019objectif est de diminuer la base imposable des exercices b\u00e9n\u00e9ficiaires suivants et donc de diminuer l\u2019imp\u00f4t \u00e0 payer. <\/span><\/p>\n<p><span style=\"font-weight: 400;\">Le report est illimit\u00e9 dans le temps mais son montant est plafonn\u00e9 \u00e0 1 million d\u2019euros ou 70% du b\u00e9n\u00e9fice.<\/span><\/p>\n<ul>\n<li><b>Patent box <\/b><\/li>\n<\/ul>\n<p><span style=\"font-weight: 400;\">Les revenus provenant de cessions du droit d\u2019usage ou d\u2019exploitation des brevets, les dessins ou mod\u00e8les, les plans, les formules ou proc\u00e9d\u00e9s secrets, les droits \u00e0 information relative \u00e0 l\u2019exp\u00e9rience industrielle, commerciale ou scientifique b\u00e9n\u00e9ficient d\u2019une r\u00e9duction sp\u00e9ciale de la base imposable. <\/span><\/p>\n<ul>\n<li><b>D\u00e9ductions pour cr\u00e9ation d\u2019emplois <\/b><\/li>\n<\/ul>\n<p><span style=\"font-weight: 400;\">Concerne notamment le premier salari\u00e9 embauch\u00e9 par la soci\u00e9t\u00e9. Les soci\u00e9t\u00e9s qui embauchent leur premier salari\u00e9, de moins de 30 ans, via un contrat de travail \u00e0 dur\u00e9e ind\u00e9termin\u00e9e d\u2019appui aux entrepreneurs, peuvent d\u00e9duire leur imp\u00f4t brut de 3 000\u20ac.<\/span><\/p>\n<ul>\n<li><b>Autres d\u00e9ductions incitatives<\/b><\/li>\n<\/ul>\n<p><span style=\"font-weight: 400;\">D\u00e9ductions pour activit\u00e9s de recherche, d\u00e9veloppement et innovations technologiques<\/span><\/p>\n<p><span style=\"font-weight: 400;\">D\u00e9ductions pour investissements dans les productions cin\u00e9matographiques<\/span><\/p>\n<p><span style=\"font-weight: 400;\">D\u00e9ductions pour cr\u00e9ation d\u2019emplois pour travailleurs handicap\u00e9s<\/span><\/p>\n<ul>\n<li><b>Exon\u00e9rations pour \u00e9viter la double imposition des dividendes et plus-values de cession<\/b><\/li>\n<\/ul>\n<p><span style=\"font-weight: 400;\">Sont exon\u00e9r\u00e9s, sous conditions, les dividendes et plus-values vers\u00e9s par des entit\u00e9s non r\u00e9sidentes \u00e0 des soci\u00e9t\u00e9s r\u00e9sidentes en Espagne.<\/span><\/p>\n<p><span style=\"font-weight: 400;\">Sont \u00e9galement exon\u00e9r\u00e9s les dividendes vers\u00e9s par une filiale espagnole \u00e0 la soci\u00e9t\u00e9 m\u00e8re r\u00e9sidente dans un pays de l\u2019EU ou un Etat membre de l\u2019EEE avec lequel il existe un \u00e9change d\u2019information. <\/span><\/p>\n<ul>\n<li><b>M\u00e9canisme d\u2019\u00e9limination de la double imposition internationale <\/b><\/li>\n<\/ul>\n<p><span style=\"font-weight: 400;\">La loi sur l\u2019imp\u00f4t sur les soci\u00e9t\u00e9s pr\u00e9voit un m\u00e9canisme d\u2019\u00e9limination de la double imposition. <\/span><\/p>\n<p><span style=\"font-weight: 400;\">Lorsque des revenus ont d\u00e9j\u00e0 \u00e9t\u00e9 impos\u00e9s \u00e0 l\u2019\u00e9tranger, il est possible de r\u00e9duire de l\u2019imp\u00f4t brut tout ou partie du montant d\u2019imp\u00f4t pay\u00e9 \u00e0 l\u2019\u00e9tranger <\/span><\/p>\n<ul>\n<li><b>Paiement fractionn\u00e9 de l\u2019imp\u00f4t <\/b><\/li>\n<\/ul>\n<p><span style=\"font-weight: 400;\">Dans les 20 premiers jours calendaire des mois d\u2019avril, octobre et d\u00e9cembre, les contribuables effectuent un paiement fractionn\u00e9 d\u2019acomptes provisionnels \u00e9gal au montant d\u2019imp\u00f4t d\u00fb sur la p\u00e9riode en cours le 1<\/span><span style=\"font-weight: 400;\">er<\/span><span style=\"font-weight: 400;\"> jour de chacun de ces trois mois.<\/span><\/p>\n<ul>\n<li><b>Retenue \u00e0 la source<\/b><\/li>\n<\/ul>\n<p><span style=\"font-weight: 400;\">Une retenue \u00e0 la source de 19% est applicable aux <\/span><b>dividendes et int\u00e9r\u00eats<\/b><span style=\"font-weight: 400;\"> vers\u00e9s \u00e0 des non-r\u00e9sidents, sauf s\u2019il existe une convention fiscale sign\u00e9e par l\u2019Espagne et le pays de r\u00e9sidence du b\u00e9n\u00e9ficiaire des dividendes.<\/span><\/p>\n<p><span style=\"font-weight: 400;\">Pour les <\/span><b>redevances<\/b><span style=\"font-weight: 400;\">, la retenue \u00e0 la source s\u2019\u00e9l\u00e8ve \u00e0 24% et peut \u00eatre r\u00e9duite \u00e0 19% lorsque celui qui re\u00e7oit est \u00e9tabli dans l\u2019UE ou dans un pays de l\u2019EEE ayant conclu un accord d\u2019\u00e9change d\u2019information avec l\u2019Espagne. Encore une fois, ce taux de retenue est applicable sous r\u00e9serve des dispositions d\u2019une convention fiscale.<\/span><\/p>\n<p><span style=\"font-weight: 400;\">Les <\/span><b>salaires<\/b><span style=\"font-weight: 400;\"> font \u00e9galement l\u2019objet d\u2019une retenue \u00e0 la source. Celle-ci correspond au taux de l\u2019IRPF (Imp\u00f4t sur le Revenu des Personnes Physiques) applicable pour les r\u00e9sidents. <\/span><\/p>\n<p><span style=\"font-weight: 400;\">La retenue sur les salaires vers\u00e9s \u00e0 des non-r\u00e9sidents s\u2019\u00e9l\u00e8ve \u00e0 24% et peut \u00eatre abaiss\u00e9e \u00e0 19% pour les r\u00e9sidents de l\u2019Union Europ\u00e9enne ou d\u2019un Etat de l\u2019EEE ayant conclu un accord d\u2019\u00e9change d\u2019information avec l\u2019Espagne.<\/span><\/p>\n<ul>\n<li><b>Imposition des personnes physiques<\/b><\/li>\n<\/ul>\n<p><span style=\"font-weight: 400;\">L\u2019imposition sur le salaire progressif d\u00e9pend de la communaut\u00e9 autonome. La retenue \u00e0 la source varie entre <\/span><span style=\"font-weight: 400;\">19% et 46% et se calcule selon l\u2019ensemble des r\u00e9mun\u00e9rations per\u00e7ues et de la situation personnelle du contribuable.<\/span><\/p>\n<p><span style=\"font-weight: 400;\">Concernant les dividendes, l\u2019imposition est \u00e9galement progressive\u00a0:<\/span><\/p>\n<ul>\n<li><span style=\"font-weight: 400;\">19% sur les 6 000 premiers euros de revenu,<\/span><\/li>\n<li><span style=\"font-weight: 400;\">21% sur les revenus compris entre 6 000 et 50 000\u20ac,<\/span><\/li>\n<li><span style=\"font-weight: 400;\">23% sur les revenus sup\u00e9rieurs \u00e0 50 000\u20ac.<\/span><\/li>\n<\/ul>\n<p><span style=\"font-weight: 400;\">En revanche, les non-r\u00e9sidents\u00a0sont impos\u00e9s sur les seuls revenus de source espagnol.<\/span><\/p>\n<p><span style=\"font-weight: 400;\">Les salaires et dividendes sont impos\u00e9s au taux de 24%. Ce taux est r\u00e9duit \u00e0 19% pour les r\u00e9sidents d\u2019un pays de l\u2019union Europ\u00e9enne.<\/span><\/p>\n","protected":false},"excerpt":{"rendered":"M\u00eame si vous allez confier la gestion comptable et fiscale de votre soci\u00e9t\u00e9 \u00e0 un cabinet sp\u00e9cialis\u00e9, il est important de conna\u00eetre les grandes lignes des imp\u00f4ts qui toucheront votre soci\u00e9t\u00e9 et des dispositifs avantageux dont vous pourriez b\u00e9n\u00e9ficier. Dans ce panorama fiscal nous vous pr\u00e9sentons succinctement les diff\u00e9rents points importants relatifs \u00e0 l\u2019imposition des&#8230; <a class=\"view-article\" href=\"https:\/\/amedia-contables-espana.com\/fr\/blog\/informations-fiscales-utiles-moment-de-creer-societe\/\">Voir l&rsquo;article<\/a>","protected":false},"author":3,"featured_media":0,"comment_status":"closed","ping_status":"open","sticky":false,"template":"","format":"standard","meta":{"advgb_blocks_editor_width":"","advgb_blocks_columns_visual_guide":"","footnotes":""},"categories":[1],"tags":[],"class_list":["post-921","post","type-post","status-publish","format-standard","hentry","category-non-classifiee"],"yoast_head":"<!-- This site is optimized with the Yoast SEO plugin v28.2 - https:\/\/yoast.com\/product\/yoast-seo-wordpress\/ -->\n<title>Informations fiscales utiles au moment de cr\u00e9er sa soci\u00e9t\u00e9 en Espagne - Amedia<\/title>\n<meta name=\"description\" content=\"D\u00e9couvrez les grandes lignes des imp\u00f4ts qui toucheront votre soci\u00e9t\u00e9 en Espagne et des dispositifs avantageux dont vous pourriez b\u00e9n\u00e9ficier.\" \/>\n<meta name=\"robots\" content=\"index, follow, max-snippet:-1, max-image-preview:large, max-video-preview:-1\" \/>\n<link rel=\"canonical\" href=\"https:\/\/amedia-contables-espana.com\/fr\/blog\/informations-fiscales-utiles-moment-de-creer-societe\/\" \/>\n<meta property=\"og:locale\" content=\"fr_FR\" \/>\n<meta property=\"og:type\" content=\"article\" \/>\n<meta property=\"og:title\" content=\"Informations fiscales utiles au moment de cr\u00e9er sa soci\u00e9t\u00e9 en Espagne - Amedia\" \/>\n<meta property=\"og:description\" content=\"D\u00e9couvrez les grandes lignes des imp\u00f4ts qui toucheront votre soci\u00e9t\u00e9 en Espagne et des dispositifs avantageux dont vous pourriez b\u00e9n\u00e9ficier.\" \/>\n<meta property=\"og:url\" content=\"https:\/\/amedia-contables-espana.com\/fr\/blog\/informations-fiscales-utiles-moment-de-creer-societe\/\" \/>\n<meta property=\"og:site_name\" content=\"Amedia contables espana\" \/>\n<meta property=\"article:published_time\" content=\"2017-12-21T15:43:18+00:00\" \/>\n<meta property=\"article:modified_time\" content=\"2020-07-14T08:16:07+00:00\" \/>\n<meta name=\"author\" content=\"Vitali\" \/>\n<meta name=\"twitter:card\" content=\"summary_large_image\" \/>\n<meta name=\"twitter:label1\" content=\"\u00c9crit par\" \/>\n\t<meta name=\"twitter:data1\" content=\"Vitali\" \/>\n\t<meta name=\"twitter:label2\" content=\"Dur\u00e9e de lecture estim\u00e9e\" \/>\n\t<meta name=\"twitter:data2\" content=\"5 minutes\" \/>\n<script type=\"application\/ld+json\" class=\"yoast-schema-graph\">{\"@context\":\"https:\\\/\\\/schema.org\",\"@graph\":[{\"@type\":\"Article\",\"@id\":\"https:\\\/\\\/amedia-contables-espana.com\\\/fr\\\/blog\\\/informations-fiscales-utiles-moment-de-creer-societe\\\/#article\",\"isPartOf\":{\"@id\":\"https:\\\/\\\/amedia-contables-espana.com\\\/fr\\\/blog\\\/informations-fiscales-utiles-moment-de-creer-societe\\\/\"},\"author\":{\"name\":\"Vitali\",\"@id\":\"https:\\\/\\\/amedia-contables-espana.com\\\/fr\\\/#\\\/schema\\\/person\\\/38062a9e6a9730a7b03e3ac2615ae6f5\"},\"headline\":\"Informations fiscales utiles au moment de cr\u00e9er sa soci\u00e9t\u00e9 en Espagne\",\"datePublished\":\"2017-12-21T15:43:18+00:00\",\"dateModified\":\"2020-07-14T08:16:07+00:00\",\"mainEntityOfPage\":{\"@id\":\"https:\\\/\\\/amedia-contables-espana.com\\\/fr\\\/blog\\\/informations-fiscales-utiles-moment-de-creer-societe\\\/\"},\"wordCount\":954,\"articleSection\":[\"Non classifi\u00e9(e)\"],\"inLanguage\":\"fr-FR\"},{\"@type\":\"WebPage\",\"@id\":\"https:\\\/\\\/amedia-contables-espana.com\\\/fr\\\/blog\\\/informations-fiscales-utiles-moment-de-creer-societe\\\/\",\"url\":\"https:\\\/\\\/amedia-contables-espana.com\\\/fr\\\/blog\\\/informations-fiscales-utiles-moment-de-creer-societe\\\/\",\"name\":\"Informations fiscales utiles au moment de cr\u00e9er sa soci\u00e9t\u00e9 en Espagne - Amedia\",\"isPartOf\":{\"@id\":\"https:\\\/\\\/amedia-contables-espana.com\\\/fr\\\/#website\"},\"datePublished\":\"2017-12-21T15:43:18+00:00\",\"dateModified\":\"2020-07-14T08:16:07+00:00\",\"author\":{\"@id\":\"https:\\\/\\\/amedia-contables-espana.com\\\/fr\\\/#\\\/schema\\\/person\\\/38062a9e6a9730a7b03e3ac2615ae6f5\"},\"description\":\"D\u00e9couvrez les grandes lignes des imp\u00f4ts qui toucheront votre soci\u00e9t\u00e9 en Espagne et des dispositifs avantageux dont vous pourriez b\u00e9n\u00e9ficier.\",\"breadcrumb\":{\"@id\":\"https:\\\/\\\/amedia-contables-espana.com\\\/fr\\\/blog\\\/informations-fiscales-utiles-moment-de-creer-societe\\\/#breadcrumb\"},\"inLanguage\":\"fr-FR\",\"potentialAction\":[{\"@type\":\"ReadAction\",\"target\":[\"https:\\\/\\\/amedia-contables-espana.com\\\/fr\\\/blog\\\/informations-fiscales-utiles-moment-de-creer-societe\\\/\"]}]},{\"@type\":\"BreadcrumbList\",\"@id\":\"https:\\\/\\\/amedia-contables-espana.com\\\/fr\\\/blog\\\/informations-fiscales-utiles-moment-de-creer-societe\\\/#breadcrumb\",\"itemListElement\":[{\"@type\":\"ListItem\",\"position\":1,\"name\":\"Accueil\",\"item\":\"https:\\\/\\\/amedia-contables-espana.com\\\/fr\\\/\"},{\"@type\":\"ListItem\",\"position\":2,\"name\":\"Informations fiscales utiles au moment de cr\u00e9er sa soci\u00e9t\u00e9 en Espagne\"}]},{\"@type\":\"WebSite\",\"@id\":\"https:\\\/\\\/amedia-contables-espana.com\\\/fr\\\/#website\",\"url\":\"https:\\\/\\\/amedia-contables-espana.com\\\/fr\\\/\",\"name\":\"Amedia contables espana\",\"description\":\"\",\"potentialAction\":[{\"@type\":\"SearchAction\",\"target\":{\"@type\":\"EntryPoint\",\"urlTemplate\":\"https:\\\/\\\/amedia-contables-espana.com\\\/fr\\\/?s={search_term_string}\"},\"query-input\":{\"@type\":\"PropertyValueSpecification\",\"valueRequired\":true,\"valueName\":\"search_term_string\"}}],\"inLanguage\":\"fr-FR\"},{\"@type\":\"Person\",\"@id\":\"https:\\\/\\\/amedia-contables-espana.com\\\/fr\\\/#\\\/schema\\\/person\\\/38062a9e6a9730a7b03e3ac2615ae6f5\",\"name\":\"Vitali\",\"sameAs\":[\"http:\\\/\\\/amedia.com\"],\"url\":\"https:\\\/\\\/amedia-contables-espana.com\\\/fr\\\/blog\\\/author\\\/admin-masonu\\\/\"}]}<\/script>\n<!-- \/ Yoast SEO plugin. -->","yoast_head_json":{"title":"Informations fiscales utiles au moment de cr\u00e9er sa soci\u00e9t\u00e9 en Espagne - Amedia","description":"D\u00e9couvrez les grandes lignes des imp\u00f4ts qui toucheront votre soci\u00e9t\u00e9 en Espagne et des dispositifs avantageux dont vous pourriez b\u00e9n\u00e9ficier.","robots":{"index":"index","follow":"follow","max-snippet":"max-snippet:-1","max-image-preview":"max-image-preview:large","max-video-preview":"max-video-preview:-1"},"canonical":"https:\/\/amedia-contables-espana.com\/fr\/blog\/informations-fiscales-utiles-moment-de-creer-societe\/","og_locale":"fr_FR","og_type":"article","og_title":"Informations fiscales utiles au moment de cr\u00e9er sa soci\u00e9t\u00e9 en Espagne - Amedia","og_description":"D\u00e9couvrez les grandes lignes des imp\u00f4ts qui toucheront votre soci\u00e9t\u00e9 en Espagne et des dispositifs avantageux dont vous pourriez b\u00e9n\u00e9ficier.","og_url":"https:\/\/amedia-contables-espana.com\/fr\/blog\/informations-fiscales-utiles-moment-de-creer-societe\/","og_site_name":"Amedia contables espana","article_published_time":"2017-12-21T15:43:18+00:00","article_modified_time":"2020-07-14T08:16:07+00:00","author":"Vitali","twitter_card":"summary_large_image","twitter_misc":{"\u00c9crit par":"Vitali","Dur\u00e9e de lecture estim\u00e9e":"5 minutes"},"schema":{"@context":"https:\/\/schema.org","@graph":[{"@type":"Article","@id":"https:\/\/amedia-contables-espana.com\/fr\/blog\/informations-fiscales-utiles-moment-de-creer-societe\/#article","isPartOf":{"@id":"https:\/\/amedia-contables-espana.com\/fr\/blog\/informations-fiscales-utiles-moment-de-creer-societe\/"},"author":{"name":"Vitali","@id":"https:\/\/amedia-contables-espana.com\/fr\/#\/schema\/person\/38062a9e6a9730a7b03e3ac2615ae6f5"},"headline":"Informations fiscales utiles au moment de cr\u00e9er sa soci\u00e9t\u00e9 en Espagne","datePublished":"2017-12-21T15:43:18+00:00","dateModified":"2020-07-14T08:16:07+00:00","mainEntityOfPage":{"@id":"https:\/\/amedia-contables-espana.com\/fr\/blog\/informations-fiscales-utiles-moment-de-creer-societe\/"},"wordCount":954,"articleSection":["Non classifi\u00e9(e)"],"inLanguage":"fr-FR"},{"@type":"WebPage","@id":"https:\/\/amedia-contables-espana.com\/fr\/blog\/informations-fiscales-utiles-moment-de-creer-societe\/","url":"https:\/\/amedia-contables-espana.com\/fr\/blog\/informations-fiscales-utiles-moment-de-creer-societe\/","name":"Informations fiscales utiles au moment de cr\u00e9er sa soci\u00e9t\u00e9 en Espagne - Amedia","isPartOf":{"@id":"https:\/\/amedia-contables-espana.com\/fr\/#website"},"datePublished":"2017-12-21T15:43:18+00:00","dateModified":"2020-07-14T08:16:07+00:00","author":{"@id":"https:\/\/amedia-contables-espana.com\/fr\/#\/schema\/person\/38062a9e6a9730a7b03e3ac2615ae6f5"},"description":"D\u00e9couvrez les grandes lignes des imp\u00f4ts qui toucheront votre soci\u00e9t\u00e9 en Espagne et des dispositifs avantageux dont vous pourriez b\u00e9n\u00e9ficier.","breadcrumb":{"@id":"https:\/\/amedia-contables-espana.com\/fr\/blog\/informations-fiscales-utiles-moment-de-creer-societe\/#breadcrumb"},"inLanguage":"fr-FR","potentialAction":[{"@type":"ReadAction","target":["https:\/\/amedia-contables-espana.com\/fr\/blog\/informations-fiscales-utiles-moment-de-creer-societe\/"]}]},{"@type":"BreadcrumbList","@id":"https:\/\/amedia-contables-espana.com\/fr\/blog\/informations-fiscales-utiles-moment-de-creer-societe\/#breadcrumb","itemListElement":[{"@type":"ListItem","position":1,"name":"Accueil","item":"https:\/\/amedia-contables-espana.com\/fr\/"},{"@type":"ListItem","position":2,"name":"Informations fiscales utiles au moment de cr\u00e9er sa soci\u00e9t\u00e9 en Espagne"}]},{"@type":"WebSite","@id":"https:\/\/amedia-contables-espana.com\/fr\/#website","url":"https:\/\/amedia-contables-espana.com\/fr\/","name":"Amedia contables espana","description":"","potentialAction":[{"@type":"SearchAction","target":{"@type":"EntryPoint","urlTemplate":"https:\/\/amedia-contables-espana.com\/fr\/?s={search_term_string}"},"query-input":{"@type":"PropertyValueSpecification","valueRequired":true,"valueName":"search_term_string"}}],"inLanguage":"fr-FR"},{"@type":"Person","@id":"https:\/\/amedia-contables-espana.com\/fr\/#\/schema\/person\/38062a9e6a9730a7b03e3ac2615ae6f5","name":"Vitali","sameAs":["http:\/\/amedia.com"],"url":"https:\/\/amedia-contables-espana.com\/fr\/blog\/author\/admin-masonu\/"}]}},"author_meta":{"display_name":"Vitali","author_link":"https:\/\/amedia-contables-espana.com\/fr\/blog\/author\/admin-masonu\/"},"featured_img":null,"coauthors":[],"tax_additional":{"categories":{"linked":["<a href=\"https:\/\/amedia-contables-espana.com\/fr\/blog\/category\/non-classifiee\/\" class=\"advgb-post-tax-term\">Non classifi\u00e9(e)<\/a>"],"unlinked":["<span class=\"advgb-post-tax-term\">Non classifi\u00e9(e)<\/span>"]}},"comment_count":"0","relative_dates":{"created":"Publi\u00e9 9 ans il y a","modified":"Mis \u00e0 jour 6 ans il y a"},"absolute_dates":{"created":"Publi\u00e9 le 21 D\u00e9cembre 2017","modified":"Mise \u00e0 jour le 14 Juillet 2020"},"absolute_dates_time":{"created":"Publi\u00e9 le 21 D\u00e9cembre 2017 16 h 43 min","modified":"Mise \u00e0 jour le 14 Juillet 2020 10 h 16 min"},"featured_img_caption":"","series_order":"","_links":{"self":[{"href":"https:\/\/amedia-contables-espana.com\/fr\/wp-json\/wp\/v2\/posts\/921","targetHints":{"allow":["GET"]}}],"collection":[{"href":"https:\/\/amedia-contables-espana.com\/fr\/wp-json\/wp\/v2\/posts"}],"about":[{"href":"https:\/\/amedia-contables-espana.com\/fr\/wp-json\/wp\/v2\/types\/post"}],"author":[{"embeddable":true,"href":"https:\/\/amedia-contables-espana.com\/fr\/wp-json\/wp\/v2\/users\/3"}],"replies":[{"embeddable":true,"href":"https:\/\/amedia-contables-espana.com\/fr\/wp-json\/wp\/v2\/comments?post=921"}],"version-history":[{"count":2,"href":"https:\/\/amedia-contables-espana.com\/fr\/wp-json\/wp\/v2\/posts\/921\/revisions"}],"predecessor-version":[{"id":1027,"href":"https:\/\/amedia-contables-espana.com\/fr\/wp-json\/wp\/v2\/posts\/921\/revisions\/1027"}],"wp:attachment":[{"href":"https:\/\/amedia-contables-espana.com\/fr\/wp-json\/wp\/v2\/media?parent=921"}],"wp:term":[{"taxonomy":"category","embeddable":true,"href":"https:\/\/amedia-contables-espana.com\/fr\/wp-json\/wp\/v2\/categories?post=921"},{"taxonomy":"post_tag","embeddable":true,"href":"https:\/\/amedia-contables-espana.com\/fr\/wp-json\/wp\/v2\/tags?post=921"}],"curies":[{"name":"wp","href":"https:\/\/api.w.org\/{rel}","templated":true}]}}