{"id":919,"date":"2017-12-14T13:14:55","date_gmt":"2017-12-14T12:14:55","guid":{"rendered":"http:\/\/www.objectif-espagne.com\/?p=893"},"modified":"2020-07-15T11:06:56","modified_gmt":"2020-07-15T09:06:56","slug":"frais-deduire-auto-entrepreneur-travaille-domicile","status":"publish","type":"post","link":"https:\/\/amedia-contables-espana.com\/fr\/blog\/frais-deduire-auto-entrepreneur-travaille-domicile\/","title":{"rendered":"Espagne : Quels frais peut d\u00e9duire un auto-entrepreneur qui travaille depuis son domicile ?"},"content":{"rendered":"<p>Ces derni\u00e8res ann\u00e9es, le nombre d\u2019auto-entrepreneurs travaillant depuis leur domicile a constamment augment\u00e9.<\/p>\n<p>Ils sont aujourd\u2019hui plus de 3,2 millions sur le territoire espagnol et leur nombre ne cesse de cro\u00eetre. Ils sont \u00e9galement de plus en plus nombreux \u00e0 exercer leur activit\u00e9 depuis leur domicile. C\u2019est pourquoi, la question de la d\u00e9ductibilit\u00e9 des frais d\u2019eau, d\u2019\u00e9lectricit\u00e9, d\u2019internet et de t\u00e9l\u00e9phonie fixe pour les ind\u00e9pendants qui travaillent depuis chez eux est devenue centrale.<\/p>\n<p>Pour que les d\u00e9penses soient d\u00e9ductibles, elles doivent \u00eatre li\u00e9es \u00e0 l\u2019activit\u00e9 de l\u2019ind\u00e9pendant, justifi\u00e9es et comptabilis\u00e9es.<\/p>\n<p>Cependant, m\u00eame si ces conditions \u00e9taient r\u00e9unies, la d\u00e9duction des frais d\u2019eau, d\u2019\u00e9lectricit\u00e9, d\u2019internet et de t\u00e9l\u00e9phonie fixe \u00e9tait jusqu\u2019ici complexe et souvent remise en question par l\u2019administration fiscale.<\/p>\n<p>Cette complexit\u00e9 \u00e9tait due au fait qu\u2019il n\u2019existait aucune m\u00e9thode rationnelle ou objective permettant de d\u00e9partager le pourcentage desdits services utilis\u00e9 pour les besoins propres de l\u2019ind\u00e9pendant et ceux utilis\u00e9s dans le cadre de son activit\u00e9.<\/p>\n<p>En 2017, une nouvelle loi 6\/2017, de R\u00e9formes Urgentes du Travail Aut\u00f3nomo, visant \u00e0 augmenter le nombre d\u2019ind\u00e9pendants en rendant ce statut plus attractif et en am\u00e9liorant leurs conditions a \u00e9t\u00e9 approuv\u00e9e et publi\u00e9e au BOE.<\/p>\n<p>Cette loi, et en particulier son article 11, vient reconnaitre la possibilit\u00e9 de d\u00e9duire les frais li\u00e9s au d\u00e9veloppement de l\u2019activit\u00e9 des ind\u00e9pendants qui travaillent depuis leur domicile et pr\u00e9cise clairement les r\u00e8gles de d\u00e9ductibilit\u00e9.<\/p>\n<p>Les frais en question sont les frais d\u2019eau, d\u2019\u00e9lectricit\u00e9, de gaz, d\u2019internet et de t\u00e9l\u00e9phonie fixe.<\/p>\n<p>Aussi, \u00e0 partir du 1er janvier 2018, les ind\u00e9pendants qui affectent une partie de leur logement au d\u00e9veloppement de leur activit\u00e9 \u00e9conomique, doivent d\u00e9duire 30% de la proportion existante entre les m2 du logement affect\u00e9 \u00e0 l\u2019activit\u00e9 sur la superficie totale. <\/p>\n<p>Contrairement \u00e0 ce qui avait \u00e9t\u00e9 demand\u00e9 par le parti politique Ciudadanos, la nouvelle loi ne permet donc pas de d\u00e9duire 30% des factures mais 30% de la proportion du local affect\u00e9e \u00e0 l\u2019activit\u00e9.<\/p>\n<p>Concr\u00e8tement, un ind\u00e9pendant qui dispose d\u2019un appartement de 100m2 avec un bureau de 25m2 affect\u00e9 \u00e0 son activit\u00e9 pourra d\u00e9duire 30% de la proportion utilis\u00e9e pour son activit\u00e9 soit 30% de 25\/100 ce qui correspond \u00e0 7,5% de ses factures d\u2019eau, d\u2019\u00e9lectricit\u00e9, de gaz, d\u2019internet et de t\u00e9l\u00e9phone.<\/p>\n<p>Pour pouvoir appliquer la d\u00e9duction il faut \u00e9galement que la partie du logement affect\u00e9e \u00e0 l\u2019activit\u00e9 de l\u2019ind\u00e9pendant ait \u00e9t\u00e9 pr\u00e9alablement d\u00e9clar\u00e9e \u00e0 l\u2019administration fiscale.<\/p>\n","protected":false},"excerpt":{"rendered":"Ces derni\u00e8res ann\u00e9es, le nombre d\u2019auto-entrepreneurs travaillant depuis leur domicile a constamment augment\u00e9. Ils sont aujourd\u2019hui plus de 3,2 millions sur le territoire espagnol et leur nombre ne cesse de cro\u00eetre. Ils sont \u00e9galement de plus en plus nombreux \u00e0 exercer leur activit\u00e9 depuis leur domicile. C\u2019est pourquoi, la question de la d\u00e9ductibilit\u00e9 des frais&#8230; <a class=\"view-article\" href=\"https:\/\/amedia-contables-espana.com\/fr\/blog\/frais-deduire-auto-entrepreneur-travaille-domicile\/\">Voir l&rsquo;article<\/a>","protected":false},"author":3,"featured_media":894,"comment_status":"closed","ping_status":"open","sticky":false,"template":"","format":"standard","meta":{"advgb_blocks_editor_width":"","advgb_blocks_columns_visual_guide":"","footnotes":""},"categories":[1],"tags":[],"class_list":["post-919","post","type-post","status-publish","format-standard","has-post-thumbnail","hentry","category-non-classifiee"],"yoast_head":"<!-- This site is optimized with the Yoast SEO plugin v28.2 - https:\/\/yoast.com\/product\/yoast-seo-wordpress\/ -->\n<title>Espagne : Quels frais peut d\u00e9duire un auto-entrepreneur qui travaille depuis son domicile ? -<\/title>\n<meta name=\"description\" content=\"Ces derni\u00e8res ann\u00e9es, le nombre d\u2019auto-entrepreneurs travaillant depuis leur domicile a constamment augment\u00e9. Quels frais peuvent-ils d\u00e9duire ?\" \/>\n<meta name=\"robots\" content=\"index, follow, max-snippet:-1, max-image-preview:large, max-video-preview:-1\" \/>\n<link rel=\"canonical\" href=\"https:\/\/amedia-contables-espana.com\/fr\/blog\/frais-deduire-auto-entrepreneur-travaille-domicile\/\" \/>\n<meta property=\"og:locale\" content=\"fr_FR\" \/>\n<meta property=\"og:type\" content=\"article\" \/>\n<meta property=\"og:title\" content=\"Espagne : Quels frais peut d\u00e9duire un auto-entrepreneur qui travaille depuis son domicile ? -\" \/>\n<meta property=\"og:description\" content=\"Ces derni\u00e8res ann\u00e9es, le nombre d\u2019auto-entrepreneurs travaillant depuis leur domicile a constamment augment\u00e9. Quels frais peuvent-ils d\u00e9duire ?\" \/>\n<meta property=\"og:url\" content=\"https:\/\/amedia-contables-espana.com\/fr\/blog\/frais-deduire-auto-entrepreneur-travaille-domicile\/\" \/>\n<meta property=\"og:site_name\" content=\"Amedia contables espana\" \/>\n<meta property=\"article:published_time\" content=\"2017-12-14T12:14:55+00:00\" \/>\n<meta property=\"article:modified_time\" content=\"2020-07-15T09:06:56+00:00\" \/>\n<meta name=\"author\" content=\"Vitali\" \/>\n<meta name=\"twitter:card\" content=\"summary_large_image\" \/>\n<meta name=\"twitter:label1\" content=\"\u00c9crit par\" \/>\n\t<meta name=\"twitter:data1\" content=\"Vitali\" \/>\n\t<meta name=\"twitter:label2\" content=\"Dur\u00e9e de lecture estim\u00e9e\" \/>\n\t<meta name=\"twitter:data2\" content=\"2 minutes\" \/>\n<script type=\"application\/ld+json\" class=\"yoast-schema-graph\">{\"@context\":\"https:\\\/\\\/schema.org\",\"@graph\":[{\"@type\":\"Article\",\"@id\":\"https:\\\/\\\/amedia-contables-espana.com\\\/fr\\\/blog\\\/frais-deduire-auto-entrepreneur-travaille-domicile\\\/#article\",\"isPartOf\":{\"@id\":\"https:\\\/\\\/amedia-contables-espana.com\\\/fr\\\/blog\\\/frais-deduire-auto-entrepreneur-travaille-domicile\\\/\"},\"author\":{\"name\":\"Vitali\",\"@id\":\"https:\\\/\\\/amedia-contables-espana.com\\\/fr\\\/#\\\/schema\\\/person\\\/38062a9e6a9730a7b03e3ac2615ae6f5\"},\"headline\":\"Espagne : Quels frais peut d\u00e9duire un auto-entrepreneur qui travaille depuis son domicile ?\",\"datePublished\":\"2017-12-14T12:14:55+00:00\",\"dateModified\":\"2020-07-15T09:06:56+00:00\",\"mainEntityOfPage\":{\"@id\":\"https:\\\/\\\/amedia-contables-espana.com\\\/fr\\\/blog\\\/frais-deduire-auto-entrepreneur-travaille-domicile\\\/\"},\"wordCount\":464,\"image\":{\"@id\":\"https:\\\/\\\/amedia-contables-espana.com\\\/fr\\\/blog\\\/frais-deduire-auto-entrepreneur-travaille-domicile\\\/#primaryimage\"},\"thumbnailUrl\":\"\",\"articleSection\":[\"Non classifi\u00e9(e)\"],\"inLanguage\":\"fr-FR\"},{\"@type\":\"WebPage\",\"@id\":\"https:\\\/\\\/amedia-contables-espana.com\\\/fr\\\/blog\\\/frais-deduire-auto-entrepreneur-travaille-domicile\\\/\",\"url\":\"https:\\\/\\\/amedia-contables-espana.com\\\/fr\\\/blog\\\/frais-deduire-auto-entrepreneur-travaille-domicile\\\/\",\"name\":\"Espagne : Quels frais peut d\u00e9duire un auto-entrepreneur qui travaille depuis son domicile ? -\",\"isPartOf\":{\"@id\":\"https:\\\/\\\/amedia-contables-espana.com\\\/fr\\\/#website\"},\"primaryImageOfPage\":{\"@id\":\"https:\\\/\\\/amedia-contables-espana.com\\\/fr\\\/blog\\\/frais-deduire-auto-entrepreneur-travaille-domicile\\\/#primaryimage\"},\"image\":{\"@id\":\"https:\\\/\\\/amedia-contables-espana.com\\\/fr\\\/blog\\\/frais-deduire-auto-entrepreneur-travaille-domicile\\\/#primaryimage\"},\"thumbnailUrl\":\"\",\"datePublished\":\"2017-12-14T12:14:55+00:00\",\"dateModified\":\"2020-07-15T09:06:56+00:00\",\"author\":{\"@id\":\"https:\\\/\\\/amedia-contables-espana.com\\\/fr\\\/#\\\/schema\\\/person\\\/38062a9e6a9730a7b03e3ac2615ae6f5\"},\"description\":\"Ces derni\u00e8res ann\u00e9es, le nombre d\u2019auto-entrepreneurs travaillant depuis leur domicile a constamment augment\u00e9. Quels frais peuvent-ils d\u00e9duire ?\",\"breadcrumb\":{\"@id\":\"https:\\\/\\\/amedia-contables-espana.com\\\/fr\\\/blog\\\/frais-deduire-auto-entrepreneur-travaille-domicile\\\/#breadcrumb\"},\"inLanguage\":\"fr-FR\",\"potentialAction\":[{\"@type\":\"ReadAction\",\"target\":[\"https:\\\/\\\/amedia-contables-espana.com\\\/fr\\\/blog\\\/frais-deduire-auto-entrepreneur-travaille-domicile\\\/\"]}]},{\"@type\":\"ImageObject\",\"inLanguage\":\"fr-FR\",\"@id\":\"https:\\\/\\\/amedia-contables-espana.com\\\/fr\\\/blog\\\/frais-deduire-auto-entrepreneur-travaille-domicile\\\/#primaryimage\",\"url\":\"\",\"contentUrl\":\"\"},{\"@type\":\"BreadcrumbList\",\"@id\":\"https:\\\/\\\/amedia-contables-espana.com\\\/fr\\\/blog\\\/frais-deduire-auto-entrepreneur-travaille-domicile\\\/#breadcrumb\",\"itemListElement\":[{\"@type\":\"ListItem\",\"position\":1,\"name\":\"Accueil\",\"item\":\"https:\\\/\\\/amedia-contables-espana.com\\\/fr\\\/\"},{\"@type\":\"ListItem\",\"position\":2,\"name\":\"Espagne : Quels frais peut d\u00e9duire un auto-entrepreneur qui travaille depuis son domicile ?\"}]},{\"@type\":\"WebSite\",\"@id\":\"https:\\\/\\\/amedia-contables-espana.com\\\/fr\\\/#website\",\"url\":\"https:\\\/\\\/amedia-contables-espana.com\\\/fr\\\/\",\"name\":\"Amedia contables espana\",\"description\":\"\",\"potentialAction\":[{\"@type\":\"SearchAction\",\"target\":{\"@type\":\"EntryPoint\",\"urlTemplate\":\"https:\\\/\\\/amedia-contables-espana.com\\\/fr\\\/?s={search_term_string}\"},\"query-input\":{\"@type\":\"PropertyValueSpecification\",\"valueRequired\":true,\"valueName\":\"search_term_string\"}}],\"inLanguage\":\"fr-FR\"},{\"@type\":\"Person\",\"@id\":\"https:\\\/\\\/amedia-contables-espana.com\\\/fr\\\/#\\\/schema\\\/person\\\/38062a9e6a9730a7b03e3ac2615ae6f5\",\"name\":\"Vitali\",\"sameAs\":[\"http:\\\/\\\/amedia.com\"],\"url\":\"https:\\\/\\\/amedia-contables-espana.com\\\/fr\\\/blog\\\/author\\\/admin-masonu\\\/\"}]}<\/script>\n<!-- \/ Yoast SEO plugin. -->","yoast_head_json":{"title":"Espagne : Quels frais peut d\u00e9duire un auto-entrepreneur qui travaille depuis son domicile ? -","description":"Ces derni\u00e8res ann\u00e9es, le nombre d\u2019auto-entrepreneurs travaillant depuis leur domicile a constamment augment\u00e9. Quels frais peuvent-ils d\u00e9duire ?","robots":{"index":"index","follow":"follow","max-snippet":"max-snippet:-1","max-image-preview":"max-image-preview:large","max-video-preview":"max-video-preview:-1"},"canonical":"https:\/\/amedia-contables-espana.com\/fr\/blog\/frais-deduire-auto-entrepreneur-travaille-domicile\/","og_locale":"fr_FR","og_type":"article","og_title":"Espagne : Quels frais peut d\u00e9duire un auto-entrepreneur qui travaille depuis son domicile ? -","og_description":"Ces derni\u00e8res ann\u00e9es, le nombre d\u2019auto-entrepreneurs travaillant depuis leur domicile a constamment augment\u00e9. Quels frais peuvent-ils d\u00e9duire ?","og_url":"https:\/\/amedia-contables-espana.com\/fr\/blog\/frais-deduire-auto-entrepreneur-travaille-domicile\/","og_site_name":"Amedia contables espana","article_published_time":"2017-12-14T12:14:55+00:00","article_modified_time":"2020-07-15T09:06:56+00:00","author":"Vitali","twitter_card":"summary_large_image","twitter_misc":{"\u00c9crit par":"Vitali","Dur\u00e9e de lecture estim\u00e9e":"2 minutes"},"schema":{"@context":"https:\/\/schema.org","@graph":[{"@type":"Article","@id":"https:\/\/amedia-contables-espana.com\/fr\/blog\/frais-deduire-auto-entrepreneur-travaille-domicile\/#article","isPartOf":{"@id":"https:\/\/amedia-contables-espana.com\/fr\/blog\/frais-deduire-auto-entrepreneur-travaille-domicile\/"},"author":{"name":"Vitali","@id":"https:\/\/amedia-contables-espana.com\/fr\/#\/schema\/person\/38062a9e6a9730a7b03e3ac2615ae6f5"},"headline":"Espagne : Quels frais peut d\u00e9duire un auto-entrepreneur qui travaille depuis son domicile ?","datePublished":"2017-12-14T12:14:55+00:00","dateModified":"2020-07-15T09:06:56+00:00","mainEntityOfPage":{"@id":"https:\/\/amedia-contables-espana.com\/fr\/blog\/frais-deduire-auto-entrepreneur-travaille-domicile\/"},"wordCount":464,"image":{"@id":"https:\/\/amedia-contables-espana.com\/fr\/blog\/frais-deduire-auto-entrepreneur-travaille-domicile\/#primaryimage"},"thumbnailUrl":"","articleSection":["Non classifi\u00e9(e)"],"inLanguage":"fr-FR"},{"@type":"WebPage","@id":"https:\/\/amedia-contables-espana.com\/fr\/blog\/frais-deduire-auto-entrepreneur-travaille-domicile\/","url":"https:\/\/amedia-contables-espana.com\/fr\/blog\/frais-deduire-auto-entrepreneur-travaille-domicile\/","name":"Espagne : Quels frais peut d\u00e9duire un auto-entrepreneur qui travaille depuis son domicile ? -","isPartOf":{"@id":"https:\/\/amedia-contables-espana.com\/fr\/#website"},"primaryImageOfPage":{"@id":"https:\/\/amedia-contables-espana.com\/fr\/blog\/frais-deduire-auto-entrepreneur-travaille-domicile\/#primaryimage"},"image":{"@id":"https:\/\/amedia-contables-espana.com\/fr\/blog\/frais-deduire-auto-entrepreneur-travaille-domicile\/#primaryimage"},"thumbnailUrl":"","datePublished":"2017-12-14T12:14:55+00:00","dateModified":"2020-07-15T09:06:56+00:00","author":{"@id":"https:\/\/amedia-contables-espana.com\/fr\/#\/schema\/person\/38062a9e6a9730a7b03e3ac2615ae6f5"},"description":"Ces derni\u00e8res ann\u00e9es, le nombre d\u2019auto-entrepreneurs travaillant depuis leur domicile a constamment augment\u00e9. Quels frais peuvent-ils d\u00e9duire ?","breadcrumb":{"@id":"https:\/\/amedia-contables-espana.com\/fr\/blog\/frais-deduire-auto-entrepreneur-travaille-domicile\/#breadcrumb"},"inLanguage":"fr-FR","potentialAction":[{"@type":"ReadAction","target":["https:\/\/amedia-contables-espana.com\/fr\/blog\/frais-deduire-auto-entrepreneur-travaille-domicile\/"]}]},{"@type":"ImageObject","inLanguage":"fr-FR","@id":"https:\/\/amedia-contables-espana.com\/fr\/blog\/frais-deduire-auto-entrepreneur-travaille-domicile\/#primaryimage","url":"","contentUrl":""},{"@type":"BreadcrumbList","@id":"https:\/\/amedia-contables-espana.com\/fr\/blog\/frais-deduire-auto-entrepreneur-travaille-domicile\/#breadcrumb","itemListElement":[{"@type":"ListItem","position":1,"name":"Accueil","item":"https:\/\/amedia-contables-espana.com\/fr\/"},{"@type":"ListItem","position":2,"name":"Espagne : Quels frais peut d\u00e9duire un auto-entrepreneur qui travaille depuis son domicile ?"}]},{"@type":"WebSite","@id":"https:\/\/amedia-contables-espana.com\/fr\/#website","url":"https:\/\/amedia-contables-espana.com\/fr\/","name":"Amedia contables espana","description":"","potentialAction":[{"@type":"SearchAction","target":{"@type":"EntryPoint","urlTemplate":"https:\/\/amedia-contables-espana.com\/fr\/?s={search_term_string}"},"query-input":{"@type":"PropertyValueSpecification","valueRequired":true,"valueName":"search_term_string"}}],"inLanguage":"fr-FR"},{"@type":"Person","@id":"https:\/\/amedia-contables-espana.com\/fr\/#\/schema\/person\/38062a9e6a9730a7b03e3ac2615ae6f5","name":"Vitali","sameAs":["http:\/\/amedia.com"],"url":"https:\/\/amedia-contables-espana.com\/fr\/blog\/author\/admin-masonu\/"}]}},"author_meta":{"display_name":"Vitali","author_link":"https:\/\/amedia-contables-espana.com\/fr\/blog\/author\/admin-masonu\/"},"featured_img":null,"coauthors":[],"tax_additional":{"categories":{"linked":["<a href=\"https:\/\/amedia-contables-espana.com\/fr\/blog\/category\/non-classifiee\/\" class=\"advgb-post-tax-term\">Non classifi\u00e9(e)<\/a>"],"unlinked":["<span class=\"advgb-post-tax-term\">Non classifi\u00e9(e)<\/span>"]}},"comment_count":"0","relative_dates":{"created":"Publi\u00e9 9 ans il y a","modified":"Mis \u00e0 jour 6 ans il y a"},"absolute_dates":{"created":"Publi\u00e9 le 14 D\u00e9cembre 2017","modified":"Mise \u00e0 jour le 15 Juillet 2020"},"absolute_dates_time":{"created":"Publi\u00e9 le 14 D\u00e9cembre 2017 13 h 14 min","modified":"Mise \u00e0 jour le 15 Juillet 2020 11 h 06 min"},"featured_img_caption":"","series_order":"","_links":{"self":[{"href":"https:\/\/amedia-contables-espana.com\/fr\/wp-json\/wp\/v2\/posts\/919","targetHints":{"allow":["GET"]}}],"collection":[{"href":"https:\/\/amedia-contables-espana.com\/fr\/wp-json\/wp\/v2\/posts"}],"about":[{"href":"https:\/\/amedia-contables-espana.com\/fr\/wp-json\/wp\/v2\/types\/post"}],"author":[{"embeddable":true,"href":"https:\/\/amedia-contables-espana.com\/fr\/wp-json\/wp\/v2\/users\/3"}],"replies":[{"embeddable":true,"href":"https:\/\/amedia-contables-espana.com\/fr\/wp-json\/wp\/v2\/comments?post=919"}],"version-history":[{"count":2,"href":"https:\/\/amedia-contables-espana.com\/fr\/wp-json\/wp\/v2\/posts\/919\/revisions"}],"predecessor-version":[{"id":1064,"href":"https:\/\/amedia-contables-espana.com\/fr\/wp-json\/wp\/v2\/posts\/919\/revisions\/1064"}],"wp:featuredmedia":[{"embeddable":true,"href":"https:\/\/amedia-contables-espana.com\/fr\/wp-json\/"}],"wp:attachment":[{"href":"https:\/\/amedia-contables-espana.com\/fr\/wp-json\/wp\/v2\/media?parent=919"}],"wp:term":[{"taxonomy":"category","embeddable":true,"href":"https:\/\/amedia-contables-espana.com\/fr\/wp-json\/wp\/v2\/categories?post=919"},{"taxonomy":"post_tag","embeddable":true,"href":"https:\/\/amedia-contables-espana.com\/fr\/wp-json\/wp\/v2\/tags?post=919"}],"curies":[{"name":"wp","href":"https:\/\/api.w.org\/{rel}","templated":true}]}}