{"id":910,"date":"2017-10-23T18:00:45","date_gmt":"2017-10-23T16:00:45","guid":{"rendered":"http:\/\/www.objectif-espagne.com\/?p=838"},"modified":"2020-07-15T11:19:05","modified_gmt":"2020-07-15T09:19:05","slug":"locations-touristiques-quid-de-tva","status":"publish","type":"post","link":"https:\/\/amedia-contables-espana.com\/fr\/blog\/locations-touristiques-quid-de-tva\/","title":{"rendered":"Locations touristiques en Espagne, quid de la TVA"},"content":{"rendered":"<p>Avec l\u2019augmentation du tourisme en Espagne et la multiplication des sites de location entre particuliers, de nombreux propri\u00e9taires se sont d\u00e9cid\u00e9s \u00e0 louer leur appartement ou maison \u00e0 des fins touristiques.<\/p>\n<p>Ces propri\u00e9taires doivent-ils appliquer la TVA sur la location touristique\u00a0? Quel taux est applicable\u00a0?<\/p>\n<p>La loi TVA 37\/1992 pr\u00e9voit comme principe g\u00e9n\u00e9ral, l\u2019exon\u00e9ration de TVA des locations de biens immobiliers.<\/p>\n<p>Cependant, cette <strong>exon\u00e9ration tombe d\u00e8s lors que le propri\u00e9taire effectue des services compl\u00e9mentaires propres \u00e0 l\u2019industrie h\u00f4teli\u00e8re<\/strong>.<\/p>\n<p>La loi dresse une liste de services consid\u00e9r\u00e9s comme tel, ils s\u2019agit notamment des services de restauration, de nettoyage, de blanchisserie, d\u2019organisation d\u2019activit\u00e9s etc.<\/p>\n<p>L\u2019administration fiscale pr\u00e9cise que ne sont pas consid\u00e9r\u00e9s comme des services propres \u00e0 l\u2019industrie h\u00f4teli\u00e8re, et ne font pas tomber la location dans la cat\u00e9gorie des locations touristiques soumises \u00e0 TVA, les consommations d\u2019eau et d\u2019\u00e9lectricit\u00e9 incluses dans le prix du loyer ou le nettoyage avant et apr\u00e8s la cession du bien.<\/p>\n<ol>\n<li>\n<h3>Le propri\u00e9taire loue directement son bien au touriste<\/h3>\n<\/li>\n<\/ol>\n<p>D\u00e8s lors que des services d\u00e9finis comme propres \u00e0 l\u2019industrie h\u00f4teli\u00e8re sont rendus, la TVA est applicable sur la location au <strong>taux r\u00e9duit de 10%.<\/strong><\/p>\n<ol start=\"2\">\n<li>\n<h3>Le propri\u00e9taire loue son appartement \u00e0 une soci\u00e9t\u00e9 de gestion qui se charge de le relouer au touriste<\/h3>\n<\/li>\n<\/ol>\n<p>Lorsque le propri\u00e9taire c\u00e8de son bien \u00e0 une soci\u00e9t\u00e9 de gestion qui se charge \u00e0 son tour de louer le bien au client final, le touriste, il faut distinguer 2 op\u00e9rations\u00a0:<\/p>\n<ul>\n<li>La premi\u00e8re est la location par le propri\u00e9taire de son bien immobilier \u00e0 une soci\u00e9t\u00e9 de gestion.<\/li>\n<\/ul>\n<p>Cette op\u00e9ration est soumise \u00e0 la <strong>TVA au taux normal de 21%.<\/strong><\/p>\n<ul>\n<li>La seconde est la relocation du bien au touriste.<\/li>\n<\/ul>\n<p>La soci\u00e9t\u00e9 de gestion, pour sa part, doit \u00e9mettre une facture au <strong>taux r\u00e9duit de TVA de 10% <\/strong>d\u00e8s lors qu\u2019il s\u2019agit d\u2019une location touristique.<\/p>\n<ol start=\"3\">\n<li>\n<h3>Le propri\u00e9taire loue son appartement directement au touriste par le biais d\u2019un interm\u00e9diaire ou d\u2019un commissionnaire<\/h3>\n<\/li>\n<\/ol>\n<p>Les locations touristiques peuvent \u00e9galement se faire \u00e0 travers un interm\u00e9diaire. Dans ce cas de figure, le commissionnaire ou interm\u00e9diaire met uniquement en relation le propri\u00e9taire et le locataire et prend une commission.<\/p>\n<p>Aussi, le propri\u00e9taire facture directement le touriste. D\u00e8s lors que des services d\u00e9finis comme propres \u00e0 l\u2019industrie h\u00f4teli\u00e8re sont rendus, la TVA est applicable sur la location au <strong>taux r\u00e9duit de 10%.<\/strong><\/p>\n<p>En parall\u00e8le, le propri\u00e9taire r\u00e9mun\u00e8re l\u2019interm\u00e9diaire par le biais d\u2019une commission soumise \u00e0 la <strong>TVA au taux normal de 21%.<\/strong><\/p>\n<p>&nbsp;<\/p>\n<p>&nbsp;<\/p>\n<p>&nbsp;<\/p>\n","protected":false},"excerpt":{"rendered":"Avec l\u2019augmentation du tourisme en Espagne et la multiplication des sites de location entre particuliers, de nombreux propri\u00e9taires se sont d\u00e9cid\u00e9s \u00e0 louer leur appartement ou maison \u00e0 des fins touristiques. Ces propri\u00e9taires doivent-ils appliquer la TVA sur la location touristique\u00a0? Quel taux est applicable\u00a0? La loi TVA 37\/1992 pr\u00e9voit comme principe g\u00e9n\u00e9ral, l\u2019exon\u00e9ration de&#8230; <a class=\"view-article\" href=\"https:\/\/amedia-contables-espana.com\/fr\/blog\/locations-touristiques-quid-de-tva\/\">Voir l&rsquo;article<\/a>","protected":false},"author":3,"featured_media":0,"comment_status":"closed","ping_status":"open","sticky":false,"template":"","format":"standard","meta":{"advgb_blocks_editor_width":"","advgb_blocks_columns_visual_guide":"","footnotes":""},"categories":[1],"tags":[],"class_list":["post-910","post","type-post","status-publish","format-standard","hentry","category-non-classifiee"],"yoast_head":"<!-- This site is optimized with the Yoast SEO plugin v28.2 - https:\/\/yoast.com\/product\/yoast-seo-wordpress\/ -->\n<title>Locations touristiques en Espagne, quid de la TVA - Amedia<\/title>\n<meta name=\"description\" content=\"Avec l\u2019augmentation du tourisme en Espagne et la multiplication des sites de location entre particuliers, de nombreux propri\u00e9taires se sont d\u00e9cid\u00e9s \u00e0 louer leur appartement ou maison \u00e0 des fins touristiques.\" \/>\n<meta name=\"robots\" content=\"index, follow, max-snippet:-1, max-image-preview:large, max-video-preview:-1\" \/>\n<link rel=\"canonical\" href=\"https:\/\/amedia-contables-espana.com\/fr\/blog\/locations-touristiques-quid-de-tva\/\" \/>\n<meta property=\"og:locale\" content=\"fr_FR\" \/>\n<meta property=\"og:type\" content=\"article\" \/>\n<meta property=\"og:title\" content=\"Locations touristiques en Espagne, quid de la TVA - Amedia\" \/>\n<meta property=\"og:description\" content=\"Avec l\u2019augmentation du tourisme en Espagne et la multiplication des sites de location entre particuliers, de nombreux propri\u00e9taires se sont d\u00e9cid\u00e9s \u00e0 louer leur appartement ou maison \u00e0 des fins touristiques.\" \/>\n<meta property=\"og:url\" content=\"https:\/\/amedia-contables-espana.com\/fr\/blog\/locations-touristiques-quid-de-tva\/\" \/>\n<meta property=\"og:site_name\" content=\"Amedia contables espana\" \/>\n<meta property=\"article:published_time\" content=\"2017-10-23T16:00:45+00:00\" \/>\n<meta property=\"article:modified_time\" content=\"2020-07-15T09:19:05+00:00\" \/>\n<meta name=\"author\" content=\"Vitali\" \/>\n<meta name=\"twitter:card\" content=\"summary_large_image\" \/>\n<meta name=\"twitter:label1\" content=\"\u00c9crit par\" \/>\n\t<meta name=\"twitter:data1\" content=\"Vitali\" \/>\n\t<meta name=\"twitter:label2\" content=\"Dur\u00e9e de lecture estim\u00e9e\" \/>\n\t<meta name=\"twitter:data2\" content=\"2 minutes\" \/>\n<script type=\"application\/ld+json\" class=\"yoast-schema-graph\">{\"@context\":\"https:\\\/\\\/schema.org\",\"@graph\":[{\"@type\":\"Article\",\"@id\":\"https:\\\/\\\/amedia-contables-espana.com\\\/fr\\\/blog\\\/locations-touristiques-quid-de-tva\\\/#article\",\"isPartOf\":{\"@id\":\"https:\\\/\\\/amedia-contables-espana.com\\\/fr\\\/blog\\\/locations-touristiques-quid-de-tva\\\/\"},\"author\":{\"name\":\"Vitali\",\"@id\":\"https:\\\/\\\/amedia-contables-espana.com\\\/fr\\\/#\\\/schema\\\/person\\\/38062a9e6a9730a7b03e3ac2615ae6f5\"},\"headline\":\"Locations touristiques en Espagne, quid de la TVA\",\"datePublished\":\"2017-10-23T16:00:45+00:00\",\"dateModified\":\"2020-07-15T09:19:05+00:00\",\"mainEntityOfPage\":{\"@id\":\"https:\\\/\\\/amedia-contables-espana.com\\\/fr\\\/blog\\\/locations-touristiques-quid-de-tva\\\/\"},\"wordCount\":468,\"articleSection\":[\"Non classifi\u00e9(e)\"],\"inLanguage\":\"fr-FR\"},{\"@type\":\"WebPage\",\"@id\":\"https:\\\/\\\/amedia-contables-espana.com\\\/fr\\\/blog\\\/locations-touristiques-quid-de-tva\\\/\",\"url\":\"https:\\\/\\\/amedia-contables-espana.com\\\/fr\\\/blog\\\/locations-touristiques-quid-de-tva\\\/\",\"name\":\"Locations touristiques en Espagne, quid de la TVA - Amedia\",\"isPartOf\":{\"@id\":\"https:\\\/\\\/amedia-contables-espana.com\\\/fr\\\/#website\"},\"datePublished\":\"2017-10-23T16:00:45+00:00\",\"dateModified\":\"2020-07-15T09:19:05+00:00\",\"author\":{\"@id\":\"https:\\\/\\\/amedia-contables-espana.com\\\/fr\\\/#\\\/schema\\\/person\\\/38062a9e6a9730a7b03e3ac2615ae6f5\"},\"description\":\"Avec l\u2019augmentation du tourisme en Espagne et la multiplication des sites de location entre particuliers, de nombreux propri\u00e9taires se sont d\u00e9cid\u00e9s \u00e0 louer leur appartement ou maison \u00e0 des fins touristiques.\",\"breadcrumb\":{\"@id\":\"https:\\\/\\\/amedia-contables-espana.com\\\/fr\\\/blog\\\/locations-touristiques-quid-de-tva\\\/#breadcrumb\"},\"inLanguage\":\"fr-FR\",\"potentialAction\":[{\"@type\":\"ReadAction\",\"target\":[\"https:\\\/\\\/amedia-contables-espana.com\\\/fr\\\/blog\\\/locations-touristiques-quid-de-tva\\\/\"]}]},{\"@type\":\"BreadcrumbList\",\"@id\":\"https:\\\/\\\/amedia-contables-espana.com\\\/fr\\\/blog\\\/locations-touristiques-quid-de-tva\\\/#breadcrumb\",\"itemListElement\":[{\"@type\":\"ListItem\",\"position\":1,\"name\":\"Accueil\",\"item\":\"https:\\\/\\\/amedia-contables-espana.com\\\/fr\\\/\"},{\"@type\":\"ListItem\",\"position\":2,\"name\":\"Locations touristiques en Espagne, quid de la TVA\"}]},{\"@type\":\"WebSite\",\"@id\":\"https:\\\/\\\/amedia-contables-espana.com\\\/fr\\\/#website\",\"url\":\"https:\\\/\\\/amedia-contables-espana.com\\\/fr\\\/\",\"name\":\"Amedia contables espana\",\"description\":\"\",\"potentialAction\":[{\"@type\":\"SearchAction\",\"target\":{\"@type\":\"EntryPoint\",\"urlTemplate\":\"https:\\\/\\\/amedia-contables-espana.com\\\/fr\\\/?s={search_term_string}\"},\"query-input\":{\"@type\":\"PropertyValueSpecification\",\"valueRequired\":true,\"valueName\":\"search_term_string\"}}],\"inLanguage\":\"fr-FR\"},{\"@type\":\"Person\",\"@id\":\"https:\\\/\\\/amedia-contables-espana.com\\\/fr\\\/#\\\/schema\\\/person\\\/38062a9e6a9730a7b03e3ac2615ae6f5\",\"name\":\"Vitali\",\"sameAs\":[\"http:\\\/\\\/amedia.com\"],\"url\":\"https:\\\/\\\/amedia-contables-espana.com\\\/fr\\\/blog\\\/author\\\/admin-masonu\\\/\"}]}<\/script>\n<!-- \/ Yoast SEO plugin. -->","yoast_head_json":{"title":"Locations touristiques en Espagne, quid de la TVA - Amedia","description":"Avec l\u2019augmentation du tourisme en Espagne et la multiplication des sites de location entre particuliers, de nombreux propri\u00e9taires se sont d\u00e9cid\u00e9s \u00e0 louer leur appartement ou maison \u00e0 des fins touristiques.","robots":{"index":"index","follow":"follow","max-snippet":"max-snippet:-1","max-image-preview":"max-image-preview:large","max-video-preview":"max-video-preview:-1"},"canonical":"https:\/\/amedia-contables-espana.com\/fr\/blog\/locations-touristiques-quid-de-tva\/","og_locale":"fr_FR","og_type":"article","og_title":"Locations touristiques en Espagne, quid de la TVA - Amedia","og_description":"Avec l\u2019augmentation du tourisme en Espagne et la multiplication des sites de location entre particuliers, de nombreux propri\u00e9taires se sont d\u00e9cid\u00e9s \u00e0 louer leur appartement ou maison \u00e0 des fins touristiques.","og_url":"https:\/\/amedia-contables-espana.com\/fr\/blog\/locations-touristiques-quid-de-tva\/","og_site_name":"Amedia contables espana","article_published_time":"2017-10-23T16:00:45+00:00","article_modified_time":"2020-07-15T09:19:05+00:00","author":"Vitali","twitter_card":"summary_large_image","twitter_misc":{"\u00c9crit par":"Vitali","Dur\u00e9e de lecture estim\u00e9e":"2 minutes"},"schema":{"@context":"https:\/\/schema.org","@graph":[{"@type":"Article","@id":"https:\/\/amedia-contables-espana.com\/fr\/blog\/locations-touristiques-quid-de-tva\/#article","isPartOf":{"@id":"https:\/\/amedia-contables-espana.com\/fr\/blog\/locations-touristiques-quid-de-tva\/"},"author":{"name":"Vitali","@id":"https:\/\/amedia-contables-espana.com\/fr\/#\/schema\/person\/38062a9e6a9730a7b03e3ac2615ae6f5"},"headline":"Locations touristiques en Espagne, quid de la TVA","datePublished":"2017-10-23T16:00:45+00:00","dateModified":"2020-07-15T09:19:05+00:00","mainEntityOfPage":{"@id":"https:\/\/amedia-contables-espana.com\/fr\/blog\/locations-touristiques-quid-de-tva\/"},"wordCount":468,"articleSection":["Non classifi\u00e9(e)"],"inLanguage":"fr-FR"},{"@type":"WebPage","@id":"https:\/\/amedia-contables-espana.com\/fr\/blog\/locations-touristiques-quid-de-tva\/","url":"https:\/\/amedia-contables-espana.com\/fr\/blog\/locations-touristiques-quid-de-tva\/","name":"Locations touristiques en Espagne, quid de la TVA - Amedia","isPartOf":{"@id":"https:\/\/amedia-contables-espana.com\/fr\/#website"},"datePublished":"2017-10-23T16:00:45+00:00","dateModified":"2020-07-15T09:19:05+00:00","author":{"@id":"https:\/\/amedia-contables-espana.com\/fr\/#\/schema\/person\/38062a9e6a9730a7b03e3ac2615ae6f5"},"description":"Avec l\u2019augmentation du tourisme en Espagne et la multiplication des sites de location entre particuliers, de nombreux propri\u00e9taires se sont d\u00e9cid\u00e9s \u00e0 louer leur appartement ou maison \u00e0 des fins touristiques.","breadcrumb":{"@id":"https:\/\/amedia-contables-espana.com\/fr\/blog\/locations-touristiques-quid-de-tva\/#breadcrumb"},"inLanguage":"fr-FR","potentialAction":[{"@type":"ReadAction","target":["https:\/\/amedia-contables-espana.com\/fr\/blog\/locations-touristiques-quid-de-tva\/"]}]},{"@type":"BreadcrumbList","@id":"https:\/\/amedia-contables-espana.com\/fr\/blog\/locations-touristiques-quid-de-tva\/#breadcrumb","itemListElement":[{"@type":"ListItem","position":1,"name":"Accueil","item":"https:\/\/amedia-contables-espana.com\/fr\/"},{"@type":"ListItem","position":2,"name":"Locations touristiques en Espagne, quid de la TVA"}]},{"@type":"WebSite","@id":"https:\/\/amedia-contables-espana.com\/fr\/#website","url":"https:\/\/amedia-contables-espana.com\/fr\/","name":"Amedia contables espana","description":"","potentialAction":[{"@type":"SearchAction","target":{"@type":"EntryPoint","urlTemplate":"https:\/\/amedia-contables-espana.com\/fr\/?s={search_term_string}"},"query-input":{"@type":"PropertyValueSpecification","valueRequired":true,"valueName":"search_term_string"}}],"inLanguage":"fr-FR"},{"@type":"Person","@id":"https:\/\/amedia-contables-espana.com\/fr\/#\/schema\/person\/38062a9e6a9730a7b03e3ac2615ae6f5","name":"Vitali","sameAs":["http:\/\/amedia.com"],"url":"https:\/\/amedia-contables-espana.com\/fr\/blog\/author\/admin-masonu\/"}]}},"author_meta":{"display_name":"Vitali","author_link":"https:\/\/amedia-contables-espana.com\/fr\/blog\/author\/admin-masonu\/"},"featured_img":null,"coauthors":[],"tax_additional":{"categories":{"linked":["<a href=\"https:\/\/amedia-contables-espana.com\/fr\/blog\/category\/non-classifiee\/\" class=\"advgb-post-tax-term\">Non classifi\u00e9(e)<\/a>"],"unlinked":["<span class=\"advgb-post-tax-term\">Non classifi\u00e9(e)<\/span>"]}},"comment_count":"0","relative_dates":{"created":"Publi\u00e9 9 ans il y a","modified":"Mis \u00e0 jour 6 ans il y a"},"absolute_dates":{"created":"Publi\u00e9 le 23 Octobre 2017","modified":"Mise \u00e0 jour le 15 Juillet 2020"},"absolute_dates_time":{"created":"Publi\u00e9 le 23 Octobre 2017 18 h 00 min","modified":"Mise \u00e0 jour le 15 Juillet 2020 11 h 19 min"},"featured_img_caption":"","series_order":"","_links":{"self":[{"href":"https:\/\/amedia-contables-espana.com\/fr\/wp-json\/wp\/v2\/posts\/910","targetHints":{"allow":["GET"]}}],"collection":[{"href":"https:\/\/amedia-contables-espana.com\/fr\/wp-json\/wp\/v2\/posts"}],"about":[{"href":"https:\/\/amedia-contables-espana.com\/fr\/wp-json\/wp\/v2\/types\/post"}],"author":[{"embeddable":true,"href":"https:\/\/amedia-contables-espana.com\/fr\/wp-json\/wp\/v2\/users\/3"}],"replies":[{"embeddable":true,"href":"https:\/\/amedia-contables-espana.com\/fr\/wp-json\/wp\/v2\/comments?post=910"}],"version-history":[{"count":2,"href":"https:\/\/amedia-contables-espana.com\/fr\/wp-json\/wp\/v2\/posts\/910\/revisions"}],"predecessor-version":[{"id":1074,"href":"https:\/\/amedia-contables-espana.com\/fr\/wp-json\/wp\/v2\/posts\/910\/revisions\/1074"}],"wp:attachment":[{"href":"https:\/\/amedia-contables-espana.com\/fr\/wp-json\/wp\/v2\/media?parent=910"}],"wp:term":[{"taxonomy":"category","embeddable":true,"href":"https:\/\/amedia-contables-espana.com\/fr\/wp-json\/wp\/v2\/categories?post=910"},{"taxonomy":"post_tag","embeddable":true,"href":"https:\/\/amedia-contables-espana.com\/fr\/wp-json\/wp\/v2\/tags?post=910"}],"curies":[{"name":"wp","href":"https:\/\/api.w.org\/{rel}","templated":true}]}}