{"id":908,"date":"2017-10-11T18:00:33","date_gmt":"2017-10-11T16:00:33","guid":{"rendered":"http:\/\/www.objectif-espagne.com\/?p=827"},"modified":"2020-07-14T10:59:00","modified_gmt":"2020-07-14T08:59:00","slug":"residence-fiscale-irpf","status":"publish","type":"post","link":"https:\/\/amedia-contables-espana.com\/fr\/blog\/residence-fiscale-irpf\/","title":{"rendered":"R\u00e9sidence Fiscale en Espagne et IRPF"},"content":{"rendered":"<p>Lorsque vous arrivez en Espagne, votre situation fiscale peut changer. Il est imp\u00e9ratif de vous renseigner sur votre statut fiscal\u00a0; r\u00e9sident ou non-r\u00e9sident.<\/p>\n<p>La notion de r\u00e9sidence fiscale est doublement importante en mati\u00e8re d\u2019imp\u00f4t.<\/p>\n<p>En effet, si les personnes ayant leur r\u00e9sidence fiscale en Espagne sont imposables sur la totalit\u00e9 de leurs revenus, m\u00eame de source \u00e9trang\u00e8re, les non-r\u00e9sidents ne sont impos\u00e9s que sur leurs revenus de source espagnole.<\/p>\n<p>De plus, seuls les r\u00e9sidents sont assujettis \u00e0 l\u2019IRPF (imp\u00f4t sur le revenu des personnes physiques), les non-r\u00e9sidents sont impos\u00e9s \u00e0 l\u2019IRNR (imp\u00f4t sur le revenu des non-r\u00e9sidents).<\/p>\n<h2>Comment savoir si vous \u00eates consid\u00e9r\u00e9 comme r\u00e9sident fiscal en Espagne ?<\/h2>\n<p>Pour savoir si vous \u00eates r\u00e9sident fiscal espagnol d\u00e8s l\u2019ann\u00e9e de votre arriv\u00e9, il faut regarder si vous remplissez les conditions pr\u00e9vues par la l\u00e9gislation espagnole.<\/p>\n<p>Aussi, d\u00e8s lors que :<\/p>\n<ul>\n<li>vous s\u00e9journez plus de 183 jours, durant l\u2019ann\u00e9e civile, sur le territoire espagnol<\/li>\n<li>ou le centre principal de vos int\u00e9r\u00eats professionnels ou \u00e9conomiques est en Espagne<\/li>\n<li>ou votre conjoint et vos enfants sont r\u00e9sidents en Espagne<\/li>\n<\/ul>\n<p>Vous serez consid\u00e9r\u00e9 comme r\u00e9sident fiscal Espagnol. Il suffit de remplir une seule de ces conditions pour \u00eatre fiscalement r\u00e9sident.<\/p>\n<h2>R\u00e9sidence fiscale dans deux pays diff\u00e9rents<\/h2>\n<p>Cependant, une personne peut parfois \u00eatre consid\u00e9r\u00e9e comme r\u00e9sidente fiscale dans deux Etats diff\u00e9rents au regard de la l\u00e9gislation interne de chacun de ces Etats.<\/p>\n<p>Dans une telle situation, il convient d\u2019appliquer la convention fiscale en vigueur entre l\u2019Espagne et le pays tiers. En Espagne, 93 conventions sont en vigueur et 9 sont en cours de ratification.<\/p>\n<p>Ces conventions pr\u00e9voient des crit\u00e8res successifs de d\u00e9termination de la r\u00e9sidence applicables en cas de conflit de r\u00e9sidence fiscale suite \u00e0 l\u2019application de la l\u00e9gislation interne de chacun des Etats.<\/p>\n<p>L\u2019\u00e9tude de la convention internationale applicable permettra de d\u00e9terminer le pays de r\u00e9sidence fiscale du contribuable.<\/p>\n","protected":false},"excerpt":{"rendered":"Lorsque vous arrivez en Espagne, votre situation fiscale peut changer. Il est imp\u00e9ratif de vous renseigner sur votre statut fiscal\u00a0; r\u00e9sident ou non-r\u00e9sident. La notion de r\u00e9sidence fiscale est doublement importante en mati\u00e8re d\u2019imp\u00f4t. En effet, si les personnes ayant leur r\u00e9sidence fiscale en Espagne sont imposables sur la totalit\u00e9 de leurs revenus, m\u00eame de&#8230; <a class=\"view-article\" href=\"https:\/\/amedia-contables-espana.com\/fr\/blog\/residence-fiscale-irpf\/\">Voir l&rsquo;article<\/a>","protected":false},"author":3,"featured_media":0,"comment_status":"closed","ping_status":"open","sticky":false,"template":"","format":"standard","meta":{"advgb_blocks_editor_width":"","advgb_blocks_columns_visual_guide":"","footnotes":""},"categories":[1],"tags":[],"class_list":["post-908","post","type-post","status-publish","format-standard","hentry","category-non-classifiee"],"yoast_head":"<!-- This site is optimized with the Yoast SEO plugin v28.2 - https:\/\/yoast.com\/product\/yoast-seo-wordpress\/ -->\n<title>R\u00e9sidence Fiscale en Espagne et IRPF - Amedia<\/title>\n<meta name=\"description\" content=\"Lorsque vous arrivez en Espagne, votre situation fiscale peut changer. Il est imp\u00e9ratif de vous renseigner sur votre statut fiscal\u00a0; r\u00e9sident ou non-r\u00e9sident.\" \/>\n<meta name=\"robots\" content=\"index, follow, max-snippet:-1, max-image-preview:large, max-video-preview:-1\" \/>\n<link rel=\"canonical\" href=\"https:\/\/amedia-contables-espana.com\/fr\/blog\/residence-fiscale-irpf\/\" \/>\n<meta property=\"og:locale\" content=\"fr_FR\" \/>\n<meta property=\"og:type\" content=\"article\" \/>\n<meta property=\"og:title\" content=\"R\u00e9sidence Fiscale en Espagne et IRPF - Amedia\" \/>\n<meta property=\"og:description\" content=\"Lorsque vous arrivez en Espagne, votre situation fiscale peut changer. Il est imp\u00e9ratif de vous renseigner sur votre statut fiscal\u00a0; r\u00e9sident ou non-r\u00e9sident.\" \/>\n<meta property=\"og:url\" content=\"https:\/\/amedia-contables-espana.com\/fr\/blog\/residence-fiscale-irpf\/\" \/>\n<meta property=\"og:site_name\" content=\"Amedia contables espana\" \/>\n<meta property=\"article:published_time\" content=\"2017-10-11T16:00:33+00:00\" \/>\n<meta property=\"article:modified_time\" content=\"2020-07-14T08:59:00+00:00\" \/>\n<meta name=\"author\" content=\"Vitali\" \/>\n<meta name=\"twitter:card\" content=\"summary_large_image\" \/>\n<meta name=\"twitter:label1\" content=\"\u00c9crit par\" \/>\n\t<meta name=\"twitter:data1\" content=\"Vitali\" \/>\n\t<meta name=\"twitter:label2\" content=\"Dur\u00e9e de lecture estim\u00e9e\" \/>\n\t<meta name=\"twitter:data2\" content=\"2 minutes\" \/>\n<script type=\"application\/ld+json\" class=\"yoast-schema-graph\">{\"@context\":\"https:\\\/\\\/schema.org\",\"@graph\":[{\"@type\":\"Article\",\"@id\":\"https:\\\/\\\/amedia-contables-espana.com\\\/fr\\\/blog\\\/residence-fiscale-irpf\\\/#article\",\"isPartOf\":{\"@id\":\"https:\\\/\\\/amedia-contables-espana.com\\\/fr\\\/blog\\\/residence-fiscale-irpf\\\/\"},\"author\":{\"name\":\"Vitali\",\"@id\":\"https:\\\/\\\/amedia-contables-espana.com\\\/fr\\\/#\\\/schema\\\/person\\\/38062a9e6a9730a7b03e3ac2615ae6f5\"},\"headline\":\"R\u00e9sidence Fiscale en Espagne et IRPF\",\"datePublished\":\"2017-10-11T16:00:33+00:00\",\"dateModified\":\"2020-07-14T08:59:00+00:00\",\"mainEntityOfPage\":{\"@id\":\"https:\\\/\\\/amedia-contables-espana.com\\\/fr\\\/blog\\\/residence-fiscale-irpf\\\/\"},\"wordCount\":361,\"articleSection\":[\"Non classifi\u00e9(e)\"],\"inLanguage\":\"fr-FR\"},{\"@type\":\"WebPage\",\"@id\":\"https:\\\/\\\/amedia-contables-espana.com\\\/fr\\\/blog\\\/residence-fiscale-irpf\\\/\",\"url\":\"https:\\\/\\\/amedia-contables-espana.com\\\/fr\\\/blog\\\/residence-fiscale-irpf\\\/\",\"name\":\"R\u00e9sidence Fiscale en Espagne et IRPF - Amedia\",\"isPartOf\":{\"@id\":\"https:\\\/\\\/amedia-contables-espana.com\\\/fr\\\/#website\"},\"datePublished\":\"2017-10-11T16:00:33+00:00\",\"dateModified\":\"2020-07-14T08:59:00+00:00\",\"author\":{\"@id\":\"https:\\\/\\\/amedia-contables-espana.com\\\/fr\\\/#\\\/schema\\\/person\\\/38062a9e6a9730a7b03e3ac2615ae6f5\"},\"description\":\"Lorsque vous arrivez en Espagne, votre situation fiscale peut changer. Il est imp\u00e9ratif de vous renseigner sur votre statut fiscal\u00a0; r\u00e9sident ou non-r\u00e9sident.\",\"breadcrumb\":{\"@id\":\"https:\\\/\\\/amedia-contables-espana.com\\\/fr\\\/blog\\\/residence-fiscale-irpf\\\/#breadcrumb\"},\"inLanguage\":\"fr-FR\",\"potentialAction\":[{\"@type\":\"ReadAction\",\"target\":[\"https:\\\/\\\/amedia-contables-espana.com\\\/fr\\\/blog\\\/residence-fiscale-irpf\\\/\"]}]},{\"@type\":\"BreadcrumbList\",\"@id\":\"https:\\\/\\\/amedia-contables-espana.com\\\/fr\\\/blog\\\/residence-fiscale-irpf\\\/#breadcrumb\",\"itemListElement\":[{\"@type\":\"ListItem\",\"position\":1,\"name\":\"Accueil\",\"item\":\"https:\\\/\\\/amedia-contables-espana.com\\\/fr\\\/\"},{\"@type\":\"ListItem\",\"position\":2,\"name\":\"R\u00e9sidence Fiscale en Espagne et IRPF\"}]},{\"@type\":\"WebSite\",\"@id\":\"https:\\\/\\\/amedia-contables-espana.com\\\/fr\\\/#website\",\"url\":\"https:\\\/\\\/amedia-contables-espana.com\\\/fr\\\/\",\"name\":\"Amedia contables espana\",\"description\":\"\",\"potentialAction\":[{\"@type\":\"SearchAction\",\"target\":{\"@type\":\"EntryPoint\",\"urlTemplate\":\"https:\\\/\\\/amedia-contables-espana.com\\\/fr\\\/?s={search_term_string}\"},\"query-input\":{\"@type\":\"PropertyValueSpecification\",\"valueRequired\":true,\"valueName\":\"search_term_string\"}}],\"inLanguage\":\"fr-FR\"},{\"@type\":\"Person\",\"@id\":\"https:\\\/\\\/amedia-contables-espana.com\\\/fr\\\/#\\\/schema\\\/person\\\/38062a9e6a9730a7b03e3ac2615ae6f5\",\"name\":\"Vitali\",\"sameAs\":[\"http:\\\/\\\/amedia.com\"],\"url\":\"https:\\\/\\\/amedia-contables-espana.com\\\/fr\\\/blog\\\/author\\\/admin-masonu\\\/\"}]}<\/script>\n<!-- \/ Yoast SEO plugin. -->","yoast_head_json":{"title":"R\u00e9sidence Fiscale en Espagne et IRPF - Amedia","description":"Lorsque vous arrivez en Espagne, votre situation fiscale peut changer. Il est imp\u00e9ratif de vous renseigner sur votre statut fiscal\u00a0; r\u00e9sident ou non-r\u00e9sident.","robots":{"index":"index","follow":"follow","max-snippet":"max-snippet:-1","max-image-preview":"max-image-preview:large","max-video-preview":"max-video-preview:-1"},"canonical":"https:\/\/amedia-contables-espana.com\/fr\/blog\/residence-fiscale-irpf\/","og_locale":"fr_FR","og_type":"article","og_title":"R\u00e9sidence Fiscale en Espagne et IRPF - Amedia","og_description":"Lorsque vous arrivez en Espagne, votre situation fiscale peut changer. Il est imp\u00e9ratif de vous renseigner sur votre statut fiscal\u00a0; r\u00e9sident ou non-r\u00e9sident.","og_url":"https:\/\/amedia-contables-espana.com\/fr\/blog\/residence-fiscale-irpf\/","og_site_name":"Amedia contables espana","article_published_time":"2017-10-11T16:00:33+00:00","article_modified_time":"2020-07-14T08:59:00+00:00","author":"Vitali","twitter_card":"summary_large_image","twitter_misc":{"\u00c9crit par":"Vitali","Dur\u00e9e de lecture estim\u00e9e":"2 minutes"},"schema":{"@context":"https:\/\/schema.org","@graph":[{"@type":"Article","@id":"https:\/\/amedia-contables-espana.com\/fr\/blog\/residence-fiscale-irpf\/#article","isPartOf":{"@id":"https:\/\/amedia-contables-espana.com\/fr\/blog\/residence-fiscale-irpf\/"},"author":{"name":"Vitali","@id":"https:\/\/amedia-contables-espana.com\/fr\/#\/schema\/person\/38062a9e6a9730a7b03e3ac2615ae6f5"},"headline":"R\u00e9sidence Fiscale en Espagne et IRPF","datePublished":"2017-10-11T16:00:33+00:00","dateModified":"2020-07-14T08:59:00+00:00","mainEntityOfPage":{"@id":"https:\/\/amedia-contables-espana.com\/fr\/blog\/residence-fiscale-irpf\/"},"wordCount":361,"articleSection":["Non classifi\u00e9(e)"],"inLanguage":"fr-FR"},{"@type":"WebPage","@id":"https:\/\/amedia-contables-espana.com\/fr\/blog\/residence-fiscale-irpf\/","url":"https:\/\/amedia-contables-espana.com\/fr\/blog\/residence-fiscale-irpf\/","name":"R\u00e9sidence Fiscale en Espagne et IRPF - Amedia","isPartOf":{"@id":"https:\/\/amedia-contables-espana.com\/fr\/#website"},"datePublished":"2017-10-11T16:00:33+00:00","dateModified":"2020-07-14T08:59:00+00:00","author":{"@id":"https:\/\/amedia-contables-espana.com\/fr\/#\/schema\/person\/38062a9e6a9730a7b03e3ac2615ae6f5"},"description":"Lorsque vous arrivez en Espagne, votre situation fiscale peut changer. Il est imp\u00e9ratif de vous renseigner sur votre statut fiscal\u00a0; r\u00e9sident ou non-r\u00e9sident.","breadcrumb":{"@id":"https:\/\/amedia-contables-espana.com\/fr\/blog\/residence-fiscale-irpf\/#breadcrumb"},"inLanguage":"fr-FR","potentialAction":[{"@type":"ReadAction","target":["https:\/\/amedia-contables-espana.com\/fr\/blog\/residence-fiscale-irpf\/"]}]},{"@type":"BreadcrumbList","@id":"https:\/\/amedia-contables-espana.com\/fr\/blog\/residence-fiscale-irpf\/#breadcrumb","itemListElement":[{"@type":"ListItem","position":1,"name":"Accueil","item":"https:\/\/amedia-contables-espana.com\/fr\/"},{"@type":"ListItem","position":2,"name":"R\u00e9sidence Fiscale en Espagne et IRPF"}]},{"@type":"WebSite","@id":"https:\/\/amedia-contables-espana.com\/fr\/#website","url":"https:\/\/amedia-contables-espana.com\/fr\/","name":"Amedia contables espana","description":"","potentialAction":[{"@type":"SearchAction","target":{"@type":"EntryPoint","urlTemplate":"https:\/\/amedia-contables-espana.com\/fr\/?s={search_term_string}"},"query-input":{"@type":"PropertyValueSpecification","valueRequired":true,"valueName":"search_term_string"}}],"inLanguage":"fr-FR"},{"@type":"Person","@id":"https:\/\/amedia-contables-espana.com\/fr\/#\/schema\/person\/38062a9e6a9730a7b03e3ac2615ae6f5","name":"Vitali","sameAs":["http:\/\/amedia.com"],"url":"https:\/\/amedia-contables-espana.com\/fr\/blog\/author\/admin-masonu\/"}]}},"author_meta":{"display_name":"Vitali","author_link":"https:\/\/amedia-contables-espana.com\/fr\/blog\/author\/admin-masonu\/"},"featured_img":null,"coauthors":[],"tax_additional":{"categories":{"linked":["<a href=\"https:\/\/amedia-contables-espana.com\/fr\/blog\/category\/non-classifiee\/\" class=\"advgb-post-tax-term\">Non classifi\u00e9(e)<\/a>"],"unlinked":["<span class=\"advgb-post-tax-term\">Non classifi\u00e9(e)<\/span>"]}},"comment_count":"0","relative_dates":{"created":"Publi\u00e9 9 ans il y a","modified":"Mis \u00e0 jour 6 ans il y a"},"absolute_dates":{"created":"Publi\u00e9 le 11 Octobre 2017","modified":"Mise \u00e0 jour le 14 Juillet 2020"},"absolute_dates_time":{"created":"Publi\u00e9 le 11 Octobre 2017 18 h 00 min","modified":"Mise \u00e0 jour le 14 Juillet 2020 10 h 59 min"},"featured_img_caption":"","series_order":"","_links":{"self":[{"href":"https:\/\/amedia-contables-espana.com\/fr\/wp-json\/wp\/v2\/posts\/908","targetHints":{"allow":["GET"]}}],"collection":[{"href":"https:\/\/amedia-contables-espana.com\/fr\/wp-json\/wp\/v2\/posts"}],"about":[{"href":"https:\/\/amedia-contables-espana.com\/fr\/wp-json\/wp\/v2\/types\/post"}],"author":[{"embeddable":true,"href":"https:\/\/amedia-contables-espana.com\/fr\/wp-json\/wp\/v2\/users\/3"}],"replies":[{"embeddable":true,"href":"https:\/\/amedia-contables-espana.com\/fr\/wp-json\/wp\/v2\/comments?post=908"}],"version-history":[{"count":2,"href":"https:\/\/amedia-contables-espana.com\/fr\/wp-json\/wp\/v2\/posts\/908\/revisions"}],"predecessor-version":[{"id":1049,"href":"https:\/\/amedia-contables-espana.com\/fr\/wp-json\/wp\/v2\/posts\/908\/revisions\/1049"}],"wp:attachment":[{"href":"https:\/\/amedia-contables-espana.com\/fr\/wp-json\/wp\/v2\/media?parent=908"}],"wp:term":[{"taxonomy":"category","embeddable":true,"href":"https:\/\/amedia-contables-espana.com\/fr\/wp-json\/wp\/v2\/categories?post=908"},{"taxonomy":"post_tag","embeddable":true,"href":"https:\/\/amedia-contables-espana.com\/fr\/wp-json\/wp\/v2\/tags?post=908"}],"curies":[{"name":"wp","href":"https:\/\/api.w.org\/{rel}","templated":true}]}}