{"id":903,"date":"2017-08-21T10:48:58","date_gmt":"2017-08-21T08:48:58","guid":{"rendered":"http:\/\/www.objectif-espagne.com\/?p=798"},"modified":"2020-07-10T17:28:58","modified_gmt":"2020-07-10T15:28:58","slug":"depenses-independant-deduire","status":"publish","type":"post","link":"https:\/\/amedia-contables-espana.com\/fr\/blog\/depenses-independant-deduire\/","title":{"rendered":"Autonomos: quelles d\u00e9penses sont d\u00e9ductibles de vos revenus professionnels ?"},"content":{"rendered":"<p>Si vous travaillez en tant qu\u2019ind\u00e9pendant, il vous int\u00e9ressera surement de savoir quelles d\u00e9penses sont d\u00e9ductibles de vos revenus professionnels et lesquelles ne le sont pas. Ainsi, dans cet article, nous nous proposons d\u2019analyser la d\u00e9ductibilit\u00e9 de certaines d\u00e9penses.<\/p>\n<h2>Qu&rsquo;est-ce qu&rsquo;une \u00ab d\u00e9pense d\u00e9ductible \u00bb ?<\/h2>\n<p>En premier lieu, il faut rappeler ce que le l\u00e9gislateur entend par \u00ab d\u00e9penses d\u00e9ductibles \u00bb. Selon la doctrine, sont consid\u00e9r\u00e9s d\u00e9ductibles les frais qui r\u00e9unissent les conditions de relation, d\u2019affectation, de justification et d\u2019enregistrement. Cela signifie que les d\u00e9penses doivent \u00eatre li\u00e9es et affect\u00e9es \u00e0 l\u2019activit\u00e9 \u00e9conomique du travailleur ind\u00e9pendant, qu\u2019elles soient aussi justifi\u00e9es eu \u00e9gard \u00e0 cette activit\u00e9, et enfin enregistr\u00e9es de mani\u00e8re conforme. En un mot, les d\u00e9penses doivent avoir acquis un caract\u00e8re professionnel.<\/p>\n<p>Cela \u00e9tant dit, nous pouvons maintenant nous poser la question de savoir ce qui est d\u00e9ductible et ce qui ne l\u2019est pas. En effet, le fait de respecter les conditions expos\u00e9es ci-avant ne suffit pas pour que l\u2019administration fiscale accepte la d\u00e9ductibilit\u00e9 totale de toutes d\u00e9penses professionnelles. De fait, s\u2019il existe une multitude de frais qui sont enti\u00e8rement d\u00e9ductibles, comme par exemple les salaires, cotisations sociales, charges financi\u00e8res, etc., en revanche, certains ne le sont pas (amendes ou dons, par exemple). De surcroit, d\u2019autres cat\u00e9gories de frais sont eux soumises a des r\u00e8gles particuli\u00e8res.<\/p>\n<h2>Le v\u00e9hicule<\/h2>\n<p>Consid\u00e9rons, par exemple, le v\u00e9hicule, qui est, selon l\u2019administration fiscale, un bien mixte, ce qui signifie que son utilisation a un caract\u00e8re aussi bien priv\u00e9 que professionnel. En cons\u00e9quence, les d\u00e9penses relatives \u00e0 l\u2019usage du v\u00e9hicule ainsi que celle y aff\u00e9rentes (assurance, entretien), seront en r\u00e8gle g\u00e9n\u00e9rale d\u00e9ductibles \u00e0 50 %, et non pas \u00e0 100%. Il faut toutefois noter qu\u2019il rel\u00e8ve au bout du compte de la comp\u00e9tence de l\u2019administration de d\u00e9terminer ce dit pourcentage. N\u00e9anmoins, il faut signaler que les ind\u00e9pendants qui exercent des professions o\u00f9 un v\u00e9hicule est indispensable, comme les livreurs ou chauffeurs de taxis, peuvent d\u00e9duire totalement les d\u00e9penses en lien avec l\u2019utilisation du bien.<\/p>\n<h2>Les co\u00fbts de t\u00e9l\u00e9phonie<\/h2>\n<p>De la m\u00eame mani\u00e8re, l\u2019administration fiscale consid\u00e8re que les co\u00fbts de t\u00e9l\u00e9phonie peuvent \u00eatre imput\u00e9s sur le revenu en qualit\u00e9 de d\u00e9penses professionnelles a concurrence de 50 % de celles-ci. Concernant les d\u00e9penses r\u00e9sultant de l\u2019habillement, seules seront d\u00e9ductibles celles qui ont un caract\u00e8re strictement professionnel, en particulier celles support\u00e9es pour des v\u00eatements de protection.<\/p>\n<h2>Les biens immobiliers<\/h2>\n<p>Apr\u00e8s avoir rendu compte de certaines d\u00e9penses d\u00e9ductibles, nous allons consid\u00e9rer plus sp\u00e9cialement une situation relative aux biens immobiliers utilis\u00e9s non seulement de mani\u00e8re priv\u00e9e, mais aussi pour l\u2019exercice de l\u2019activit\u00e9 professionnelle. Cela est notamment le cas lorsque un ind\u00e9pendant \u00e9tablit le domicile social de son entreprise dans son habitation. Dans ce cas pr\u00e9cis, l\u2019ind\u00e9pendant pourra d\u00e9duire au titre de d\u00e9penses professionnels ses factures de consommation de gaz, \u00e9lectricit\u00e9, internet ou autres \u00e0 hauteur d\u2019un pourcentage calcul\u00e9 comme suit : la nouvelle r\u00e8gle \u00e9tablit que l\u2019on peut d\u00e9duire 30% d\u2019une fraction obtenue entre la surface de l\u2019habitation utilis\u00e9e pour l\u2019activit\u00e9 professionnelle et la surface totale du bien.<\/p>\n<p>Prenons un exemple : si l\u2019on consid\u00e8re un ind\u00e9pendant qui poss\u00e8de une maison de 100m 2 et qu\u2019il en affecte 20 pour son activit\u00e9 professionnelle, il aura le droit de d\u00e9duire les frais de sa maison \u00e0 hauteur de : (20\/100)*30% = 6 %.<\/p>\n<p>Notons enfin que l\u2019on peut d\u00e9roger \u00e0 cette r\u00e8gle si le contribuable peut prouver qu\u2019il aurait droit a un pourcentage de d\u00e9duction plus important.<\/p>\n","protected":false},"excerpt":{"rendered":"Si vous travaillez en tant qu\u2019ind\u00e9pendant, il vous int\u00e9ressera surement de savoir quelles d\u00e9penses sont d\u00e9ductibles de vos revenus professionnels et lesquelles ne le sont pas. Ainsi, dans cet article, nous nous proposons d\u2019analyser la d\u00e9ductibilit\u00e9 de certaines d\u00e9penses. Qu&rsquo;est-ce qu&rsquo;une \u00ab d\u00e9pense d\u00e9ductible \u00bb ? En premier lieu, il faut rappeler ce que le&#8230; <a class=\"view-article\" href=\"https:\/\/amedia-contables-espana.com\/fr\/blog\/depenses-independant-deduire\/\">Voir l&rsquo;article<\/a>","protected":false},"author":3,"featured_media":0,"comment_status":"closed","ping_status":"open","sticky":false,"template":"","format":"standard","meta":{"advgb_blocks_editor_width":"","advgb_blocks_columns_visual_guide":"","footnotes":""},"categories":[1],"tags":[],"class_list":["post-903","post","type-post","status-publish","format-standard","hentry","category-non-classifiee"],"yoast_head":"<!-- This site is optimized with the Yoast SEO plugin v28.2 - https:\/\/yoast.com\/product\/yoast-seo-wordpress\/ -->\n<title>Autonomos: quelles d\u00e9penses sont d\u00e9ductibles de vos revenus professionnels ? - Amedia contables espana<\/title>\n<meta name=\"description\" content=\"Si vous travaillez en tant qu\u2019ind\u00e9pendant en Espagne, il vous int\u00e9ressera surement de savoir quelles d\u00e9penses sont d\u00e9ductibles de vos revenus professionnels et lesquelles ne le sont pas.\" \/>\n<meta name=\"robots\" content=\"index, follow, max-snippet:-1, max-image-preview:large, max-video-preview:-1\" \/>\n<link rel=\"canonical\" href=\"https:\/\/amedia-contables-espana.com\/fr\/blog\/depenses-independant-deduire\/\" \/>\n<meta property=\"og:locale\" content=\"fr_FR\" \/>\n<meta property=\"og:type\" content=\"article\" \/>\n<meta property=\"og:title\" content=\"Autonomos: quelles d\u00e9penses sont d\u00e9ductibles de vos revenus professionnels ? - Amedia contables espana\" \/>\n<meta property=\"og:description\" content=\"Si vous travaillez en tant qu\u2019ind\u00e9pendant en Espagne, il vous int\u00e9ressera surement de savoir quelles d\u00e9penses sont d\u00e9ductibles de vos revenus professionnels et lesquelles ne le sont pas.\" \/>\n<meta property=\"og:url\" content=\"https:\/\/amedia-contables-espana.com\/fr\/blog\/depenses-independant-deduire\/\" \/>\n<meta property=\"og:site_name\" content=\"Amedia contables espana\" \/>\n<meta property=\"article:published_time\" content=\"2017-08-21T08:48:58+00:00\" \/>\n<meta property=\"article:modified_time\" content=\"2020-07-10T15:28:58+00:00\" \/>\n<meta name=\"author\" content=\"Vitali\" \/>\n<meta name=\"twitter:card\" content=\"summary_large_image\" \/>\n<meta name=\"twitter:label1\" content=\"\u00c9crit par\" \/>\n\t<meta name=\"twitter:data1\" content=\"Vitali\" \/>\n\t<meta name=\"twitter:label2\" content=\"Dur\u00e9e de lecture estim\u00e9e\" \/>\n\t<meta name=\"twitter:data2\" content=\"3 minutes\" \/>\n<script type=\"application\/ld+json\" class=\"yoast-schema-graph\">{\"@context\":\"https:\\\/\\\/schema.org\",\"@graph\":[{\"@type\":\"Article\",\"@id\":\"https:\\\/\\\/amedia-contables-espana.com\\\/fr\\\/blog\\\/depenses-independant-deduire\\\/#article\",\"isPartOf\":{\"@id\":\"https:\\\/\\\/amedia-contables-espana.com\\\/fr\\\/blog\\\/depenses-independant-deduire\\\/\"},\"author\":{\"name\":\"Vitali\",\"@id\":\"https:\\\/\\\/amedia-contables-espana.com\\\/fr\\\/#\\\/schema\\\/person\\\/38062a9e6a9730a7b03e3ac2615ae6f5\"},\"headline\":\"Autonomos: quelles d\u00e9penses sont d\u00e9ductibles de vos revenus professionnels ?\",\"datePublished\":\"2017-08-21T08:48:58+00:00\",\"dateModified\":\"2020-07-10T15:28:58+00:00\",\"mainEntityOfPage\":{\"@id\":\"https:\\\/\\\/amedia-contables-espana.com\\\/fr\\\/blog\\\/depenses-independant-deduire\\\/\"},\"wordCount\":674,\"articleSection\":[\"Non classifi\u00e9(e)\"],\"inLanguage\":\"fr-FR\"},{\"@type\":\"WebPage\",\"@id\":\"https:\\\/\\\/amedia-contables-espana.com\\\/fr\\\/blog\\\/depenses-independant-deduire\\\/\",\"url\":\"https:\\\/\\\/amedia-contables-espana.com\\\/fr\\\/blog\\\/depenses-independant-deduire\\\/\",\"name\":\"Autonomos: quelles d\u00e9penses sont d\u00e9ductibles de vos revenus professionnels ? - Amedia contables espana\",\"isPartOf\":{\"@id\":\"https:\\\/\\\/amedia-contables-espana.com\\\/fr\\\/#website\"},\"datePublished\":\"2017-08-21T08:48:58+00:00\",\"dateModified\":\"2020-07-10T15:28:58+00:00\",\"author\":{\"@id\":\"https:\\\/\\\/amedia-contables-espana.com\\\/fr\\\/#\\\/schema\\\/person\\\/38062a9e6a9730a7b03e3ac2615ae6f5\"},\"description\":\"Si vous travaillez en tant qu\u2019ind\u00e9pendant en Espagne, il vous int\u00e9ressera surement de savoir quelles d\u00e9penses sont d\u00e9ductibles de vos revenus professionnels et lesquelles ne le sont pas.\",\"breadcrumb\":{\"@id\":\"https:\\\/\\\/amedia-contables-espana.com\\\/fr\\\/blog\\\/depenses-independant-deduire\\\/#breadcrumb\"},\"inLanguage\":\"fr-FR\",\"potentialAction\":[{\"@type\":\"ReadAction\",\"target\":[\"https:\\\/\\\/amedia-contables-espana.com\\\/fr\\\/blog\\\/depenses-independant-deduire\\\/\"]}]},{\"@type\":\"BreadcrumbList\",\"@id\":\"https:\\\/\\\/amedia-contables-espana.com\\\/fr\\\/blog\\\/depenses-independant-deduire\\\/#breadcrumb\",\"itemListElement\":[{\"@type\":\"ListItem\",\"position\":1,\"name\":\"Accueil\",\"item\":\"https:\\\/\\\/amedia-contables-espana.com\\\/fr\\\/\"},{\"@type\":\"ListItem\",\"position\":2,\"name\":\"Autonomos: quelles d\u00e9penses sont d\u00e9ductibles de vos revenus professionnels ?\"}]},{\"@type\":\"WebSite\",\"@id\":\"https:\\\/\\\/amedia-contables-espana.com\\\/fr\\\/#website\",\"url\":\"https:\\\/\\\/amedia-contables-espana.com\\\/fr\\\/\",\"name\":\"Amedia contables espana\",\"description\":\"\",\"potentialAction\":[{\"@type\":\"SearchAction\",\"target\":{\"@type\":\"EntryPoint\",\"urlTemplate\":\"https:\\\/\\\/amedia-contables-espana.com\\\/fr\\\/?s={search_term_string}\"},\"query-input\":{\"@type\":\"PropertyValueSpecification\",\"valueRequired\":true,\"valueName\":\"search_term_string\"}}],\"inLanguage\":\"fr-FR\"},{\"@type\":\"Person\",\"@id\":\"https:\\\/\\\/amedia-contables-espana.com\\\/fr\\\/#\\\/schema\\\/person\\\/38062a9e6a9730a7b03e3ac2615ae6f5\",\"name\":\"Vitali\",\"sameAs\":[\"http:\\\/\\\/amedia.com\"],\"url\":\"https:\\\/\\\/amedia-contables-espana.com\\\/fr\\\/blog\\\/author\\\/admin-masonu\\\/\"}]}<\/script>\n<!-- \/ Yoast SEO plugin. -->","yoast_head_json":{"title":"Autonomos: quelles d\u00e9penses sont d\u00e9ductibles de vos revenus professionnels ? - Amedia contables espana","description":"Si vous travaillez en tant qu\u2019ind\u00e9pendant en Espagne, il vous int\u00e9ressera surement de savoir quelles d\u00e9penses sont d\u00e9ductibles de vos revenus professionnels et lesquelles ne le sont pas.","robots":{"index":"index","follow":"follow","max-snippet":"max-snippet:-1","max-image-preview":"max-image-preview:large","max-video-preview":"max-video-preview:-1"},"canonical":"https:\/\/amedia-contables-espana.com\/fr\/blog\/depenses-independant-deduire\/","og_locale":"fr_FR","og_type":"article","og_title":"Autonomos: quelles d\u00e9penses sont d\u00e9ductibles de vos revenus professionnels ? - Amedia contables espana","og_description":"Si vous travaillez en tant qu\u2019ind\u00e9pendant en Espagne, il vous int\u00e9ressera surement de savoir quelles d\u00e9penses sont d\u00e9ductibles de vos revenus professionnels et lesquelles ne le sont pas.","og_url":"https:\/\/amedia-contables-espana.com\/fr\/blog\/depenses-independant-deduire\/","og_site_name":"Amedia contables espana","article_published_time":"2017-08-21T08:48:58+00:00","article_modified_time":"2020-07-10T15:28:58+00:00","author":"Vitali","twitter_card":"summary_large_image","twitter_misc":{"\u00c9crit par":"Vitali","Dur\u00e9e de lecture estim\u00e9e":"3 minutes"},"schema":{"@context":"https:\/\/schema.org","@graph":[{"@type":"Article","@id":"https:\/\/amedia-contables-espana.com\/fr\/blog\/depenses-independant-deduire\/#article","isPartOf":{"@id":"https:\/\/amedia-contables-espana.com\/fr\/blog\/depenses-independant-deduire\/"},"author":{"name":"Vitali","@id":"https:\/\/amedia-contables-espana.com\/fr\/#\/schema\/person\/38062a9e6a9730a7b03e3ac2615ae6f5"},"headline":"Autonomos: quelles d\u00e9penses sont d\u00e9ductibles de vos revenus professionnels ?","datePublished":"2017-08-21T08:48:58+00:00","dateModified":"2020-07-10T15:28:58+00:00","mainEntityOfPage":{"@id":"https:\/\/amedia-contables-espana.com\/fr\/blog\/depenses-independant-deduire\/"},"wordCount":674,"articleSection":["Non classifi\u00e9(e)"],"inLanguage":"fr-FR"},{"@type":"WebPage","@id":"https:\/\/amedia-contables-espana.com\/fr\/blog\/depenses-independant-deduire\/","url":"https:\/\/amedia-contables-espana.com\/fr\/blog\/depenses-independant-deduire\/","name":"Autonomos: quelles d\u00e9penses sont d\u00e9ductibles de vos revenus professionnels ? - Amedia contables espana","isPartOf":{"@id":"https:\/\/amedia-contables-espana.com\/fr\/#website"},"datePublished":"2017-08-21T08:48:58+00:00","dateModified":"2020-07-10T15:28:58+00:00","author":{"@id":"https:\/\/amedia-contables-espana.com\/fr\/#\/schema\/person\/38062a9e6a9730a7b03e3ac2615ae6f5"},"description":"Si vous travaillez en tant qu\u2019ind\u00e9pendant en Espagne, il vous int\u00e9ressera surement de savoir quelles d\u00e9penses sont d\u00e9ductibles de vos revenus professionnels et lesquelles ne le sont pas.","breadcrumb":{"@id":"https:\/\/amedia-contables-espana.com\/fr\/blog\/depenses-independant-deduire\/#breadcrumb"},"inLanguage":"fr-FR","potentialAction":[{"@type":"ReadAction","target":["https:\/\/amedia-contables-espana.com\/fr\/blog\/depenses-independant-deduire\/"]}]},{"@type":"BreadcrumbList","@id":"https:\/\/amedia-contables-espana.com\/fr\/blog\/depenses-independant-deduire\/#breadcrumb","itemListElement":[{"@type":"ListItem","position":1,"name":"Accueil","item":"https:\/\/amedia-contables-espana.com\/fr\/"},{"@type":"ListItem","position":2,"name":"Autonomos: quelles d\u00e9penses sont d\u00e9ductibles de vos revenus professionnels ?"}]},{"@type":"WebSite","@id":"https:\/\/amedia-contables-espana.com\/fr\/#website","url":"https:\/\/amedia-contables-espana.com\/fr\/","name":"Amedia contables espana","description":"","potentialAction":[{"@type":"SearchAction","target":{"@type":"EntryPoint","urlTemplate":"https:\/\/amedia-contables-espana.com\/fr\/?s={search_term_string}"},"query-input":{"@type":"PropertyValueSpecification","valueRequired":true,"valueName":"search_term_string"}}],"inLanguage":"fr-FR"},{"@type":"Person","@id":"https:\/\/amedia-contables-espana.com\/fr\/#\/schema\/person\/38062a9e6a9730a7b03e3ac2615ae6f5","name":"Vitali","sameAs":["http:\/\/amedia.com"],"url":"https:\/\/amedia-contables-espana.com\/fr\/blog\/author\/admin-masonu\/"}]}},"author_meta":{"display_name":"Vitali","author_link":"https:\/\/amedia-contables-espana.com\/fr\/blog\/author\/admin-masonu\/"},"featured_img":null,"coauthors":[],"tax_additional":{"categories":{"linked":["<a href=\"https:\/\/amedia-contables-espana.com\/fr\/blog\/category\/non-classifiee\/\" class=\"advgb-post-tax-term\">Non classifi\u00e9(e)<\/a>"],"unlinked":["<span class=\"advgb-post-tax-term\">Non classifi\u00e9(e)<\/span>"]}},"comment_count":"0","relative_dates":{"created":"Publi\u00e9 9 ans il y a","modified":"Mis \u00e0 jour 6 ans il y a"},"absolute_dates":{"created":"Publi\u00e9 le 21 Ao\u00fbt 2017","modified":"Mise \u00e0 jour le 10 Juillet 2020"},"absolute_dates_time":{"created":"Publi\u00e9 le 21 Ao\u00fbt 2017 10 h 48 min","modified":"Mise \u00e0 jour le 10 Juillet 2020 17 h 28 min"},"featured_img_caption":"","series_order":"","_links":{"self":[{"href":"https:\/\/amedia-contables-espana.com\/fr\/wp-json\/wp\/v2\/posts\/903","targetHints":{"allow":["GET"]}}],"collection":[{"href":"https:\/\/amedia-contables-espana.com\/fr\/wp-json\/wp\/v2\/posts"}],"about":[{"href":"https:\/\/amedia-contables-espana.com\/fr\/wp-json\/wp\/v2\/types\/post"}],"author":[{"embeddable":true,"href":"https:\/\/amedia-contables-espana.com\/fr\/wp-json\/wp\/v2\/users\/3"}],"replies":[{"embeddable":true,"href":"https:\/\/amedia-contables-espana.com\/fr\/wp-json\/wp\/v2\/comments?post=903"}],"version-history":[{"count":2,"href":"https:\/\/amedia-contables-espana.com\/fr\/wp-json\/wp\/v2\/posts\/903\/revisions"}],"predecessor-version":[{"id":1023,"href":"https:\/\/amedia-contables-espana.com\/fr\/wp-json\/wp\/v2\/posts\/903\/revisions\/1023"}],"wp:attachment":[{"href":"https:\/\/amedia-contables-espana.com\/fr\/wp-json\/wp\/v2\/media?parent=903"}],"wp:term":[{"taxonomy":"category","embeddable":true,"href":"https:\/\/amedia-contables-espana.com\/fr\/wp-json\/wp\/v2\/categories?post=903"},{"taxonomy":"post_tag","embeddable":true,"href":"https:\/\/amedia-contables-espana.com\/fr\/wp-json\/wp\/v2\/tags?post=903"}],"curies":[{"name":"wp","href":"https:\/\/api.w.org\/{rel}","templated":true}]}}