{"id":900,"date":"2017-07-14T15:56:16","date_gmt":"2017-07-14T13:56:16","guid":{"rendered":"http:\/\/www.objectif-espagne.com\/?p=777"},"modified":"2020-07-10T17:00:00","modified_gmt":"2020-07-10T15:00:00","slug":"traitement-fiscal-dun-bien-immobilier-catalogne","status":"publish","type":"post","link":"https:\/\/amedia-contables-espana.com\/fr\/blog\/traitement-fiscal-dun-bien-immobilier-catalogne\/","title":{"rendered":"Traitement fiscal d\u2019un bien immobilier en Catalogne"},"content":{"rendered":"<p>Le march\u00e9 immobilier catalan, durement affect\u00e9 par la crise de 2008, semble retrouver des couleurs, avec 7 555 transactions effectu\u00e9es en mai 2017, soit 30 % de plus qu&rsquo;il y a un an, chiffre par ailleurs le plus \u00e9lev\u00e9 depuis f\u00e9vrier 2011. Si les conditions d\u2019acquisition d\u2019un bien immobilier en Catalogne paraissent donc favorables, il convient d\u2019avoir en t\u00eate quelques informations au sujet du traitement fiscal de tels biens. Ainsi,  dans cet article, nous allons pr\u00e9senter et analyser les diff\u00e9rents imp\u00f4ts frappant un bien immobilier en Catalogne.<\/p>\n<h2>L\u2019imp\u00f4t sur la transmission patrimoniale<\/h2>\n<p>En premier lieu, au moment de l\u2019acquisition, l\u2019acheteur devra s\u2019acquitter de l\u2019Imp\u00f4t sur la transmission patrimoniale qui s\u2019applique aux cessions de biens \u00e0 titre on\u00e9reux. Cet imp\u00f4t s\u2019\u00e9l\u00e8ve \u00e0 10 % de la valeur r\u00e9elle du bien si celle ci n\u2019exc\u00e8de pas 1 000 000\u20ac. S\u2019il en est autrement, le pourcentage appliqu\u00e9 sera de 11%. Si le vendeur est un professionnel, l\u2019imp\u00f4t ne sera pas d\u2019application mais l\u2019acqu\u00e9reur devra en supporter un autre : la TVA.<\/p>\n<h2>L\u2019Imp\u00f4t sur les biens immeubles (IBI)<\/h2>\n<p><strong>La possession d\u2019un bien immobilier est un fait g\u00e9n\u00e9rateur de taxes<\/strong><br \/>\nDans ce cas, l\u2019acqu\u00e9reur devra s\u2019acquitter de l\u2019IBI, imp\u00f4t b\u00e9n\u00e9ficiant \u00e0 l\u2019autorit\u00e9 communale. Celui-ci sera calcul\u00e9 en appliquant un pourcentage \u00e0 la valeur du bien, qui peut aller de 0,4 \u00e0 1,10% pour les biens situ\u00e9s en milieu urbain, et de 0,3  \u00e0 1,10% pour ceux sis en milieu rustique. Les communes sont par ailleurs habilit\u00e9es \u00e0 pr\u00e9lever des centimes additionnels sur cet imp\u00f4t.<\/p>\n<h2>L\u2019Imp\u00f4t sur les revenus des personnes physiques (IRPF) ou l\u2019Imp\u00f4t des non-r\u00e9sidents (IRNR)<\/h2>\n<p>En principe, la propri\u00e9t\u00e9 d\u2019un bien immobilier et la taxation des revenus (m\u00eame fictifs) y d\u00e9coulant ressort de l\u2019IRPF, pour les r\u00e9sidents espagnols, et de l\u2019IRNR pour les non-r\u00e9sidents.<\/p>\n<p>De plus,  si l\u2019immeuble en question g\u00e9n\u00e8re des revenus, par exemple via des loyers,   ceux\u2013ci seront tax\u00e9s au titre de revenus fonciers et imposables au taux progressif \u00e0 l\u2019IRPF, ou, pour les non-r\u00e9sidents, \u00e0 l\u2019IRNR au taux de 19 % pour les ressortissants de l\u2019Union europ\u00e9enne, d\u2019Islande et de Norv\u00e8ge, et de 24% pour les autres.<\/p>\n<p>Si l\u2019immeuble n\u2019est pas g\u00e9n\u00e9rateur de revenu, l\u2019imp\u00f4t le frappera tout de m\u00eame, \u00e0 concurrence de 2 % de la valeur du revenu cadastral, et de 1,1%, si le revenu cadastral a \u00e9t\u00e9 r\u00e9vis\u00e9. Pour les propri\u00e9taires non-r\u00e9sidents, la taxation sera de 19% pour les habitants de l\u2019Union europ\u00e9enne, de Norv\u00e8ge et d\u2019Islande, et de 24 % pour les autres.<br \/>\nCette derni\u00e8re taxe n\u2019est cela dit pas d\u2019application au cas o\u00f9 le bien immeuble co\u00efncide avec l\u2019habitation principale du contribuable (ce qui, par d\u00e9finition, ne saurait \u00eatre le cas pour des contribuables non-r\u00e9sidents).<br \/>\n\u2003<\/p>\n<h2>L\u2019Imp\u00f4t sur le patrimoine (IP)<\/h2>\n<p>L\u2019Imp\u00f4t sur le patrimoine concerne tout le patrimoine poss\u00e9d\u00e9 par un contribuable, ce compris donc ses \u00e9ventuels biens immobiliers. Dans la mesure o\u00f9 le contribuable est soumis aussi \u00e0 l\u2019IRPF, autrement dit, s\u2019il est r\u00e9sident espagnol, l\u2019IP ne pourra \u00eatre sup\u00e9rieur \u00e0 60% du montant total d\u00fb \u00e0 l\u2019IRPF. Dans le cas d\u2019un non-r\u00e9sident, l\u2019imp\u00f4t aura un caract\u00e8re r\u00e9el, c\u2019est-\u00e0-dire que seront pris en compte pour son \u00e9tablissement, seulement les droits et biens situ\u00e9s en Espagne.<\/p>\n<p>Cependant, il existe une quotit\u00e9 exempt\u00e9e de l\u2019Imp\u00f4t sur le patrimoine de 500 000\u20ac en Catalogne. Autrement dit, si l\u2019on poss\u00e8de pour moins de 500 000\u20ac de bien(s) en Catalogne, l\u2019IP ne sera pas per\u00e7u. Dans le cas contraire, l\u2019imposition se fera par tranches, caract\u00e9ris\u00e9es par des taux allant de 0,210 \u00e0 2,750% du montant du bien.<\/p>\n<h2>L\u2019Imp\u00f4t sur les successions et donations<\/h2>\n<p>En outre, si le contribuable acquiert un bien immobilier en venant \u00e0 la succession ou par le biais d\u2019une donation, il devra s\u2019acquitter d\u2019un imp\u00f4t. Celui-ci sera \u00e9gale \u00e0 la valeur net du bien re\u00e7u multipli\u00e9e par un taux d\u2019imposition fonction de la valeur susmentionn\u00e9e allant de 7 \u00e0 32 %, et de nouveau multipli\u00e9e par un coefficient allant de 1 \u00e0 2, variant selon la nature du donataire.<\/p>\n<p>Nonobstant les diverses r\u00e9ductions et bonifications existantes, il existe, en ce qui concerne le droit sur les donations, des taux r\u00e9duits allant de 5 \u00e0 9 % si le r\u00e9cipiendaire du bien est dans un lien de parent\u00e9 \u00e9troit avec le donateur (enfant, conjoint, etc.)<\/p>\n<h2>L\u2019Imp\u00f4t sur la plus-value immobili\u00e8re<\/h2>\n<p>Enfin, en cas de revente du bien immobilier \u00e0 un prix sup\u00e9rieur au prix d\u2019acquisition, la plus-value r\u00e9sultante sera tax\u00e9e pour un r\u00e9sident espagnol au titre de revenu de l\u2019\u00e9pargne \u00e0 des taux allant de 19,21 ou 23 % selon le montant de la plus-value. Pour les non-r\u00e9sidents, la plus-value patrimoniale sera tax\u00e9e au taux unique de 19% pour les r\u00e9sidents de l&rsquo;Union europ\u00e9enne, de Norv\u00e8ge et d&rsquo;Islande, et de 24% pour les autres.<\/p>\n","protected":false},"excerpt":{"rendered":"Le march\u00e9 immobilier catalan, durement affect\u00e9 par la crise de 2008, semble retrouver des couleurs, avec 7 555 transactions effectu\u00e9es en mai 2017, soit 30 % de plus qu&rsquo;il y a un an, chiffre par ailleurs le plus \u00e9lev\u00e9 depuis f\u00e9vrier 2011. Si les conditions d\u2019acquisition d\u2019un bien immobilier en Catalogne paraissent donc favorables, il&#8230; <a class=\"view-article\" href=\"https:\/\/amedia-contables-espana.com\/fr\/blog\/traitement-fiscal-dun-bien-immobilier-catalogne\/\">Voir l&rsquo;article<\/a>","protected":false},"author":3,"featured_media":0,"comment_status":"closed","ping_status":"open","sticky":false,"template":"","format":"standard","meta":{"advgb_blocks_editor_width":"","advgb_blocks_columns_visual_guide":"","footnotes":""},"categories":[1],"tags":[],"class_list":["post-900","post","type-post","status-publish","format-standard","hentry","category-non-classifiee"],"yoast_head":"<!-- This site is optimized with the Yoast SEO plugin v28.2 - https:\/\/yoast.com\/product\/yoast-seo-wordpress\/ -->\n<title>Traitement fiscal d\u2019un bien immobilier en Catalogne - Amedia<\/title>\n<meta name=\"description\" content=\"Si les conditions d\u2019acquisition d\u2019un bien immobilier en Catalogne paraissent favorables, il convient d\u2019avoir en t\u00eate quelques informations au sujet du traitement fiscal de tels biens.\" \/>\n<meta name=\"robots\" content=\"index, follow, max-snippet:-1, max-image-preview:large, max-video-preview:-1\" \/>\n<link rel=\"canonical\" href=\"https:\/\/amedia-contables-espana.com\/fr\/blog\/traitement-fiscal-dun-bien-immobilier-catalogne\/\" \/>\n<meta property=\"og:locale\" content=\"fr_FR\" \/>\n<meta property=\"og:type\" content=\"article\" \/>\n<meta property=\"og:title\" content=\"Traitement fiscal d\u2019un bien immobilier en Catalogne - Amedia\" \/>\n<meta property=\"og:description\" content=\"Si les conditions d\u2019acquisition d\u2019un bien immobilier en Catalogne paraissent favorables, il convient d\u2019avoir en t\u00eate quelques informations au sujet du traitement fiscal de tels biens.\" \/>\n<meta property=\"og:url\" content=\"https:\/\/amedia-contables-espana.com\/fr\/blog\/traitement-fiscal-dun-bien-immobilier-catalogne\/\" \/>\n<meta property=\"og:site_name\" content=\"Amedia contables espana\" \/>\n<meta property=\"article:published_time\" content=\"2017-07-14T13:56:16+00:00\" \/>\n<meta property=\"article:modified_time\" content=\"2020-07-10T15:00:00+00:00\" \/>\n<meta name=\"author\" content=\"Vitali\" \/>\n<meta name=\"twitter:card\" content=\"summary_large_image\" \/>\n<meta name=\"twitter:label1\" content=\"\u00c9crit par\" \/>\n\t<meta name=\"twitter:data1\" content=\"Vitali\" \/>\n\t<meta name=\"twitter:label2\" content=\"Dur\u00e9e de lecture estim\u00e9e\" \/>\n\t<meta name=\"twitter:data2\" content=\"4 minutes\" \/>\n<script type=\"application\/ld+json\" class=\"yoast-schema-graph\">{\"@context\":\"https:\\\/\\\/schema.org\",\"@graph\":[{\"@type\":\"Article\",\"@id\":\"https:\\\/\\\/amedia-contables-espana.com\\\/fr\\\/blog\\\/traitement-fiscal-dun-bien-immobilier-catalogne\\\/#article\",\"isPartOf\":{\"@id\":\"https:\\\/\\\/amedia-contables-espana.com\\\/fr\\\/blog\\\/traitement-fiscal-dun-bien-immobilier-catalogne\\\/\"},\"author\":{\"name\":\"Vitali\",\"@id\":\"https:\\\/\\\/amedia-contables-espana.com\\\/fr\\\/#\\\/schema\\\/person\\\/38062a9e6a9730a7b03e3ac2615ae6f5\"},\"headline\":\"Traitement fiscal d\u2019un bien immobilier en Catalogne\",\"datePublished\":\"2017-07-14T13:56:16+00:00\",\"dateModified\":\"2020-07-10T15:00:00+00:00\",\"mainEntityOfPage\":{\"@id\":\"https:\\\/\\\/amedia-contables-espana.com\\\/fr\\\/blog\\\/traitement-fiscal-dun-bien-immobilier-catalogne\\\/\"},\"wordCount\":872,\"articleSection\":[\"Non classifi\u00e9(e)\"],\"inLanguage\":\"fr-FR\"},{\"@type\":\"WebPage\",\"@id\":\"https:\\\/\\\/amedia-contables-espana.com\\\/fr\\\/blog\\\/traitement-fiscal-dun-bien-immobilier-catalogne\\\/\",\"url\":\"https:\\\/\\\/amedia-contables-espana.com\\\/fr\\\/blog\\\/traitement-fiscal-dun-bien-immobilier-catalogne\\\/\",\"name\":\"Traitement fiscal d\u2019un bien immobilier en Catalogne - Amedia\",\"isPartOf\":{\"@id\":\"https:\\\/\\\/amedia-contables-espana.com\\\/fr\\\/#website\"},\"datePublished\":\"2017-07-14T13:56:16+00:00\",\"dateModified\":\"2020-07-10T15:00:00+00:00\",\"author\":{\"@id\":\"https:\\\/\\\/amedia-contables-espana.com\\\/fr\\\/#\\\/schema\\\/person\\\/38062a9e6a9730a7b03e3ac2615ae6f5\"},\"description\":\"Si les conditions d\u2019acquisition d\u2019un bien immobilier en Catalogne paraissent favorables, il convient d\u2019avoir en t\u00eate quelques informations au sujet du traitement fiscal de tels biens.\",\"breadcrumb\":{\"@id\":\"https:\\\/\\\/amedia-contables-espana.com\\\/fr\\\/blog\\\/traitement-fiscal-dun-bien-immobilier-catalogne\\\/#breadcrumb\"},\"inLanguage\":\"fr-FR\",\"potentialAction\":[{\"@type\":\"ReadAction\",\"target\":[\"https:\\\/\\\/amedia-contables-espana.com\\\/fr\\\/blog\\\/traitement-fiscal-dun-bien-immobilier-catalogne\\\/\"]}]},{\"@type\":\"BreadcrumbList\",\"@id\":\"https:\\\/\\\/amedia-contables-espana.com\\\/fr\\\/blog\\\/traitement-fiscal-dun-bien-immobilier-catalogne\\\/#breadcrumb\",\"itemListElement\":[{\"@type\":\"ListItem\",\"position\":1,\"name\":\"Accueil\",\"item\":\"https:\\\/\\\/amedia-contables-espana.com\\\/fr\\\/\"},{\"@type\":\"ListItem\",\"position\":2,\"name\":\"Traitement fiscal d\u2019un bien immobilier en Catalogne\"}]},{\"@type\":\"WebSite\",\"@id\":\"https:\\\/\\\/amedia-contables-espana.com\\\/fr\\\/#website\",\"url\":\"https:\\\/\\\/amedia-contables-espana.com\\\/fr\\\/\",\"name\":\"Amedia contables espana\",\"description\":\"\",\"potentialAction\":[{\"@type\":\"SearchAction\",\"target\":{\"@type\":\"EntryPoint\",\"urlTemplate\":\"https:\\\/\\\/amedia-contables-espana.com\\\/fr\\\/?s={search_term_string}\"},\"query-input\":{\"@type\":\"PropertyValueSpecification\",\"valueRequired\":true,\"valueName\":\"search_term_string\"}}],\"inLanguage\":\"fr-FR\"},{\"@type\":\"Person\",\"@id\":\"https:\\\/\\\/amedia-contables-espana.com\\\/fr\\\/#\\\/schema\\\/person\\\/38062a9e6a9730a7b03e3ac2615ae6f5\",\"name\":\"Vitali\",\"sameAs\":[\"http:\\\/\\\/amedia.com\"],\"url\":\"https:\\\/\\\/amedia-contables-espana.com\\\/fr\\\/blog\\\/author\\\/admin-masonu\\\/\"}]}<\/script>\n<!-- \/ Yoast SEO plugin. -->","yoast_head_json":{"title":"Traitement fiscal d\u2019un bien immobilier en Catalogne - Amedia","description":"Si les conditions d\u2019acquisition d\u2019un bien immobilier en Catalogne paraissent favorables, il convient d\u2019avoir en t\u00eate quelques informations au sujet du traitement fiscal de tels biens.","robots":{"index":"index","follow":"follow","max-snippet":"max-snippet:-1","max-image-preview":"max-image-preview:large","max-video-preview":"max-video-preview:-1"},"canonical":"https:\/\/amedia-contables-espana.com\/fr\/blog\/traitement-fiscal-dun-bien-immobilier-catalogne\/","og_locale":"fr_FR","og_type":"article","og_title":"Traitement fiscal d\u2019un bien immobilier en Catalogne - Amedia","og_description":"Si les conditions d\u2019acquisition d\u2019un bien immobilier en Catalogne paraissent favorables, il convient d\u2019avoir en t\u00eate quelques informations au sujet du traitement fiscal de tels biens.","og_url":"https:\/\/amedia-contables-espana.com\/fr\/blog\/traitement-fiscal-dun-bien-immobilier-catalogne\/","og_site_name":"Amedia contables espana","article_published_time":"2017-07-14T13:56:16+00:00","article_modified_time":"2020-07-10T15:00:00+00:00","author":"Vitali","twitter_card":"summary_large_image","twitter_misc":{"\u00c9crit par":"Vitali","Dur\u00e9e de lecture estim\u00e9e":"4 minutes"},"schema":{"@context":"https:\/\/schema.org","@graph":[{"@type":"Article","@id":"https:\/\/amedia-contables-espana.com\/fr\/blog\/traitement-fiscal-dun-bien-immobilier-catalogne\/#article","isPartOf":{"@id":"https:\/\/amedia-contables-espana.com\/fr\/blog\/traitement-fiscal-dun-bien-immobilier-catalogne\/"},"author":{"name":"Vitali","@id":"https:\/\/amedia-contables-espana.com\/fr\/#\/schema\/person\/38062a9e6a9730a7b03e3ac2615ae6f5"},"headline":"Traitement fiscal d\u2019un bien immobilier en Catalogne","datePublished":"2017-07-14T13:56:16+00:00","dateModified":"2020-07-10T15:00:00+00:00","mainEntityOfPage":{"@id":"https:\/\/amedia-contables-espana.com\/fr\/blog\/traitement-fiscal-dun-bien-immobilier-catalogne\/"},"wordCount":872,"articleSection":["Non classifi\u00e9(e)"],"inLanguage":"fr-FR"},{"@type":"WebPage","@id":"https:\/\/amedia-contables-espana.com\/fr\/blog\/traitement-fiscal-dun-bien-immobilier-catalogne\/","url":"https:\/\/amedia-contables-espana.com\/fr\/blog\/traitement-fiscal-dun-bien-immobilier-catalogne\/","name":"Traitement fiscal d\u2019un bien immobilier en Catalogne - Amedia","isPartOf":{"@id":"https:\/\/amedia-contables-espana.com\/fr\/#website"},"datePublished":"2017-07-14T13:56:16+00:00","dateModified":"2020-07-10T15:00:00+00:00","author":{"@id":"https:\/\/amedia-contables-espana.com\/fr\/#\/schema\/person\/38062a9e6a9730a7b03e3ac2615ae6f5"},"description":"Si les conditions d\u2019acquisition d\u2019un bien immobilier en Catalogne paraissent favorables, il convient d\u2019avoir en t\u00eate quelques informations au sujet du traitement fiscal de tels biens.","breadcrumb":{"@id":"https:\/\/amedia-contables-espana.com\/fr\/blog\/traitement-fiscal-dun-bien-immobilier-catalogne\/#breadcrumb"},"inLanguage":"fr-FR","potentialAction":[{"@type":"ReadAction","target":["https:\/\/amedia-contables-espana.com\/fr\/blog\/traitement-fiscal-dun-bien-immobilier-catalogne\/"]}]},{"@type":"BreadcrumbList","@id":"https:\/\/amedia-contables-espana.com\/fr\/blog\/traitement-fiscal-dun-bien-immobilier-catalogne\/#breadcrumb","itemListElement":[{"@type":"ListItem","position":1,"name":"Accueil","item":"https:\/\/amedia-contables-espana.com\/fr\/"},{"@type":"ListItem","position":2,"name":"Traitement fiscal d\u2019un bien immobilier en Catalogne"}]},{"@type":"WebSite","@id":"https:\/\/amedia-contables-espana.com\/fr\/#website","url":"https:\/\/amedia-contables-espana.com\/fr\/","name":"Amedia contables espana","description":"","potentialAction":[{"@type":"SearchAction","target":{"@type":"EntryPoint","urlTemplate":"https:\/\/amedia-contables-espana.com\/fr\/?s={search_term_string}"},"query-input":{"@type":"PropertyValueSpecification","valueRequired":true,"valueName":"search_term_string"}}],"inLanguage":"fr-FR"},{"@type":"Person","@id":"https:\/\/amedia-contables-espana.com\/fr\/#\/schema\/person\/38062a9e6a9730a7b03e3ac2615ae6f5","name":"Vitali","sameAs":["http:\/\/amedia.com"],"url":"https:\/\/amedia-contables-espana.com\/fr\/blog\/author\/admin-masonu\/"}]}},"author_meta":{"display_name":"Vitali","author_link":"https:\/\/amedia-contables-espana.com\/fr\/blog\/author\/admin-masonu\/"},"featured_img":null,"coauthors":[],"tax_additional":{"categories":{"linked":["<a href=\"https:\/\/amedia-contables-espana.com\/fr\/blog\/category\/non-classifiee\/\" class=\"advgb-post-tax-term\">Non classifi\u00e9(e)<\/a>"],"unlinked":["<span class=\"advgb-post-tax-term\">Non classifi\u00e9(e)<\/span>"]}},"comment_count":"0","relative_dates":{"created":"Publi\u00e9 9 ans il y a","modified":"Mis \u00e0 jour 6 ans il y a"},"absolute_dates":{"created":"Publi\u00e9 le 14 Juillet 2017","modified":"Mise \u00e0 jour le 10 Juillet 2020"},"absolute_dates_time":{"created":"Publi\u00e9 le 14 Juillet 2017 15 h 56 min","modified":"Mise \u00e0 jour le 10 Juillet 2020 17 h 00 min"},"featured_img_caption":"","series_order":"","_links":{"self":[{"href":"https:\/\/amedia-contables-espana.com\/fr\/wp-json\/wp\/v2\/posts\/900","targetHints":{"allow":["GET"]}}],"collection":[{"href":"https:\/\/amedia-contables-espana.com\/fr\/wp-json\/wp\/v2\/posts"}],"about":[{"href":"https:\/\/amedia-contables-espana.com\/fr\/wp-json\/wp\/v2\/types\/post"}],"author":[{"embeddable":true,"href":"https:\/\/amedia-contables-espana.com\/fr\/wp-json\/wp\/v2\/users\/3"}],"replies":[{"embeddable":true,"href":"https:\/\/amedia-contables-espana.com\/fr\/wp-json\/wp\/v2\/comments?post=900"}],"version-history":[{"count":2,"href":"https:\/\/amedia-contables-espana.com\/fr\/wp-json\/wp\/v2\/posts\/900\/revisions"}],"predecessor-version":[{"id":1016,"href":"https:\/\/amedia-contables-espana.com\/fr\/wp-json\/wp\/v2\/posts\/900\/revisions\/1016"}],"wp:attachment":[{"href":"https:\/\/amedia-contables-espana.com\/fr\/wp-json\/wp\/v2\/media?parent=900"}],"wp:term":[{"taxonomy":"category","embeddable":true,"href":"https:\/\/amedia-contables-espana.com\/fr\/wp-json\/wp\/v2\/categories?post=900"},{"taxonomy":"post_tag","embeddable":true,"href":"https:\/\/amedia-contables-espana.com\/fr\/wp-json\/wp\/v2\/tags?post=900"}],"curies":[{"name":"wp","href":"https:\/\/api.w.org\/{rel}","templated":true}]}}