{"id":899,"date":"2017-07-11T17:00:50","date_gmt":"2017-07-11T15:00:50","guid":{"rendered":"http:\/\/www.objectif-espagne.com\/?p=770"},"modified":"2020-07-14T10:31:10","modified_gmt":"2020-07-14T08:31:10","slug":"setablir-en-espagne","status":"publish","type":"post","link":"https:\/\/amedia-contables-espana.com\/fr\/blog\/setablir-en-espagne\/","title":{"rendered":"S\u2019\u00e9tablir en Espagne"},"content":{"rendered":"<p>Vous voulez vous \u00e9tablir en Espagne tout en maintenant une activit\u00e9 dans un autre pays europ\u00e9en ? Vous comptez embaucher et envoyer des travailleurs sous contrat espagnol travailler partout en Europe ? Quelles sont pour votre entreprise les cons\u00e9quences fiscales, l\u00e9gales et sociales de telles actions ?<\/p>\n<p>On le sait : la reprise \u00e9conomique en Espagne a bien lieu. En effet, en plus d\u2019afficher des taux de croissance bien sup\u00e9rieurs \u00e0 ceux d\u2019autres pays europ\u00e9ens au climat des affaires pourtant plus favorable, l\u2019Espagne tient, selon certains indicateurs, une r\u00e9putation internationale plus solide que d\u2019autres grands pays europ\u00e9ens comme l\u2019Italie ou l\u2019Allemagne. A n\u2019en pas douter donc, l\u2019Espagne est un pays o\u00f9 il fait bon investir.<\/p>\n<h2>Embaucher en Espagne<\/h2>\n<p>Si vous d\u00e9marrez une activit\u00e9 en Espagne, vous aurez probablement besoin d\u2019embaucher. En effet, si vous constituez une soci\u00e9t\u00e9 de droit espagnol, celle-ci sera consid\u00e9r\u00e9e comme telle \u00e0 condition qu\u2019elle ait son domicile social et son si\u00e8ge de direction dans le pays. Un local et des employ\u00e9s sous contrats sont donc des signes irr\u00e9fragables que vous exercez bien en Espagne, et que l\u2019entit\u00e9 cr\u00e9\u00e9e sera r\u00e9sidente espagnole et tax\u00e9e en cons\u00e9quence.<\/p>\n<p>Cela dit, si l\u2019embauche et la location de locaux peut s\u2019av\u00e9rer, \u00e0 premi\u00e8re vue, un frein au lancement d\u2019une activit\u00e9 \u00e9conomique, il ne faut pas perdre de vue que le prix de la location immobili\u00e8re est bien moindre en Espagne qu\u2019en France, par exemple, et que le salaire minimum mensuel y est de 1050\u20ac, pour des journ\u00e9es de travail de 40 heures. De m\u00eame, les charges sociales aff\u00e9rentes aux r\u00e9mun\u00e9rations ne sont pas si exorbitantes puisque la cotisation patronale sur les salaires est d&rsquo;environ 30%.<\/p>\n<p>Le Gouvernement espagnol a en outre institu\u00e9 plusieurs mesures favorables \u00e0 l&rsquo;entreprenariat comme des d\u00e9ductions fiscales pour la cr\u00e9ation d\u2019emploi, via le contrat \u00e0 dur\u00e9e ind\u00e9termin\u00e9e de soutien aux entrepreneurs, qui permet une p\u00e9riode contractuelle d\u2019essai de 1 ans et une r\u00e9duction fiscale de 3000\u20ac pour l\u2019embauche d\u2019un employ\u00e9 de moins de 30 ans.<\/p>\n<p>N\u2019omettons pas de souligner, non plus, les nombreux incitants fiscaux et souplesses administratives qui existent et s\u2019appliquent aux soci\u00e9t\u00e9s dont le chiffre d\u2019affaire annuel n\u2019exc\u00e8de pas 2.000.000\u20ac.<\/p>\n<h2>Mobilit\u00e9 intra-europ\u00e9enne des employ\u00e9s<\/h2>\n<p>Si vous \u00eates \u00e9tabli dans plusieurs \u00e9tats europ\u00e9ens, il peut parfois \u00eatre int\u00e9ressant de mobiliser des ressources humaines plus aptes ou comp\u00e9tentes pour certains types de mission d\u2019un \u00e9tat vers un autre \u00e9tat. Ce faisant, il vous faudra vous conformer au r\u00e8glement europ\u00e9en relatif aux travailleurs d\u00e9tach\u00e9s, dont une des dispositions pr\u00e9voit notamment qu\u2019il faille respecter les conditions sociales l\u00e9gales, r\u00e9glementaires ou conventionnelles du pays o\u00f9 est effectu\u00e9e la prestation. Cela signifie concr\u00e8tement que, entre autres, le salaire minimal, les conditions de s\u00e9curit\u00e9, mais aussi la dur\u00e9e minimale des cong\u00e9s pay\u00e9s seront ceux du pays o\u00f9 s\u2019effectue le travail. En revanche, les cotisations sociales devront \u00eatre pay\u00e9es dans le pays o\u00f9 le travailleur est habituellement employ\u00e9.<\/p>\n<h2>Statut social de l\u2019entrepreneur<\/h2>\n<p>En ce qui concerne les cotisations sociales relatives \u00e0 l\u2019activit\u00e9 en Espagne, elles seront dues par le travailleur ind\u00e9pendant et\/ou chef d\u2019entreprise dans le pays m\u00eame. L\u00e0 aussi, la loi pr\u00e9voit un r\u00e9gime favorable puisque, pendant la premi\u00e8re ann\u00e9e de cotisations, le montant forfaitaire contributif s\u2019\u00e9l\u00e8ve \u00e0 50\u20ac par mois. Par ailleurs, les contreprestations de s\u00e9curit\u00e9 sociale sont garanties. En effet, n\u2019importe quel travailleur communautaire en Espagne a droit aux prestations assur\u00e9es par la S\u00e9curit\u00e9 sociale espagnole, pourvu qu\u2019il y soit inscrit, ce qui est d\u2019ailleurs une obligation professionnelle.<\/p>\n","protected":false},"excerpt":{"rendered":"Vous voulez vous \u00e9tablir en Espagne tout en maintenant une activit\u00e9 dans un autre pays europ\u00e9en ? Vous comptez embaucher et envoyer des travailleurs sous contrat espagnol travailler partout en Europe ? Quelles sont pour votre entreprise les cons\u00e9quences fiscales, l\u00e9gales et sociales de telles actions ? On le sait : la reprise \u00e9conomique en&#8230; <a class=\"view-article\" href=\"https:\/\/amedia-contables-espana.com\/fr\/blog\/setablir-en-espagne\/\">Voir l&rsquo;article<\/a>","protected":false},"author":3,"featured_media":0,"comment_status":"closed","ping_status":"open","sticky":false,"template":"","format":"standard","meta":{"advgb_blocks_editor_width":"","advgb_blocks_columns_visual_guide":"","footnotes":""},"categories":[1],"tags":[],"class_list":["post-899","post","type-post","status-publish","format-standard","hentry","category-non-classifiee"],"yoast_head":"<!-- This site is optimized with the Yoast SEO plugin v28.2 - https:\/\/yoast.com\/product\/yoast-seo-wordpress\/ -->\n<title>S\u2019\u00e9tablir en Espagne - Amedia<\/title>\n<meta name=\"description\" content=\"Vous voulez vous \u00e9tablir en Espagne tout en maintenant une activit\u00e9 dans un autre pays europ\u00e9en ? Suivez nos conseils.\" \/>\n<meta name=\"robots\" content=\"index, follow, max-snippet:-1, max-image-preview:large, max-video-preview:-1\" \/>\n<link rel=\"canonical\" href=\"https:\/\/amedia-contables-espana.com\/fr\/blog\/setablir-en-espagne\/\" \/>\n<meta property=\"og:locale\" content=\"fr_FR\" \/>\n<meta property=\"og:type\" content=\"article\" \/>\n<meta property=\"og:title\" content=\"S\u2019\u00e9tablir en Espagne - Amedia\" \/>\n<meta property=\"og:description\" content=\"Vous voulez vous \u00e9tablir en Espagne tout en maintenant une activit\u00e9 dans un autre pays europ\u00e9en ? Suivez nos conseils.\" \/>\n<meta property=\"og:url\" content=\"https:\/\/amedia-contables-espana.com\/fr\/blog\/setablir-en-espagne\/\" \/>\n<meta property=\"og:site_name\" content=\"Amedia contables espana\" \/>\n<meta property=\"article:published_time\" content=\"2017-07-11T15:00:50+00:00\" \/>\n<meta property=\"article:modified_time\" content=\"2020-07-14T08:31:10+00:00\" \/>\n<meta name=\"author\" content=\"Vitali\" \/>\n<meta name=\"twitter:card\" content=\"summary_large_image\" \/>\n<meta name=\"twitter:label1\" content=\"\u00c9crit par\" \/>\n\t<meta name=\"twitter:data1\" content=\"Vitali\" \/>\n\t<meta name=\"twitter:label2\" content=\"Dur\u00e9e de lecture estim\u00e9e\" \/>\n\t<meta name=\"twitter:data2\" content=\"3 minutes\" \/>\n<script type=\"application\/ld+json\" class=\"yoast-schema-graph\">{\"@context\":\"https:\\\/\\\/schema.org\",\"@graph\":[{\"@type\":\"Article\",\"@id\":\"https:\\\/\\\/amedia-contables-espana.com\\\/fr\\\/blog\\\/setablir-en-espagne\\\/#article\",\"isPartOf\":{\"@id\":\"https:\\\/\\\/amedia-contables-espana.com\\\/fr\\\/blog\\\/setablir-en-espagne\\\/\"},\"author\":{\"name\":\"Vitali\",\"@id\":\"https:\\\/\\\/amedia-contables-espana.com\\\/fr\\\/#\\\/schema\\\/person\\\/38062a9e6a9730a7b03e3ac2615ae6f5\"},\"headline\":\"S\u2019\u00e9tablir en Espagne\",\"datePublished\":\"2017-07-11T15:00:50+00:00\",\"dateModified\":\"2020-07-14T08:31:10+00:00\",\"mainEntityOfPage\":{\"@id\":\"https:\\\/\\\/amedia-contables-espana.com\\\/fr\\\/blog\\\/setablir-en-espagne\\\/\"},\"wordCount\":654,\"articleSection\":[\"Non classifi\u00e9(e)\"],\"inLanguage\":\"fr-FR\"},{\"@type\":\"WebPage\",\"@id\":\"https:\\\/\\\/amedia-contables-espana.com\\\/fr\\\/blog\\\/setablir-en-espagne\\\/\",\"url\":\"https:\\\/\\\/amedia-contables-espana.com\\\/fr\\\/blog\\\/setablir-en-espagne\\\/\",\"name\":\"S\u2019\u00e9tablir en Espagne - Amedia\",\"isPartOf\":{\"@id\":\"https:\\\/\\\/amedia-contables-espana.com\\\/fr\\\/#website\"},\"datePublished\":\"2017-07-11T15:00:50+00:00\",\"dateModified\":\"2020-07-14T08:31:10+00:00\",\"author\":{\"@id\":\"https:\\\/\\\/amedia-contables-espana.com\\\/fr\\\/#\\\/schema\\\/person\\\/38062a9e6a9730a7b03e3ac2615ae6f5\"},\"description\":\"Vous voulez vous \u00e9tablir en Espagne tout en maintenant une activit\u00e9 dans un autre pays europ\u00e9en ? Suivez nos conseils.\",\"breadcrumb\":{\"@id\":\"https:\\\/\\\/amedia-contables-espana.com\\\/fr\\\/blog\\\/setablir-en-espagne\\\/#breadcrumb\"},\"inLanguage\":\"fr-FR\",\"potentialAction\":[{\"@type\":\"ReadAction\",\"target\":[\"https:\\\/\\\/amedia-contables-espana.com\\\/fr\\\/blog\\\/setablir-en-espagne\\\/\"]}]},{\"@type\":\"BreadcrumbList\",\"@id\":\"https:\\\/\\\/amedia-contables-espana.com\\\/fr\\\/blog\\\/setablir-en-espagne\\\/#breadcrumb\",\"itemListElement\":[{\"@type\":\"ListItem\",\"position\":1,\"name\":\"Accueil\",\"item\":\"https:\\\/\\\/amedia-contables-espana.com\\\/fr\\\/\"},{\"@type\":\"ListItem\",\"position\":2,\"name\":\"S\u2019\u00e9tablir en Espagne\"}]},{\"@type\":\"WebSite\",\"@id\":\"https:\\\/\\\/amedia-contables-espana.com\\\/fr\\\/#website\",\"url\":\"https:\\\/\\\/amedia-contables-espana.com\\\/fr\\\/\",\"name\":\"Amedia contables espana\",\"description\":\"\",\"potentialAction\":[{\"@type\":\"SearchAction\",\"target\":{\"@type\":\"EntryPoint\",\"urlTemplate\":\"https:\\\/\\\/amedia-contables-espana.com\\\/fr\\\/?s={search_term_string}\"},\"query-input\":{\"@type\":\"PropertyValueSpecification\",\"valueRequired\":true,\"valueName\":\"search_term_string\"}}],\"inLanguage\":\"fr-FR\"},{\"@type\":\"Person\",\"@id\":\"https:\\\/\\\/amedia-contables-espana.com\\\/fr\\\/#\\\/schema\\\/person\\\/38062a9e6a9730a7b03e3ac2615ae6f5\",\"name\":\"Vitali\",\"sameAs\":[\"http:\\\/\\\/amedia.com\"],\"url\":\"https:\\\/\\\/amedia-contables-espana.com\\\/fr\\\/blog\\\/author\\\/admin-masonu\\\/\"}]}<\/script>\n<!-- \/ Yoast SEO plugin. -->","yoast_head_json":{"title":"S\u2019\u00e9tablir en Espagne - Amedia","description":"Vous voulez vous \u00e9tablir en Espagne tout en maintenant une activit\u00e9 dans un autre pays europ\u00e9en ? Suivez nos conseils.","robots":{"index":"index","follow":"follow","max-snippet":"max-snippet:-1","max-image-preview":"max-image-preview:large","max-video-preview":"max-video-preview:-1"},"canonical":"https:\/\/amedia-contables-espana.com\/fr\/blog\/setablir-en-espagne\/","og_locale":"fr_FR","og_type":"article","og_title":"S\u2019\u00e9tablir en Espagne - Amedia","og_description":"Vous voulez vous \u00e9tablir en Espagne tout en maintenant une activit\u00e9 dans un autre pays europ\u00e9en ? Suivez nos conseils.","og_url":"https:\/\/amedia-contables-espana.com\/fr\/blog\/setablir-en-espagne\/","og_site_name":"Amedia contables espana","article_published_time":"2017-07-11T15:00:50+00:00","article_modified_time":"2020-07-14T08:31:10+00:00","author":"Vitali","twitter_card":"summary_large_image","twitter_misc":{"\u00c9crit par":"Vitali","Dur\u00e9e de lecture estim\u00e9e":"3 minutes"},"schema":{"@context":"https:\/\/schema.org","@graph":[{"@type":"Article","@id":"https:\/\/amedia-contables-espana.com\/fr\/blog\/setablir-en-espagne\/#article","isPartOf":{"@id":"https:\/\/amedia-contables-espana.com\/fr\/blog\/setablir-en-espagne\/"},"author":{"name":"Vitali","@id":"https:\/\/amedia-contables-espana.com\/fr\/#\/schema\/person\/38062a9e6a9730a7b03e3ac2615ae6f5"},"headline":"S\u2019\u00e9tablir en Espagne","datePublished":"2017-07-11T15:00:50+00:00","dateModified":"2020-07-14T08:31:10+00:00","mainEntityOfPage":{"@id":"https:\/\/amedia-contables-espana.com\/fr\/blog\/setablir-en-espagne\/"},"wordCount":654,"articleSection":["Non classifi\u00e9(e)"],"inLanguage":"fr-FR"},{"@type":"WebPage","@id":"https:\/\/amedia-contables-espana.com\/fr\/blog\/setablir-en-espagne\/","url":"https:\/\/amedia-contables-espana.com\/fr\/blog\/setablir-en-espagne\/","name":"S\u2019\u00e9tablir en Espagne - Amedia","isPartOf":{"@id":"https:\/\/amedia-contables-espana.com\/fr\/#website"},"datePublished":"2017-07-11T15:00:50+00:00","dateModified":"2020-07-14T08:31:10+00:00","author":{"@id":"https:\/\/amedia-contables-espana.com\/fr\/#\/schema\/person\/38062a9e6a9730a7b03e3ac2615ae6f5"},"description":"Vous voulez vous \u00e9tablir en Espagne tout en maintenant une activit\u00e9 dans un autre pays europ\u00e9en ? Suivez nos conseils.","breadcrumb":{"@id":"https:\/\/amedia-contables-espana.com\/fr\/blog\/setablir-en-espagne\/#breadcrumb"},"inLanguage":"fr-FR","potentialAction":[{"@type":"ReadAction","target":["https:\/\/amedia-contables-espana.com\/fr\/blog\/setablir-en-espagne\/"]}]},{"@type":"BreadcrumbList","@id":"https:\/\/amedia-contables-espana.com\/fr\/blog\/setablir-en-espagne\/#breadcrumb","itemListElement":[{"@type":"ListItem","position":1,"name":"Accueil","item":"https:\/\/amedia-contables-espana.com\/fr\/"},{"@type":"ListItem","position":2,"name":"S\u2019\u00e9tablir en Espagne"}]},{"@type":"WebSite","@id":"https:\/\/amedia-contables-espana.com\/fr\/#website","url":"https:\/\/amedia-contables-espana.com\/fr\/","name":"Amedia contables espana","description":"","potentialAction":[{"@type":"SearchAction","target":{"@type":"EntryPoint","urlTemplate":"https:\/\/amedia-contables-espana.com\/fr\/?s={search_term_string}"},"query-input":{"@type":"PropertyValueSpecification","valueRequired":true,"valueName":"search_term_string"}}],"inLanguage":"fr-FR"},{"@type":"Person","@id":"https:\/\/amedia-contables-espana.com\/fr\/#\/schema\/person\/38062a9e6a9730a7b03e3ac2615ae6f5","name":"Vitali","sameAs":["http:\/\/amedia.com"],"url":"https:\/\/amedia-contables-espana.com\/fr\/blog\/author\/admin-masonu\/"}]}},"author_meta":{"display_name":"Vitali","author_link":"https:\/\/amedia-contables-espana.com\/fr\/blog\/author\/admin-masonu\/"},"featured_img":null,"coauthors":[],"tax_additional":{"categories":{"linked":["<a href=\"https:\/\/amedia-contables-espana.com\/fr\/blog\/category\/non-classifiee\/\" class=\"advgb-post-tax-term\">Non classifi\u00e9(e)<\/a>"],"unlinked":["<span class=\"advgb-post-tax-term\">Non classifi\u00e9(e)<\/span>"]}},"comment_count":"0","relative_dates":{"created":"Publi\u00e9 9 ans il y a","modified":"Mis \u00e0 jour 6 ans il y a"},"absolute_dates":{"created":"Publi\u00e9 le 11 Juillet 2017","modified":"Mise \u00e0 jour le 14 Juillet 2020"},"absolute_dates_time":{"created":"Publi\u00e9 le 11 Juillet 2017 17 h 00 min","modified":"Mise \u00e0 jour le 14 Juillet 2020 10 h 31 min"},"featured_img_caption":"","series_order":"","_links":{"self":[{"href":"https:\/\/amedia-contables-espana.com\/fr\/wp-json\/wp\/v2\/posts\/899","targetHints":{"allow":["GET"]}}],"collection":[{"href":"https:\/\/amedia-contables-espana.com\/fr\/wp-json\/wp\/v2\/posts"}],"about":[{"href":"https:\/\/amedia-contables-espana.com\/fr\/wp-json\/wp\/v2\/types\/post"}],"author":[{"embeddable":true,"href":"https:\/\/amedia-contables-espana.com\/fr\/wp-json\/wp\/v2\/users\/3"}],"replies":[{"embeddable":true,"href":"https:\/\/amedia-contables-espana.com\/fr\/wp-json\/wp\/v2\/comments?post=899"}],"version-history":[{"count":2,"href":"https:\/\/amedia-contables-espana.com\/fr\/wp-json\/wp\/v2\/posts\/899\/revisions"}],"predecessor-version":[{"id":1035,"href":"https:\/\/amedia-contables-espana.com\/fr\/wp-json\/wp\/v2\/posts\/899\/revisions\/1035"}],"wp:attachment":[{"href":"https:\/\/amedia-contables-espana.com\/fr\/wp-json\/wp\/v2\/media?parent=899"}],"wp:term":[{"taxonomy":"category","embeddable":true,"href":"https:\/\/amedia-contables-espana.com\/fr\/wp-json\/wp\/v2\/categories?post=899"},{"taxonomy":"post_tag","embeddable":true,"href":"https:\/\/amedia-contables-espana.com\/fr\/wp-json\/wp\/v2\/tags?post=899"}],"curies":[{"name":"wp","href":"https:\/\/api.w.org\/{rel}","templated":true}]}}