{"id":883,"date":"2016-10-20T11:01:42","date_gmt":"2016-10-20T09:01:42","guid":{"rendered":"http:\/\/www.objectif-espagne.com\/?p=135"},"modified":"2020-07-15T11:27:02","modified_gmt":"2020-07-15T09:27:02","slug":"les-avantages-de-la-fiscalite-espagnole","status":"publish","type":"post","link":"https:\/\/amedia-contables-espana.com\/fr\/blog\/les-avantages-de-la-fiscalite-espagnole\/","title":{"rendered":"Les avantages de la fiscalit\u00e9 espagnole"},"content":{"rendered":"<p>Bien qu\u2019elle ne soit pas une des plus basses d&rsquo;Europe, la fiscalit\u00e9 en Espagne autorise cependant quelques astuces fiscales qui adoucissent l&rsquo;imposition des soci\u00e9t\u00e9s. Le statut fiscal du travailleur ind\u00e9pendant combine fiscalit\u00e9 progressive et d\u00e9marches limit\u00e9es.<\/p>\n<p>Enfin, la Holding de participations \u00e9trang\u00e8res ou l&rsquo;ETVE, permettent une exon\u00e9ration totale des dividendes remont\u00e9s depuis l&rsquo;\u00e9tranger. Tous ces \u00e9l\u00e9ments encouragent la cr\u00e9ation d&rsquo;entreprise et le dynamisme entrepreneurial.<\/p>\n<h2>Les avantages de la fiscalit\u00e9 espagnole en r\u00e9sum\u00e9<\/h2>\n<ul>\n<li style=\"list-style-type: none;\">\n<ul>\n<li>Pas de taxe professionnelle<\/li>\n<li>Pas de taxe d\u2019apprentissage<\/li>\n<li>Pas d\u2019Imposition Forfaitaire Annuelle (IFA)<\/li>\n<li>Pas de taxe d\u2019essieu sur les camions (soci\u00e9t\u00e9s de transport)<\/li>\n<li>Imp\u00f4t sur les soci\u00e9t\u00e9s 25 % n\u2019exc\u00e9dant pas 8 millions d\u2019Euros<\/li>\n<li>Actions pouvant \u00eatre nominatives ou au porteur (SA)<\/li>\n<li>Possibilit\u00e9 d\u2019un seul actionnaire (SL et SA)<\/li>\n<li>L\u2019actionnaire peut \u00eatre physique ou moral (SL et SA)<\/li>\n<li>Charges Sociales \u00e0 29,30\u00a0% taux employeur et forfait d\u00e8s 50\u20ac mensuels pour les g\u00e9rants associ\u00e9s et ind\u00e9pendants.<\/li>\n<li>Remboursement de la TVA mensuel ou trimestriel (21 %)<\/li>\n<\/ul>\n<\/li>\n<\/ul>\n<p>&nbsp;<\/p>\n<h2>La fiscalit\u00e9 des entreprises<\/h2>\n<p><strong>La fiscalit\u00e9 des entreprises en Espagne: imp\u00f4t sur les soci\u00e9t\u00e9s, TVA, charges sociales, d\u00e9ductions fiscales.\u00a0<\/strong><strong>L&rsquo;absence de bien des taxes et imp\u00f4ts:\u00a0<\/strong>Pragmatique, l&rsquo;Espagne n&rsquo;a pas d\u00e9velopp\u00e9 d&rsquo;arsenal fiscal comme en France. Vous pouvez dire adieu \u00e0 la taxe professionnelle et \u00e0 l&rsquo;imposition forfaitaire annuelle (IFA). Vous n&rsquo;y trouverez pas non plus de taxe d&rsquo;apprentissage, ni de taxes comme celle sur l&rsquo;essieu des camions de transport ou celle qui s&rsquo;applique sur les bureaux de l&rsquo;\u00eele de France.<\/p>\n<ul>\n<li><strong>Taux g\u00e9n\u00e9ral:<\/strong> Depuis l&rsquo;exercice 2016, le taux g\u00e9n\u00e9ral d&rsquo;imp\u00f4t sur les soci\u00e9t\u00e9s (IS) s&rsquo;\u00e9l\u00e8ve \u00e0 25%.<\/li>\n<li><strong>Pour les soci\u00e9t\u00e9s nouvelles<\/strong> (les entreprises patrimoniales): L&rsquo;imposition est r\u00e9duite \u00e0 15% la premi\u00e8re p\u00e9riode b\u00e9n\u00e9ficiaire ainsi\u00a0que la suivante.<\/li>\n<li><strong>Pour les PME:\u00a0<\/strong>C\u2019est-\u00e0-dire, les soci\u00e9t\u00e9s ayant un chiffre d\u2019affaires inf\u00e9rieur \u00e0 10 millions d\u2019euros.Depuis l\u2019exercice 2016, le taux d\u2019imposition s\u2019\u00e9l\u00e8ve \u00e9galement \u00e0 25%. Cependant, des mesures incitatives ont \u00e9t\u00e9 mises en place pour les PME ayant une activit\u00e9 \u00e9conomique. Ainsi, les PME peuvent r\u00e9duire leur base imposable de 10% dans la limite fix\u00e9e \u00e0 1 million d\u2019euros. Il est \u00e9galement possible, sous conditions, d\u2019amortir librement les nouvelles immobilisations corporelles et les investissements immobiliers affect\u00e9s \u00e0 l\u2019activit\u00e9 \u00e9conomique.<\/li>\n<\/ul>\n<h3><span style=\"line-height: 1.5;\">L&rsquo;IAE (Imp\u00f4t sur les Activit\u00e9s Economiques)<\/span><\/h3>\n<p>Les jeunes entreprises sont exempt\u00e9es de l&rsquo;IAE pendant les deux premi\u00e8res ann\u00e9es d&rsquo;activit\u00e9. Pass\u00e9 ce d\u00e9lai, elles seront imposables que si elles d\u00e9passent le million d&rsquo;euros de chiffre d&rsquo;affaires. Le calcul de cet imp\u00f4t est effectu\u00e9 en fonction du niveau de CA, du type de local occup\u00e9 et de sa surface.<\/p>\n<h3>Des charges sociales basses<\/h3>\n<ul>\n<li><strong>Employ\u00e9s<\/strong><br \/>\n23,6% employeur + 6,35% employ\u00e9<\/li>\n<\/ul>\n<table class=\"chartTable\"><!-- Table header --><\/p>\n<thead>\n<tr class=\"chartTblHeader\">\n<th scope=\"col\"><\/th>\n<th scope=\"col\">Taux<br \/>\nemployeur<\/th>\n<th scope=\"col\">Taux<br \/>\nsalari\u00e9<\/th>\n<th scope=\"col\">Total<\/th>\n<\/tr>\n<\/thead>\n<tbody>\n<tr class=\"odd\">\n<td>S\u00e9curit\u00e9 sociale<\/td>\n<td>23,60%<\/td>\n<td>4,70%<\/td>\n<td>28,30%<\/td>\n<\/tr>\n<tr>\n<td>Ch\u00f4mage<\/td>\n<td>5,50%<\/td>\n<td>1,55%<\/td>\n<td>7,05%<\/td>\n<\/tr>\n<tr class=\"odd\">\n<td>Fonds de garantie salariale*<\/td>\n<td>0,20%<\/td>\n<td>&#8211;<\/td>\n<td>0,20%<\/td>\n<\/tr>\n<tr>\n<td>Formation professionnelle<\/td>\n<td>0,60%<\/td>\n<td>0,10%<\/td>\n<td>0,70%<\/td>\n<\/tr>\n<\/tbody>\n<p><!-- Table footer --><\/p>\n<tfoot>\n<tr class=\"chartTblFooter\">\n<td>Total<\/td>\n<td>29,90%<\/td>\n<td>6,35%<\/td>\n<td>36,35%<\/td>\n<\/tr>\n<\/tfoot>\n<p><!-- Table body --><\/table>\n<ul>\n<li><strong>G\u00e9rants<\/strong><\/li>\n<li>D\u00e9tenant moins de 25% du capital social de la soci\u00e9t\u00e9, sont assimil\u00e9s au r\u00e9gime g\u00e9n\u00e9ral, sans fond de garantie salariale ni ch\u00f4mage.<\/li>\n<li>D\u00e9tenant plus de 25% du capital social de la soci\u00e9t\u00e9, sont assimil\u00e9s aux \u00ab\u00a0aut\u00f3nomos\u00a0\u00bb<\/li>\n<\/ul>\n<h3>La TVA espagnole<\/h3>\n<p>Le taux normal de l&rsquo;IVA (Impuesto sobre el Valor A\u00f1adido) s&rsquo;\u00e9l\u00e8ve \u00e0 21%. A celui-ci s&rsquo;ajoutent deux autres taux: le r\u00e9duit \u00e0 10% et le particulier \u00e0 4%.<\/p>\n<h3>D\u00e9ductions fiscales<\/h3>\n<p>Un certain nombre de d\u00e9penses donne droit \u00e0 des <strong>cr\u00e9dits d&rsquo;imp\u00f4t et d\u00e9ductions fiscales<\/strong>. Cela concerne les patent box, l&rsquo;investissement pour la\u00a0Recherche et D\u00e9veloppement et les innovations technologiques, les investissements dans les productions cin\u00e9matographiques, s\u00e9ries audiovisuelles et certains spectacles, la cr\u00e9ation d&#8217;emplois et la cr\u00e9ation d&#8217;emplois pour handicap\u00e9s.<\/p>\n<h3>Amortissements<\/h3>\n<p>Les PME, (entreprises dont le revenu net au cours de l&rsquo;exercice pr\u00e9c\u00e9dent est inf\u00e9rieur \u00e0 10\u00a0millions d&rsquo;euros), pourront b\u00e9n\u00e9ficier des avantages suivants:<\/p>\n<ul>\n<li>Libert\u00e9 d&rsquo;amortissement des immobilisations corporelles neuves jusqu&rsquo;\u00e0 une certaine limite si cr\u00e9ation d&rsquo;un certain nombre d&#8217;emplois.<\/li>\n<li>Libert\u00e9 d&rsquo;amortissement des immobilisations corporelles neuves de faible valeur (dont la valeur unitaire ne d\u00e9passe pas 601\u20ac et jusqu&rsquo;\u00e0 un montant total de 12.020\u20ac).<\/li>\n<li>Droit d&rsquo;incr\u00e9menter, avec un coefficient maximum de 2 ou 1,5 les tranches d\u2019amortissements autoris\u00e9s par les bar\u00e8mes fiscaux d&rsquo;amortissement. Quand les entreprises r\u00e9investissent les revenus provenant de la vente d&rsquo;immobilisations visibles dans d&rsquo;autres immobilisations similaires qui les remplacent, le coefficient multiplicateur sp\u00e9cial d&rsquo;amortissement passe \u00e0 3.<\/li>\n<\/ul>\n<h2>Le r\u00e9gime fiscal du travailleur ind\u00e9pendant\u00a0<strong>ou aut\u00f3nomo.<\/strong><\/h2>\n<h3>Cotisations S\u00e9curit\u00e9 sociale<\/h3>\n<p>Elles sont obligatoires et se r\u00e8glent tous les mois.<\/p>\n<ul>\n<li>La base de cotisation mensuelle pour les travailleurs \u00e2g\u00e9s de <strong>moins de 47 ans<\/strong> est comprise entre 893,10\u20ac et 3.642\u20ac. Deux types de cotisations sont possibles, en fonction de si l&rsquo;on souhaite la couverture pour maladie ou pour incapacit\u00e9 \u00e0 travailler temporaire:\n<ul>\n<li>26,5% sans celle-ci ce qui donne une cotisation de 237\u20ac.<\/li>\n<li>29,8% avec celle-ci soit 266\u20ac de cotisation.<\/li>\n<\/ul>\n<\/li>\n<li>Les <strong>personnes \u00e2g\u00e9es de plus de 48 ans, <\/strong>devront opter pour une base de cotisation mensuelle comprise entre 963 \u20ac et 1.964,70 \u20ac<strong>.\u00a0<\/strong><\/li>\n<li>Les <strong>travailleurs \u00e2g\u00e9s de plus de 50 ans ayant cotis\u00e9 pendant au moins 5 ans, <\/strong>devront cotiser sur une base mensuelle comprise entre 893,10 \u20ac et 1.945,80 \u20ac, except\u00e9 dans le ou o\u00f9 cas ant\u00e9rieurement la cotisation aurait \u00e9t\u00e9 calcul\u00e9e sur une base sup\u00e9rieure.<\/li>\n<li>Les\u00a0personnes qui n\u2019avaient jamais eu le statut d\u2019\u00a0\u00ab\u00a0aut\u00f3nomo\u00a0\u00bb ou qui ne l\u2019avaient pas \u00e9t\u00e9 dans les 5 ann\u00e9es pr\u00e9c\u00e9dentes, b\u00e9n\u00e9ficient de cotisations super-r\u00e9duites (d\u00e8s 50\u20ac).<\/li>\n<\/ul>\n<p><em>Pour plus d\u2019informations, consultez la page officielle espagnole de la S\u00e9curit\u00e9 Sociale\u00a0 (en espagnol uniquement).<\/em><\/p>\n<h3>Obligations fiscales<\/h3>\n<p>La d\u00e9claration \u00ab\u00a0censal\u00a0\u00bb : toute personne physique ou morale d\u00e9veloppant une activit\u00e9 commerciale sur le sol espagnol doit communiquer au centre des imp\u00f4ts, selon les cas, une d\u00e9claration d&rsquo;inscription, de modification ou d&rsquo;arr\u00eat de ses activit\u00e9s. Dans cette d\u00e9claration, on optera pour un r\u00e9gime particulier de TVA et on choisira son code d&rsquo;activit\u00e9 (= code APE en France).<\/p>\n<ul>\n<li>D\u00e9claration TVA : elle est, g\u00e9n\u00e9ralement, trimestrielle et permet la liquidation de la TVA\u00a0d\u00e9ductible et collect\u00e9e.<\/li>\n<li>D\u00e9claration annuelle de l&rsquo;IRPP (IRPF en Espagne): 3 r\u00e9gimes existent.<\/li>\n<\/ul>\n<ul>\n<li>R\u00e9gime d&rsquo;estimation directe (2 modalit\u00e9s diff\u00e9rentes)\n<ul>\n<li>r\u00e9gime d\u2019estimation directe normale<\/li>\n<li>r\u00e9gime d&rsquo;estimation directe simplifi\u00e9e<\/li>\n<\/ul>\n<\/li>\n<li>R\u00e9gime d&rsquo;estimation objective<\/li>\n<li>R\u00e9gime d\u2019estimation indirecte<\/li>\n<\/ul>\n<p>Syst\u00e8me uniquement employ\u00e9 par l\u2019Administration Fiscale lors de v\u00e9rifications.<\/p>\n<h3>Frais d\u00e9ductibles<\/h3>\n<p>Un certain nombre de frais peuvent \u00eatre d\u00e9duits. Par exemple, en travaillant depuis chez soi, une partie des frais inh\u00e9rents au t\u00e9l\u00e9phone fixe, \u00e9lectricit\u00e9, gaz, eau et de loyer sont d\u00e9ductibles. En savoir plus sur les <a href=\"https:\/\/experts-comptables-espagne.com\/blog\/frais-deduire-auto-entrepreneur-travaille-domicile\/\">frais d\u00e9ductibles pour un auto-entrepreneur qui travaille depuis son domicile.<\/a><\/p>\n<h3>La d\u00e9claration d&rsquo;IRPF ou IRPP<\/h3>\n<p>L&rsquo;IRPP est l&rsquo;imp\u00f4t sur le revenu des personnes physiques, appel\u00e9 IRPF en Espagne (Impuesto sobre la Renta de las Personas F\u00edsicas). Son fonctionnement est analogue \u00e0 celui de son homologue fran\u00e7ais.<\/p>\n<p>Le principe en Espagne est le pr\u00e9l\u00e8vement \u00e0 la source, une retenue de 15% est g\u00e9n\u00e9ralement appliqu\u00e9e sur les feuilles de paie mais aussi sur les factures \u00e9dit\u00e9es par le travailleur ind\u00e9pendant. Dans ce dernier cas, les entreprises qui paient le service reverseront ces 15% directement \u00e0 Hacienda (Minist\u00e8re des Finances).<\/p>\n<p>Le calcul de l&rsquo;IRPF est complexe car il tient compte de tous les revenus de la personne, de la d\u00e9duction de certains frais professionnels, puis, des abattements auxquels la situation familiale donne droit.<\/p>\n<p><strong><span style=\"color: #000000;\">Il existe 4 tranches fiscales (IRPF 2011):<\/span><\/strong><\/p>\n<table>\n<tbody>\n<tr>\n<td><span style=\"color: #993300;\"><strong>Revenus<\/strong><\/span><\/td>\n<td><span style=\"color: #993300;\"><strong>Taux applicable<\/strong><\/span><\/td>\n<\/tr>\n<tr>\n<td>0 \u00e0 17707,20\u20ac<\/td>\n<td>24%<\/td>\n<\/tr>\n<tr>\n<td>17707,20\u20ac \u00e0 33007,20 \u20ac<\/td>\n<td>28%<\/td>\n<\/tr>\n<tr>\n<td>33007,20 \u20ac \u00e0 53407,20 \u20ac<\/td>\n<td>37%<\/td>\n<\/tr>\n<tr>\n<td>Au-del\u00e0 de 53407,20\u20ac<\/td>\n<td>43%<\/td>\n<\/tr>\n<\/tbody>\n<\/table>\n<p>On applique le taux correspondant \u00e0 la tranche de revenu concern\u00e9e.<br \/>\nEx : vous gagnez 33007\u20ac\/an. Vous paierez 17707,20\u20ac * 24% + (33007-17707,20) * 28% = 8533,67\u20ac<\/p>\n<h2>Le r\u00e9gime fiscal du holding espagnol: l&rsquo;ETVE<\/h2>\n<p>ETVE signifie Entidades de Tenencia de Valores Extranjeros (Entit\u00e9 d\u00e9tentrice de participations \u00e9trang\u00e8res).<\/p>\n<p>Ce type de soci\u00e9t\u00e9 est l&rsquo;\u00e9quivalent des holdings de participation-exemption hollandais ou luxembourgeois (SOPARFI). Son r\u00e9gime fiscal est l&rsquo;un des plus attractifs en Europe. Ces soci\u00e9t\u00e9s b\u00e9n\u00e9ficient d&rsquo;une exon\u00e9ration de leurs b\u00e9n\u00e9fices en provenance de filiales \u00e9trang\u00e8res, lesquels peuvent provenir de distributions de dividendes ou de plus-values de cession des participations.<\/p>\n<p>Pour profiter de ce statut avantageux, ce type de holding doit remplir un certain nombre de conditions:<\/p>\n<ul>\n<li>Centre de gestion situ\u00e9 en Espagne<\/li>\n<li>La gestion de participations \u00e9trang\u00e8res doit appara\u00eetre dans l&rsquo;objet social. Si la holding exerce d&rsquo;autres activit\u00e9s, celles-ci seront impos\u00e9es comme toute autre soci\u00e9t\u00e9 : \u00e0 35%<\/li>\n<li>Les actions ne doivent pas \u00eatre au porteur mais \u00e9mises par voie d&rsquo;inscription<\/li>\n<li>La holding doit avoir une pr\u00e9sence r\u00e9elle en Espagne \u00e0 travers des ressources mat\u00e9rielles et humaines telles qu&rsquo;un &lsquo;Administrador&rsquo; (g\u00e9rant) ou un employ\u00e9 qui s&rsquo;occupe des obligations fiscales et comptables.<\/li>\n<\/ul>\n<p>Son r\u00e9gime d&rsquo;imposition :<br \/>\nLes dividendes remont\u00e9s vers l&rsquo;ETVE ainsi que les plus-values r\u00e9alis\u00e9es lors de cession de participations <span style=\"text-decoration: underline;\">sont exon\u00e9r\u00e9s de l&rsquo;imp\u00f4t sur la soci\u00e9t\u00e9<\/span>.<\/p>\n<p>Il y a deux niveaux de conditions :<\/p>\n<ul>\n<li>C\u00f4t\u00e9 holding:\n<ul>\n<li>D\u00e9tenir au moins 25% de participations dans une filiale europ\u00e9enne, depuis plus de 12 mois.<\/li>\n<li>Les lois sur les soci\u00e9t\u00e9s m\u00e8res espagnoles incluent l\u2019exemption de participations de 5% par action de non-r\u00e9sidents, qui peuvent \u00eatre directes ou indirectes. Doivent \u00eatre d\u00e9tenues depuis plus de 12 mois.<\/li>\n<\/ul>\n<\/li>\n<\/ul>\n<ul>\n<li style=\"list-style-type: none;\">\n<ul>\n<li>C\u00f4t\u00e9 filiale:\n<ul>\n<li>Pas d&rsquo;activit\u00e9 commerciale sur le sol espagnol.<\/li>\n<li>Les b\u00e9n\u00e9fices doivent provenir pour 85% d&rsquo;activit\u00e9s d&rsquo;entreprise.<\/li>\n<li>Assujettissement \u00e0 un imp\u00f4t analogue \u00e0 l&rsquo;IS espagnol et ne pas \u00eatre catalogu\u00e9 dans la liste noire des paradis fiscaux.<\/li>\n<\/ul>\n<\/li>\n<\/ul>\n<\/li>\n<\/ul>\n<h2>La Loi Beckham<\/h2>\n<p>La fameuse loi Beckham fait r\u00e9f\u00e9rence \u00e0 la Loi 35\/2006, du 28 novembre, concernant l\u2019Imp\u00f4t sur les Soci\u00e9t\u00e9s et celui sur les Revenus des non-r\u00e9sidents Espagnols.<\/p>\n<p>Cette norme a \u00e9t\u00e9 con\u00e7ue dans le but d\u2019attirer le capital humain hautement qualifi\u00e9 de pays \u00e9trangers en offrant ainsi aux entreprises espagnoles un avantage fiscal cons\u00e9quent.<\/p>\n<p>Elle permettait aux r\u00e9sidents \u00e9trangers, qui venaient s\u2019installer en Espagne, de payer des imp\u00f4ts \u00e0 un taux de 24% au lieu de 43% dans le cas de salaires sup\u00e9rieurs \u00e0\u00a0 600.000 euros.<\/p>\n<p>Les conditions\u00a0pour avoir droit \u00e0 l\u2019abattement fiscal:<\/p>\n<ul>\n<li>Ne pas avoir r\u00e9sid\u00e9 an Espagne les dix derni\u00e8res ann\u00e9es pr\u00e9c\u00e9dentes au d\u00e9placement sur le territoire espagnol.<\/li>\n<li>Avoir un contrat de travail pr\u00e9alable.<\/li>\n<li>Le travail \u00e0 effectuer doit \u00eatre majoritairement r\u00e9alis\u00e9 en Espagne.<\/li>\n<\/ul>\n<p>Cependant, depuis d\u00e9but 2011 la Loi a \u00e9t\u00e9 ratifi\u00e9e et tous les contrats sign\u00e9s \u00e0 partir du 1er janvier 2010 supposant un salaire de plus de 600.000 euros devront payer 43% d\u2019imp\u00f4ts.<\/p>\n<p>Cette loi n\u2019est pas r\u00e9troactive, ce qui signifie que les contrats sign\u00e9s de mani\u00e8re g\u00e9n\u00e9ral durant l\u2019ann\u00e9e 2009, ne se verront pas affect\u00e9s.<\/p>\n","protected":false},"excerpt":{"rendered":"Pragmatique, L&rsquo;Espagne n&rsquo;a pas d\u00e9velopp\u00e9 d&rsquo;arsenal fiscal comme en France. Vous pouvez dire adieu \u00e0 la taxe professionnelle et \u00e0 l&rsquo;imposition forfaitaire annuelle (IFA).","protected":false},"author":3,"featured_media":0,"comment_status":"closed","ping_status":"open","sticky":false,"template":"","format":"standard","meta":{"advgb_blocks_editor_width":"","advgb_blocks_columns_visual_guide":"","footnotes":""},"categories":[1],"tags":[],"class_list":["post-883","post","type-post","status-publish","format-standard","hentry","category-non-classifiee"],"yoast_head":"<!-- This site is optimized with the Yoast SEO plugin v28.2 - https:\/\/yoast.com\/product\/yoast-seo-wordpress\/ -->\n<title>Les avantages de la fiscalit\u00e9 espagnole - Amedia<\/title>\n<meta name=\"description\" content=\"Bien qu\u2019elle ne soit pas une des plus basses d&#039;Europe, la fiscalit\u00e9 en Espagne autorise cependant quelques astuces fiscales qui adoucissent l&#039;imposition des soci\u00e9t\u00e9s.\" \/>\n<meta name=\"robots\" content=\"index, follow, max-snippet:-1, max-image-preview:large, max-video-preview:-1\" \/>\n<link rel=\"canonical\" href=\"https:\/\/amedia-contables-espana.com\/fr\/blog\/les-avantages-de-la-fiscalite-espagnole\/\" \/>\n<meta property=\"og:locale\" content=\"fr_FR\" \/>\n<meta property=\"og:type\" content=\"article\" \/>\n<meta property=\"og:title\" content=\"Les avantages de la fiscalit\u00e9 espagnole - Amedia\" \/>\n<meta property=\"og:description\" content=\"Bien qu\u2019elle ne soit pas une des plus basses d&#039;Europe, la fiscalit\u00e9 en Espagne autorise cependant quelques astuces fiscales qui adoucissent l&#039;imposition des soci\u00e9t\u00e9s.\" \/>\n<meta property=\"og:url\" content=\"https:\/\/amedia-contables-espana.com\/fr\/blog\/les-avantages-de-la-fiscalite-espagnole\/\" \/>\n<meta property=\"og:site_name\" content=\"Amedia contables espana\" \/>\n<meta property=\"article:published_time\" content=\"2016-10-20T09:01:42+00:00\" \/>\n<meta property=\"article:modified_time\" content=\"2020-07-15T09:27:02+00:00\" \/>\n<meta name=\"author\" content=\"Vitali\" \/>\n<meta name=\"twitter:card\" content=\"summary_large_image\" \/>\n<meta name=\"twitter:label1\" content=\"\u00c9crit par\" \/>\n\t<meta name=\"twitter:data1\" content=\"Vitali\" \/>\n\t<meta name=\"twitter:label2\" content=\"Dur\u00e9e de lecture estim\u00e9e\" \/>\n\t<meta name=\"twitter:data2\" content=\"9 minutes\" \/>\n<script type=\"application\/ld+json\" class=\"yoast-schema-graph\">{\"@context\":\"https:\\\/\\\/schema.org\",\"@graph\":[{\"@type\":\"Article\",\"@id\":\"https:\\\/\\\/amedia-contables-espana.com\\\/fr\\\/blog\\\/les-avantages-de-la-fiscalite-espagnole\\\/#article\",\"isPartOf\":{\"@id\":\"https:\\\/\\\/amedia-contables-espana.com\\\/fr\\\/blog\\\/les-avantages-de-la-fiscalite-espagnole\\\/\"},\"author\":{\"name\":\"Vitali\",\"@id\":\"https:\\\/\\\/amedia-contables-espana.com\\\/fr\\\/#\\\/schema\\\/person\\\/38062a9e6a9730a7b03e3ac2615ae6f5\"},\"headline\":\"Les avantages de la fiscalit\u00e9 espagnole\",\"datePublished\":\"2016-10-20T09:01:42+00:00\",\"dateModified\":\"2020-07-15T09:27:02+00:00\",\"mainEntityOfPage\":{\"@id\":\"https:\\\/\\\/amedia-contables-espana.com\\\/fr\\\/blog\\\/les-avantages-de-la-fiscalite-espagnole\\\/\"},\"wordCount\":1872,\"articleSection\":[\"Non classifi\u00e9(e)\"],\"inLanguage\":\"fr-FR\"},{\"@type\":\"WebPage\",\"@id\":\"https:\\\/\\\/amedia-contables-espana.com\\\/fr\\\/blog\\\/les-avantages-de-la-fiscalite-espagnole\\\/\",\"url\":\"https:\\\/\\\/amedia-contables-espana.com\\\/fr\\\/blog\\\/les-avantages-de-la-fiscalite-espagnole\\\/\",\"name\":\"Les avantages de la fiscalit\u00e9 espagnole - Amedia\",\"isPartOf\":{\"@id\":\"https:\\\/\\\/amedia-contables-espana.com\\\/fr\\\/#website\"},\"datePublished\":\"2016-10-20T09:01:42+00:00\",\"dateModified\":\"2020-07-15T09:27:02+00:00\",\"author\":{\"@id\":\"https:\\\/\\\/amedia-contables-espana.com\\\/fr\\\/#\\\/schema\\\/person\\\/38062a9e6a9730a7b03e3ac2615ae6f5\"},\"description\":\"Bien qu\u2019elle ne soit pas une des plus basses d'Europe, la fiscalit\u00e9 en Espagne autorise cependant quelques astuces fiscales qui adoucissent l'imposition des soci\u00e9t\u00e9s.\",\"breadcrumb\":{\"@id\":\"https:\\\/\\\/amedia-contables-espana.com\\\/fr\\\/blog\\\/les-avantages-de-la-fiscalite-espagnole\\\/#breadcrumb\"},\"inLanguage\":\"fr-FR\",\"potentialAction\":[{\"@type\":\"ReadAction\",\"target\":[\"https:\\\/\\\/amedia-contables-espana.com\\\/fr\\\/blog\\\/les-avantages-de-la-fiscalite-espagnole\\\/\"]}]},{\"@type\":\"BreadcrumbList\",\"@id\":\"https:\\\/\\\/amedia-contables-espana.com\\\/fr\\\/blog\\\/les-avantages-de-la-fiscalite-espagnole\\\/#breadcrumb\",\"itemListElement\":[{\"@type\":\"ListItem\",\"position\":1,\"name\":\"Accueil\",\"item\":\"https:\\\/\\\/amedia-contables-espana.com\\\/fr\\\/\"},{\"@type\":\"ListItem\",\"position\":2,\"name\":\"Les avantages de la fiscalit\u00e9 espagnole\"}]},{\"@type\":\"WebSite\",\"@id\":\"https:\\\/\\\/amedia-contables-espana.com\\\/fr\\\/#website\",\"url\":\"https:\\\/\\\/amedia-contables-espana.com\\\/fr\\\/\",\"name\":\"Amedia contables espana\",\"description\":\"\",\"potentialAction\":[{\"@type\":\"SearchAction\",\"target\":{\"@type\":\"EntryPoint\",\"urlTemplate\":\"https:\\\/\\\/amedia-contables-espana.com\\\/fr\\\/?s={search_term_string}\"},\"query-input\":{\"@type\":\"PropertyValueSpecification\",\"valueRequired\":true,\"valueName\":\"search_term_string\"}}],\"inLanguage\":\"fr-FR\"},{\"@type\":\"Person\",\"@id\":\"https:\\\/\\\/amedia-contables-espana.com\\\/fr\\\/#\\\/schema\\\/person\\\/38062a9e6a9730a7b03e3ac2615ae6f5\",\"name\":\"Vitali\",\"sameAs\":[\"http:\\\/\\\/amedia.com\"],\"url\":\"https:\\\/\\\/amedia-contables-espana.com\\\/fr\\\/blog\\\/author\\\/admin-masonu\\\/\"}]}<\/script>\n<!-- \/ Yoast SEO plugin. -->","yoast_head_json":{"title":"Les avantages de la fiscalit\u00e9 espagnole - Amedia","description":"Bien qu\u2019elle ne soit pas une des plus basses d'Europe, la fiscalit\u00e9 en Espagne autorise cependant quelques astuces fiscales qui adoucissent l'imposition des soci\u00e9t\u00e9s.","robots":{"index":"index","follow":"follow","max-snippet":"max-snippet:-1","max-image-preview":"max-image-preview:large","max-video-preview":"max-video-preview:-1"},"canonical":"https:\/\/amedia-contables-espana.com\/fr\/blog\/les-avantages-de-la-fiscalite-espagnole\/","og_locale":"fr_FR","og_type":"article","og_title":"Les avantages de la fiscalit\u00e9 espagnole - Amedia","og_description":"Bien qu\u2019elle ne soit pas une des plus basses d'Europe, la fiscalit\u00e9 en Espagne autorise cependant quelques astuces fiscales qui adoucissent l'imposition des soci\u00e9t\u00e9s.","og_url":"https:\/\/amedia-contables-espana.com\/fr\/blog\/les-avantages-de-la-fiscalite-espagnole\/","og_site_name":"Amedia contables espana","article_published_time":"2016-10-20T09:01:42+00:00","article_modified_time":"2020-07-15T09:27:02+00:00","author":"Vitali","twitter_card":"summary_large_image","twitter_misc":{"\u00c9crit par":"Vitali","Dur\u00e9e de lecture estim\u00e9e":"9 minutes"},"schema":{"@context":"https:\/\/schema.org","@graph":[{"@type":"Article","@id":"https:\/\/amedia-contables-espana.com\/fr\/blog\/les-avantages-de-la-fiscalite-espagnole\/#article","isPartOf":{"@id":"https:\/\/amedia-contables-espana.com\/fr\/blog\/les-avantages-de-la-fiscalite-espagnole\/"},"author":{"name":"Vitali","@id":"https:\/\/amedia-contables-espana.com\/fr\/#\/schema\/person\/38062a9e6a9730a7b03e3ac2615ae6f5"},"headline":"Les avantages de la fiscalit\u00e9 espagnole","datePublished":"2016-10-20T09:01:42+00:00","dateModified":"2020-07-15T09:27:02+00:00","mainEntityOfPage":{"@id":"https:\/\/amedia-contables-espana.com\/fr\/blog\/les-avantages-de-la-fiscalite-espagnole\/"},"wordCount":1872,"articleSection":["Non classifi\u00e9(e)"],"inLanguage":"fr-FR"},{"@type":"WebPage","@id":"https:\/\/amedia-contables-espana.com\/fr\/blog\/les-avantages-de-la-fiscalite-espagnole\/","url":"https:\/\/amedia-contables-espana.com\/fr\/blog\/les-avantages-de-la-fiscalite-espagnole\/","name":"Les avantages de la fiscalit\u00e9 espagnole - Amedia","isPartOf":{"@id":"https:\/\/amedia-contables-espana.com\/fr\/#website"},"datePublished":"2016-10-20T09:01:42+00:00","dateModified":"2020-07-15T09:27:02+00:00","author":{"@id":"https:\/\/amedia-contables-espana.com\/fr\/#\/schema\/person\/38062a9e6a9730a7b03e3ac2615ae6f5"},"description":"Bien qu\u2019elle ne soit pas une des plus basses d'Europe, la fiscalit\u00e9 en Espagne autorise cependant quelques astuces fiscales qui adoucissent l'imposition des soci\u00e9t\u00e9s.","breadcrumb":{"@id":"https:\/\/amedia-contables-espana.com\/fr\/blog\/les-avantages-de-la-fiscalite-espagnole\/#breadcrumb"},"inLanguage":"fr-FR","potentialAction":[{"@type":"ReadAction","target":["https:\/\/amedia-contables-espana.com\/fr\/blog\/les-avantages-de-la-fiscalite-espagnole\/"]}]},{"@type":"BreadcrumbList","@id":"https:\/\/amedia-contables-espana.com\/fr\/blog\/les-avantages-de-la-fiscalite-espagnole\/#breadcrumb","itemListElement":[{"@type":"ListItem","position":1,"name":"Accueil","item":"https:\/\/amedia-contables-espana.com\/fr\/"},{"@type":"ListItem","position":2,"name":"Les avantages de la fiscalit\u00e9 espagnole"}]},{"@type":"WebSite","@id":"https:\/\/amedia-contables-espana.com\/fr\/#website","url":"https:\/\/amedia-contables-espana.com\/fr\/","name":"Amedia contables espana","description":"","potentialAction":[{"@type":"SearchAction","target":{"@type":"EntryPoint","urlTemplate":"https:\/\/amedia-contables-espana.com\/fr\/?s={search_term_string}"},"query-input":{"@type":"PropertyValueSpecification","valueRequired":true,"valueName":"search_term_string"}}],"inLanguage":"fr-FR"},{"@type":"Person","@id":"https:\/\/amedia-contables-espana.com\/fr\/#\/schema\/person\/38062a9e6a9730a7b03e3ac2615ae6f5","name":"Vitali","sameAs":["http:\/\/amedia.com"],"url":"https:\/\/amedia-contables-espana.com\/fr\/blog\/author\/admin-masonu\/"}]}},"author_meta":{"display_name":"Vitali","author_link":"https:\/\/amedia-contables-espana.com\/fr\/blog\/author\/admin-masonu\/"},"featured_img":null,"coauthors":[],"tax_additional":{"categories":{"linked":["<a href=\"https:\/\/amedia-contables-espana.com\/fr\/blog\/category\/non-classifiee\/\" class=\"advgb-post-tax-term\">Non classifi\u00e9(e)<\/a>"],"unlinked":["<span class=\"advgb-post-tax-term\">Non classifi\u00e9(e)<\/span>"]}},"comment_count":"0","relative_dates":{"created":"Publi\u00e9 10 ans il y a","modified":"Mis \u00e0 jour 6 ans il y a"},"absolute_dates":{"created":"Publi\u00e9 le 20 Octobre 2016","modified":"Mise \u00e0 jour le 15 Juillet 2020"},"absolute_dates_time":{"created":"Publi\u00e9 le 20 Octobre 2016 11 h 01 min","modified":"Mise \u00e0 jour le 15 Juillet 2020 11 h 27 min"},"featured_img_caption":"","series_order":"","_links":{"self":[{"href":"https:\/\/amedia-contables-espana.com\/fr\/wp-json\/wp\/v2\/posts\/883","targetHints":{"allow":["GET"]}}],"collection":[{"href":"https:\/\/amedia-contables-espana.com\/fr\/wp-json\/wp\/v2\/posts"}],"about":[{"href":"https:\/\/amedia-contables-espana.com\/fr\/wp-json\/wp\/v2\/types\/post"}],"author":[{"embeddable":true,"href":"https:\/\/amedia-contables-espana.com\/fr\/wp-json\/wp\/v2\/users\/3"}],"replies":[{"embeddable":true,"href":"https:\/\/amedia-contables-espana.com\/fr\/wp-json\/wp\/v2\/comments?post=883"}],"version-history":[{"count":2,"href":"https:\/\/amedia-contables-espana.com\/fr\/wp-json\/wp\/v2\/posts\/883\/revisions"}],"predecessor-version":[{"id":1080,"href":"https:\/\/amedia-contables-espana.com\/fr\/wp-json\/wp\/v2\/posts\/883\/revisions\/1080"}],"wp:attachment":[{"href":"https:\/\/amedia-contables-espana.com\/fr\/wp-json\/wp\/v2\/media?parent=883"}],"wp:term":[{"taxonomy":"category","embeddable":true,"href":"https:\/\/amedia-contables-espana.com\/fr\/wp-json\/wp\/v2\/categories?post=883"},{"taxonomy":"post_tag","embeddable":true,"href":"https:\/\/amedia-contables-espana.com\/fr\/wp-json\/wp\/v2\/tags?post=883"}],"curies":[{"name":"wp","href":"https:\/\/api.w.org\/{rel}","templated":true}]}}