{"id":880,"date":"2016-09-23T16:09:59","date_gmt":"2016-09-23T14:09:59","guid":{"rendered":"http:\/\/www.objectif-espagne.com\/?p=570"},"modified":"2020-07-10T13:15:12","modified_gmt":"2020-07-10T11:15:12","slug":"creation-de-societe-en-espagne-quelle-forme-juridique-pour-votre-activite","status":"publish","type":"post","link":"https:\/\/amedia-contables-espana.com\/fr\/blog\/creation-de-societe-en-espagne-quelle-forme-juridique-pour-votre-activite\/","title":{"rendered":"Cr\u00e9ation de Soci\u00e9t\u00e9 en Espagne: quelle forme juridique pour votre activit\u00e9?"},"content":{"rendered":"<p>On retrouve en Droit des Soci\u00e9t\u00e9s Espagnol quasiment les m\u00eames formes juridiques de soci\u00e9t\u00e9s qu\u2019en France et ailleurs : SARL, SA et Travailleur ind\u00e9pendant. Les caract\u00e9ristiques de celles-ci sont assez similaires \u00e0 celles de leurs homologues fran\u00e7aises.<\/p>\n<p>Le processus de constitution de soci\u00e9t\u00e9 est cependant plus long qu\u2019en France et il convient de bien s\u2019informer avant d\u2019entreprendre les d\u00e9marches. Il est conseill\u00e9 de consulter un cabinet sp\u00e9cialis\u00e9 en cr\u00e9ation d\u2019entreprise en Espagne ou bien de faire l\u2019acquisition d\u2019une soci\u00e9t\u00e9 pr\u00e9constitu\u00e9e (elle vous permet l&rsquo;obtention d&rsquo;une soci\u00e9t\u00e9 op\u00e9rationnelle en 24h).<br \/>\n<img decoding=\"async\" src=\"https:\/\/experts-comptables-espagne.com\/wp-content\/uploads\/creasoc_choix_structure-700x466.jpg\" alt=\"structure juridique espagne\" \/><\/p>\n<h2>La Sociedad Limitada (SL): Soci\u00e9t\u00e9 \u00e0 Responsabilit\u00e9 Limit\u00e9e en Espagne<\/h2>\n<p>La \u00abSociedad Limitada\u00bb est une soci\u00e9t\u00e9 commerciale dont le capital est divis\u00e9 en participations. Telle que la SARL en France, la responsabilit\u00e9 des associ\u00e9s est limit\u00e9e au montant du capital apport\u00e9.<\/p>\n<p><strong>Le capital minimal est de 3.000 \u20ac.<\/strong><\/p>\n<p>La SARL peut \u00eatre pluripersonnelle mais il est possible de constituer une SL avec un associ\u00e9 unique, ce qui rapproche la SARL espagnole de l\u2019EURL. A la diff\u00e9rence de cette derni\u00e8re, le capital doit \u00eatre lib\u00e9r\u00e9 int\u00e9gralement \u00e0 sa cr\u00e9ation. La constitution de SL avec un associ\u00e9 unique doit appara\u00eetre dans l\u2019objet social, il est possible de faire cette d\u00e9claration d\u2019unipersonnalit\u00e9 d\u00e8s la constitution de la soci\u00e9t\u00e9 ou bien au cours de son existence. L\u2019unipersonnalit\u00e9 doit appara\u00eetre dans les supports de communication de l\u2019entreprise et dans les factures avec la mention SLU et non SL.<\/p>\n<p>Il est possible de faire des apports en nature (biens en nature ou droits qui font l\u2019objet d\u2019une estimation financi\u00e8re). L\u2019apport en industrie n\u2019est pas consid\u00e9r\u00e9.<\/p>\n<p>La gestion de la soci\u00e9t\u00e9 peut \u00eatre effectu\u00e9e par un, deux voire plusieurs g\u00e9rants ou bien par un conseil d\u2019administration (qui peut \u00eatre compos\u00e9 de 12 conseillers maximum).<\/p>\n<h2>La Sociedad An\u00f3nima (SA): Soci\u00e9t\u00e9 Anonyme en Espagne<\/h2>\n<p>La \u00abSociedad An\u00f3nima\u00bb est une soci\u00e9t\u00e9 commerciale dont le capital social est divis\u00e9 en actions. La responsabilit\u00e9 des associ\u00e9s est limit\u00e9e aux apports.\u2028Il est possible de constituer une SA avec un associ\u00e9 unique (sociedad an\u00f3nima unipersonal).<\/p>\n<p><strong>Le capital minimal est de 60.000 \u20ac dont 25% devront \u00eatre lib\u00e9r\u00e9s \u00e0 la constitution.<\/strong>\u2028 Il n\u2019existe pas de d\u00e9lai l\u00e9gal pour lib\u00e9rer les 75% restants.<\/p>\n<p>L\u2019unipersonnalit\u00e9 doit appara\u00eetre dans les supports de communication de l\u2019entreprise et dans les factures avec la mention SAU et non SA.\u2028Si la soci\u00e9t\u00e9 cesse d\u2019\u00eatre unipersonnelle avec l\u2019arriv\u00e9e d\u2019un autre associ\u00e9, il faudra le faire constater dans les statuts de la soci\u00e9t\u00e9 et le faire enregistrer au Registre du Commerce.\u2028 A l\u2019inverse, si une soci\u00e9t\u00e9 acquiert la condition d\u2019unipersonnalit\u00e9 et que passent 6 mois sans qu\u2019ait lieu l\u2019enregistrement au RC, l\u2019associ\u00e9 unique r\u00e9pondra des dettes sociales de la soci\u00e9t\u00e9 de mani\u00e8re illimit\u00e9e et solidaire.<\/p>\n<p>Il est possible de faire des apports en nature.\u2028 Ces apports devront faire l\u2019objet d\u2019une estimation par un expert d\u00e9sign\u00e9 par le Registre du Commerce. Dite estimation devra \u00eatre int\u00e9gr\u00e9e aux statuts. La cession d\u2019actions n\u2019est valide que si celles-ci sont nominatives et que cela est constat\u00e9 dans les statuts.\u2028 La cession des actions peut \u00eatre soumise \u00e0 la validation de la soci\u00e9t\u00e9 si les statuts le sp\u00e9cifient.<\/p>\n<p>Les d\u00e9cisions sont adopt\u00e9es \u00e0 la majorit\u00e9 des votes. Les statuts peuvent d\u00e9terminer une majorit\u00e9 plus importante. Chaque action donne droit \u00e0 un vote et les statuts peuvent limiter le nombre de votes inh\u00e9rents \u00e0 un actionnaire.\u2028Les statuts doivent d\u00e9terminer le conseil d\u2019administration : un PDG unique (appel\u00e9 Administrador), 2 ou plusieurs directeurs ou bien un conseil d\u2019administration compos\u00e9 par un minimum de 3 et un maximum de 12 conseillers.\u2028 Le changement d\u2019organisation de l\u2019administration fait l\u2019objet d\u2019une modification statutaire.<\/p>\n<p>Avant de r\u00e9partir les b\u00e9n\u00e9fices, il faut respecter la r\u00e9serve l\u00e9gale qui se monte \u00e0 10% du b\u00e9n\u00e9fice, et ce, jusqu\u2019\u00e0 ce que cette r\u00e9serve atteigne 20% du capital social.\u2028Les dividendes ne pourront \u00eatre distribu\u00e9s aux actionnaires que si (suite \u00e0 la r\u00e9partition) les actifs ne sont pas inf\u00e9rieurs \u00e0 la valeur du capital social. Le nom de la soci\u00e9t\u00e9 devra int\u00e9grer la mention SA.<\/p>\n<h2>Le Travailleur Ind\u00e9pendant ou Aut\u00f3nomo<\/h2>\n<p>Les \u2018Trabajadores Aut\u00f3nomos\u2019 sont des travailleurs ind\u00e9pendants ou non-salari\u00e9s.\u2028 Le choix de cette forme juridique peut se justifier par des raisons fiscales, de simplicit\u00e9 de constitution et des formalit\u00e9s r\u00e9duites.\u2028Est consid\u00e9r\u00e9 comme tel, tout travailleur qui r\u00e9alise une activit\u00e9 \u00e9conomique \u00e0 but lucratif de mani\u00e8re habituelle, directe et en personne, sans d\u00e9pendre d\u2019aucun contrat de travail tout en pouvant avoir recours au travail r\u00e9mun\u00e9r\u00e9 de personnes tierces, qu\u2019elles soient ou non propri\u00e9taires d\u2019entreprises.\u2028Est \u00e9galement consid\u00e9r\u00e9 travailleur aut\u00f3nomo, le titulaire d\u2019un \u00e9tablissement ouvert au public en tant que propri\u00e9taire, usufruitier, locataire ou autres.<\/p>\n<h3>Conditions:<\/h3>\n<ul>\n<li>\u00eatre majeur<\/li>\n<li>avoir la pleine jouissance de ses biens<\/li>\n<li>exercer une activit\u00e9 commerciale de mani\u00e8re ind\u00e9pendante et habituelle<\/li>\n<\/ul>\n<h3>Les cat\u00e9gories de travailleurs incluses dans ce r\u00e9gime:<\/h3>\n<ul>\n<li>quiconque exerce des fonctions de direction et de g\u00e9rance qui implique l\u2019exercice d\u2019un poste de conseiller ou de g\u00e9rant, ou qui rend des services \u00e0 une soci\u00e9t\u00e9 commerciale, \u00e0 titre lucratif et de mani\u00e8re habituelle, directe et en personne, pourvu qu\u2019il ait le contr\u00f4le effectif, direct ou indirect de celle-ci.<\/li>\n<li>Cela suppose la d\u00e9tention d\u2019au-moins la moiti\u00e9 du capital. Il s\u2019ensuit qu\u2019un g\u00e9rant poss\u00e9dant la moiti\u00e9 du capital de sa soci\u00e9t\u00e9 devra s\u2019affilier \u00e0 ce r\u00e9gime.<\/li>\n<li>travailleurs \u00e2g\u00e9s de plus de 18 ans r\u00e9alisant une activit\u00e9 \u00e9conomique \u00e0 but lucratif de mani\u00e8re habituelle, directe et en personne sans d\u00e9pendre d\u2019aucun contrat de travail.<\/li>\n<li>conjoints et parents (jusqu\u2019au 2\u00e8me degr\u00e9) qui travaillent avec lui sans \u00eatre salari\u00e9s.<\/li>\n<li>les \u00e9crivains.<\/li>\n<li>les artistes et sportifs.<\/li>\n<li>les travailleurs ind\u00e9pendants \u00e9trangers qui r\u00e9sident et exercent l\u00e9galement leur activit\u00e9 sur le territoire espagnol.<\/li>\n<li>les travailleurs exer\u00e7ant une activit\u00e9 ind\u00e9pendante qui requiert l\u2019adh\u00e9sion \u00e0 un ordre professionnel et dont les membres sont affili\u00e9s au r\u00e9gime sp\u00e9cial des travailleurs ind\u00e9pendants. (Architectes, avocats, psychologues, \u00e9conomistes\u2026)<\/li>\n<li>les associ\u00e9s de Soci\u00e9t\u00e9s en Nom Collectif et associ\u00e9s de Soci\u00e9t\u00e9 en Commandite qui remplissent les conditions l\u00e9gales.<\/li>\n<\/ul>\n<h3>Responsabilit\u00e9:<\/h3>\n<p>La responsabilit\u00e9 du travailleur Aut\u00f3nomo est illimit\u00e9e et il doit donc r\u00e9pondre des dettes inh\u00e9rentes \u00e0 son activit\u00e9 sur ses biens actuels et futurs.\u2028Son patrimoine personnel et celui de son entreprise ne font qu\u2019un.<\/p>\n<h3>Formalit\u00e9s et d\u00e9marches:<\/h3>\n<ul>\n<li>Inscription au RETA (R\u00e9gimen Especial de Trabajadores Aut\u00f3nomos).<\/li>\n<li>L\u2019inscription est unique m\u00eame si le travailleur d\u00e9veloppe des activit\u00e9s diff\u00e9rentes.<\/li>\n<li>Inscription de l\u2019entreprise \u00e0 la s\u00e9curit\u00e9 sociale. Cette formalit\u00e9 est obligatoire pour pouvoir employer des salari\u00e9s.<\/li>\n<li>Affiliation et inscription des salari\u00e9s. Obligatoire \u00e0 chaque embauche de salari\u00e9.<\/li>\n<\/ul>\n<h3>Obligations comptables:<\/h3>\n<ul>\n<li>Les Aut\u00f3nomos doivent tenir une comptabilit\u00e9 claire qui permet le suivi chronologique de toutes les op\u00e9rations r\u00e9alis\u00e9es.<\/li>\n<li>Il n\u2019existe aucune obligation de tenir une comptabilit\u00e9 telle que d\u00e9finie par le Code du Commerce, mais des livres \/ registres doivent \u00eatre cependant tenus. Les registres, livres et justificatifs doivent \u00eatre conserv\u00e9s pendant une dur\u00e9e de 6 ans.<\/li>\n<\/ul>\n<h3>Faire une facture:<\/h3>\n<ul>\n<li>La facture doit faire appara\u00eetre le nom, l\u2019adresse et le num\u00e9ro fiscal personnel (NIF pour les espagnols natifs, NIE pour les \u00e9trangers).<\/li>\n<li>Le travailleur aut\u00f3nomo doit facturer la TVA \u00e0 21% pour la plupart des biens et services.<\/li>\n<li>Une retenue \u00e0 la source au titre de l\u2019Imp\u00f4t sur le Revenu des Personnes Physiques peut \u00eatre applicable.<\/li>\n<\/ul>\n","protected":false},"excerpt":{"rendered":"On retrouve en Droit des Soci\u00e9t\u00e9s Espagnol quasiment les m\u00eames formes juridiques de soci\u00e9t\u00e9s qu\u2019en France et ailleurs : SARL, SA et Travailleur ind\u00e9pendant. Les caract\u00e9ristiques de celles-ci sont assez similaires \u00e0 celles de leurs homologues fran\u00e7aises. Le processus de constitution de soci\u00e9t\u00e9 est cependant plus long qu\u2019en France et il convient de bien s\u2019informer&#8230; <a class=\"view-article\" href=\"https:\/\/amedia-contables-espana.com\/fr\/blog\/creation-de-societe-en-espagne-quelle-forme-juridique-pour-votre-activite\/\">Voir l&rsquo;article<\/a>","protected":false},"author":3,"featured_media":0,"comment_status":"closed","ping_status":"open","sticky":false,"template":"","format":"standard","meta":{"advgb_blocks_editor_width":"","advgb_blocks_columns_visual_guide":"","footnotes":""},"categories":[1],"tags":[],"class_list":["post-880","post","type-post","status-publish","format-standard","hentry","category-non-classifiee"],"yoast_head":"<!-- This site is optimized with the Yoast SEO plugin v28.2 - https:\/\/yoast.com\/product\/yoast-seo-wordpress\/ -->\n<title>Cr\u00e9ation de Soci\u00e9t\u00e9 en Espagne: quelle forme juridique pour votre activit\u00e9? - Amedia<\/title>\n<meta name=\"description\" content=\"On retrouve en Droit des Soci\u00e9t\u00e9s Espagnol quasiment les m\u00eames formes juridiques de soci\u00e9t\u00e9s qu\u2019en France et ailleurs : SARL, SA et Travailleur ind\u00e9pendant. Les caract\u00e9ristiques de celles-ci sont assez similaires \u00e0 celles de leurs homologues fran\u00e7aises.\" \/>\n<meta name=\"robots\" content=\"index, follow, max-snippet:-1, max-image-preview:large, max-video-preview:-1\" \/>\n<link rel=\"canonical\" href=\"https:\/\/amedia-contables-espana.com\/fr\/blog\/creation-de-societe-en-espagne-quelle-forme-juridique-pour-votre-activite\/\" \/>\n<meta property=\"og:locale\" content=\"fr_FR\" \/>\n<meta property=\"og:type\" content=\"article\" \/>\n<meta property=\"og:title\" content=\"Cr\u00e9ation de Soci\u00e9t\u00e9 en Espagne: quelle forme juridique pour votre activit\u00e9? - Amedia\" \/>\n<meta property=\"og:description\" content=\"On retrouve en Droit des Soci\u00e9t\u00e9s Espagnol quasiment les m\u00eames formes juridiques de soci\u00e9t\u00e9s qu\u2019en France et ailleurs : SARL, SA et Travailleur ind\u00e9pendant. Les caract\u00e9ristiques de celles-ci sont assez similaires \u00e0 celles de leurs homologues fran\u00e7aises.\" \/>\n<meta property=\"og:url\" content=\"https:\/\/amedia-contables-espana.com\/fr\/blog\/creation-de-societe-en-espagne-quelle-forme-juridique-pour-votre-activite\/\" \/>\n<meta property=\"og:site_name\" content=\"Amedia contables espana\" \/>\n<meta property=\"article:published_time\" content=\"2016-09-23T14:09:59+00:00\" \/>\n<meta property=\"article:modified_time\" content=\"2020-07-10T11:15:12+00:00\" \/>\n<meta property=\"og:image\" content=\"https:\/\/experts-comptables-espagne.com\/wp-content\/uploads\/creasoc_choix_structure-700x466.jpg\" \/>\n<meta name=\"author\" content=\"Vitali\" \/>\n<meta name=\"twitter:card\" content=\"summary_large_image\" \/>\n<meta name=\"twitter:label1\" content=\"\u00c9crit par\" \/>\n\t<meta name=\"twitter:data1\" content=\"Vitali\" \/>\n\t<meta name=\"twitter:label2\" content=\"Dur\u00e9e de lecture estim\u00e9e\" \/>\n\t<meta name=\"twitter:data2\" content=\"7 minutes\" \/>\n<script type=\"application\/ld+json\" class=\"yoast-schema-graph\">{\"@context\":\"https:\\\/\\\/schema.org\",\"@graph\":[{\"@type\":\"Article\",\"@id\":\"https:\\\/\\\/amedia-contables-espana.com\\\/fr\\\/blog\\\/creation-de-societe-en-espagne-quelle-forme-juridique-pour-votre-activite\\\/#article\",\"isPartOf\":{\"@id\":\"https:\\\/\\\/amedia-contables-espana.com\\\/fr\\\/blog\\\/creation-de-societe-en-espagne-quelle-forme-juridique-pour-votre-activite\\\/\"},\"author\":{\"name\":\"Vitali\",\"@id\":\"https:\\\/\\\/amedia-contables-espana.com\\\/fr\\\/#\\\/schema\\\/person\\\/38062a9e6a9730a7b03e3ac2615ae6f5\"},\"headline\":\"Cr\u00e9ation de Soci\u00e9t\u00e9 en Espagne: quelle forme juridique pour votre activit\u00e9?\",\"datePublished\":\"2016-09-23T14:09:59+00:00\",\"dateModified\":\"2020-07-10T11:15:12+00:00\",\"mainEntityOfPage\":{\"@id\":\"https:\\\/\\\/amedia-contables-espana.com\\\/fr\\\/blog\\\/creation-de-societe-en-espagne-quelle-forme-juridique-pour-votre-activite\\\/\"},\"wordCount\":1360,\"image\":{\"@id\":\"https:\\\/\\\/amedia-contables-espana.com\\\/fr\\\/blog\\\/creation-de-societe-en-espagne-quelle-forme-juridique-pour-votre-activite\\\/#primaryimage\"},\"thumbnailUrl\":\"https:\\\/\\\/experts-comptables-espagne.com\\\/wp-content\\\/uploads\\\/creasoc_choix_structure-700x466.jpg\",\"articleSection\":[\"Non classifi\u00e9(e)\"],\"inLanguage\":\"fr-FR\"},{\"@type\":\"WebPage\",\"@id\":\"https:\\\/\\\/amedia-contables-espana.com\\\/fr\\\/blog\\\/creation-de-societe-en-espagne-quelle-forme-juridique-pour-votre-activite\\\/\",\"url\":\"https:\\\/\\\/amedia-contables-espana.com\\\/fr\\\/blog\\\/creation-de-societe-en-espagne-quelle-forme-juridique-pour-votre-activite\\\/\",\"name\":\"Cr\u00e9ation de Soci\u00e9t\u00e9 en Espagne: quelle forme juridique pour votre activit\u00e9? - Amedia\",\"isPartOf\":{\"@id\":\"https:\\\/\\\/amedia-contables-espana.com\\\/fr\\\/#website\"},\"primaryImageOfPage\":{\"@id\":\"https:\\\/\\\/amedia-contables-espana.com\\\/fr\\\/blog\\\/creation-de-societe-en-espagne-quelle-forme-juridique-pour-votre-activite\\\/#primaryimage\"},\"image\":{\"@id\":\"https:\\\/\\\/amedia-contables-espana.com\\\/fr\\\/blog\\\/creation-de-societe-en-espagne-quelle-forme-juridique-pour-votre-activite\\\/#primaryimage\"},\"thumbnailUrl\":\"https:\\\/\\\/experts-comptables-espagne.com\\\/wp-content\\\/uploads\\\/creasoc_choix_structure-700x466.jpg\",\"datePublished\":\"2016-09-23T14:09:59+00:00\",\"dateModified\":\"2020-07-10T11:15:12+00:00\",\"author\":{\"@id\":\"https:\\\/\\\/amedia-contables-espana.com\\\/fr\\\/#\\\/schema\\\/person\\\/38062a9e6a9730a7b03e3ac2615ae6f5\"},\"description\":\"On retrouve en Droit des Soci\u00e9t\u00e9s Espagnol quasiment les m\u00eames formes juridiques de soci\u00e9t\u00e9s qu\u2019en France et ailleurs : SARL, SA et Travailleur ind\u00e9pendant. Les caract\u00e9ristiques de celles-ci sont assez similaires \u00e0 celles de leurs homologues fran\u00e7aises.\",\"breadcrumb\":{\"@id\":\"https:\\\/\\\/amedia-contables-espana.com\\\/fr\\\/blog\\\/creation-de-societe-en-espagne-quelle-forme-juridique-pour-votre-activite\\\/#breadcrumb\"},\"inLanguage\":\"fr-FR\",\"potentialAction\":[{\"@type\":\"ReadAction\",\"target\":[\"https:\\\/\\\/amedia-contables-espana.com\\\/fr\\\/blog\\\/creation-de-societe-en-espagne-quelle-forme-juridique-pour-votre-activite\\\/\"]}]},{\"@type\":\"ImageObject\",\"inLanguage\":\"fr-FR\",\"@id\":\"https:\\\/\\\/amedia-contables-espana.com\\\/fr\\\/blog\\\/creation-de-societe-en-espagne-quelle-forme-juridique-pour-votre-activite\\\/#primaryimage\",\"url\":\"https:\\\/\\\/experts-comptables-espagne.com\\\/wp-content\\\/uploads\\\/creasoc_choix_structure-700x466.jpg\",\"contentUrl\":\"https:\\\/\\\/experts-comptables-espagne.com\\\/wp-content\\\/uploads\\\/creasoc_choix_structure-700x466.jpg\"},{\"@type\":\"BreadcrumbList\",\"@id\":\"https:\\\/\\\/amedia-contables-espana.com\\\/fr\\\/blog\\\/creation-de-societe-en-espagne-quelle-forme-juridique-pour-votre-activite\\\/#breadcrumb\",\"itemListElement\":[{\"@type\":\"ListItem\",\"position\":1,\"name\":\"Accueil\",\"item\":\"https:\\\/\\\/amedia-contables-espana.com\\\/fr\\\/\"},{\"@type\":\"ListItem\",\"position\":2,\"name\":\"Cr\u00e9ation de Soci\u00e9t\u00e9 en Espagne: quelle forme juridique pour votre activit\u00e9?\"}]},{\"@type\":\"WebSite\",\"@id\":\"https:\\\/\\\/amedia-contables-espana.com\\\/fr\\\/#website\",\"url\":\"https:\\\/\\\/amedia-contables-espana.com\\\/fr\\\/\",\"name\":\"Amedia contables espana\",\"description\":\"\",\"potentialAction\":[{\"@type\":\"SearchAction\",\"target\":{\"@type\":\"EntryPoint\",\"urlTemplate\":\"https:\\\/\\\/amedia-contables-espana.com\\\/fr\\\/?s={search_term_string}\"},\"query-input\":{\"@type\":\"PropertyValueSpecification\",\"valueRequired\":true,\"valueName\":\"search_term_string\"}}],\"inLanguage\":\"fr-FR\"},{\"@type\":\"Person\",\"@id\":\"https:\\\/\\\/amedia-contables-espana.com\\\/fr\\\/#\\\/schema\\\/person\\\/38062a9e6a9730a7b03e3ac2615ae6f5\",\"name\":\"Vitali\",\"sameAs\":[\"http:\\\/\\\/amedia.com\"],\"url\":\"https:\\\/\\\/amedia-contables-espana.com\\\/fr\\\/blog\\\/author\\\/admin-masonu\\\/\"}]}<\/script>\n<!-- \/ Yoast SEO plugin. -->","yoast_head_json":{"title":"Cr\u00e9ation de Soci\u00e9t\u00e9 en Espagne: quelle forme juridique pour votre activit\u00e9? - Amedia","description":"On retrouve en Droit des Soci\u00e9t\u00e9s Espagnol quasiment les m\u00eames formes juridiques de soci\u00e9t\u00e9s qu\u2019en France et ailleurs : SARL, SA et Travailleur ind\u00e9pendant. Les caract\u00e9ristiques de celles-ci sont assez similaires \u00e0 celles de leurs homologues fran\u00e7aises.","robots":{"index":"index","follow":"follow","max-snippet":"max-snippet:-1","max-image-preview":"max-image-preview:large","max-video-preview":"max-video-preview:-1"},"canonical":"https:\/\/amedia-contables-espana.com\/fr\/blog\/creation-de-societe-en-espagne-quelle-forme-juridique-pour-votre-activite\/","og_locale":"fr_FR","og_type":"article","og_title":"Cr\u00e9ation de Soci\u00e9t\u00e9 en Espagne: quelle forme juridique pour votre activit\u00e9? - Amedia","og_description":"On retrouve en Droit des Soci\u00e9t\u00e9s Espagnol quasiment les m\u00eames formes juridiques de soci\u00e9t\u00e9s qu\u2019en France et ailleurs : SARL, SA et Travailleur ind\u00e9pendant. Les caract\u00e9ristiques de celles-ci sont assez similaires \u00e0 celles de leurs homologues fran\u00e7aises.","og_url":"https:\/\/amedia-contables-espana.com\/fr\/blog\/creation-de-societe-en-espagne-quelle-forme-juridique-pour-votre-activite\/","og_site_name":"Amedia contables espana","article_published_time":"2016-09-23T14:09:59+00:00","article_modified_time":"2020-07-10T11:15:12+00:00","og_image":[{"url":"https:\/\/experts-comptables-espagne.com\/wp-content\/uploads\/creasoc_choix_structure-700x466.jpg","type":"","width":"","height":""}],"author":"Vitali","twitter_card":"summary_large_image","twitter_misc":{"\u00c9crit par":"Vitali","Dur\u00e9e de lecture estim\u00e9e":"7 minutes"},"schema":{"@context":"https:\/\/schema.org","@graph":[{"@type":"Article","@id":"https:\/\/amedia-contables-espana.com\/fr\/blog\/creation-de-societe-en-espagne-quelle-forme-juridique-pour-votre-activite\/#article","isPartOf":{"@id":"https:\/\/amedia-contables-espana.com\/fr\/blog\/creation-de-societe-en-espagne-quelle-forme-juridique-pour-votre-activite\/"},"author":{"name":"Vitali","@id":"https:\/\/amedia-contables-espana.com\/fr\/#\/schema\/person\/38062a9e6a9730a7b03e3ac2615ae6f5"},"headline":"Cr\u00e9ation de Soci\u00e9t\u00e9 en Espagne: quelle forme juridique pour votre activit\u00e9?","datePublished":"2016-09-23T14:09:59+00:00","dateModified":"2020-07-10T11:15:12+00:00","mainEntityOfPage":{"@id":"https:\/\/amedia-contables-espana.com\/fr\/blog\/creation-de-societe-en-espagne-quelle-forme-juridique-pour-votre-activite\/"},"wordCount":1360,"image":{"@id":"https:\/\/amedia-contables-espana.com\/fr\/blog\/creation-de-societe-en-espagne-quelle-forme-juridique-pour-votre-activite\/#primaryimage"},"thumbnailUrl":"https:\/\/experts-comptables-espagne.com\/wp-content\/uploads\/creasoc_choix_structure-700x466.jpg","articleSection":["Non classifi\u00e9(e)"],"inLanguage":"fr-FR"},{"@type":"WebPage","@id":"https:\/\/amedia-contables-espana.com\/fr\/blog\/creation-de-societe-en-espagne-quelle-forme-juridique-pour-votre-activite\/","url":"https:\/\/amedia-contables-espana.com\/fr\/blog\/creation-de-societe-en-espagne-quelle-forme-juridique-pour-votre-activite\/","name":"Cr\u00e9ation de Soci\u00e9t\u00e9 en Espagne: quelle forme juridique pour votre activit\u00e9? - Amedia","isPartOf":{"@id":"https:\/\/amedia-contables-espana.com\/fr\/#website"},"primaryImageOfPage":{"@id":"https:\/\/amedia-contables-espana.com\/fr\/blog\/creation-de-societe-en-espagne-quelle-forme-juridique-pour-votre-activite\/#primaryimage"},"image":{"@id":"https:\/\/amedia-contables-espana.com\/fr\/blog\/creation-de-societe-en-espagne-quelle-forme-juridique-pour-votre-activite\/#primaryimage"},"thumbnailUrl":"https:\/\/experts-comptables-espagne.com\/wp-content\/uploads\/creasoc_choix_structure-700x466.jpg","datePublished":"2016-09-23T14:09:59+00:00","dateModified":"2020-07-10T11:15:12+00:00","author":{"@id":"https:\/\/amedia-contables-espana.com\/fr\/#\/schema\/person\/38062a9e6a9730a7b03e3ac2615ae6f5"},"description":"On retrouve en Droit des Soci\u00e9t\u00e9s Espagnol quasiment les m\u00eames formes juridiques de soci\u00e9t\u00e9s qu\u2019en France et ailleurs : SARL, SA et Travailleur ind\u00e9pendant. Les caract\u00e9ristiques de celles-ci sont assez similaires \u00e0 celles de leurs homologues fran\u00e7aises.","breadcrumb":{"@id":"https:\/\/amedia-contables-espana.com\/fr\/blog\/creation-de-societe-en-espagne-quelle-forme-juridique-pour-votre-activite\/#breadcrumb"},"inLanguage":"fr-FR","potentialAction":[{"@type":"ReadAction","target":["https:\/\/amedia-contables-espana.com\/fr\/blog\/creation-de-societe-en-espagne-quelle-forme-juridique-pour-votre-activite\/"]}]},{"@type":"ImageObject","inLanguage":"fr-FR","@id":"https:\/\/amedia-contables-espana.com\/fr\/blog\/creation-de-societe-en-espagne-quelle-forme-juridique-pour-votre-activite\/#primaryimage","url":"https:\/\/experts-comptables-espagne.com\/wp-content\/uploads\/creasoc_choix_structure-700x466.jpg","contentUrl":"https:\/\/experts-comptables-espagne.com\/wp-content\/uploads\/creasoc_choix_structure-700x466.jpg"},{"@type":"BreadcrumbList","@id":"https:\/\/amedia-contables-espana.com\/fr\/blog\/creation-de-societe-en-espagne-quelle-forme-juridique-pour-votre-activite\/#breadcrumb","itemListElement":[{"@type":"ListItem","position":1,"name":"Accueil","item":"https:\/\/amedia-contables-espana.com\/fr\/"},{"@type":"ListItem","position":2,"name":"Cr\u00e9ation de Soci\u00e9t\u00e9 en Espagne: quelle forme juridique pour votre activit\u00e9?"}]},{"@type":"WebSite","@id":"https:\/\/amedia-contables-espana.com\/fr\/#website","url":"https:\/\/amedia-contables-espana.com\/fr\/","name":"Amedia contables espana","description":"","potentialAction":[{"@type":"SearchAction","target":{"@type":"EntryPoint","urlTemplate":"https:\/\/amedia-contables-espana.com\/fr\/?s={search_term_string}"},"query-input":{"@type":"PropertyValueSpecification","valueRequired":true,"valueName":"search_term_string"}}],"inLanguage":"fr-FR"},{"@type":"Person","@id":"https:\/\/amedia-contables-espana.com\/fr\/#\/schema\/person\/38062a9e6a9730a7b03e3ac2615ae6f5","name":"Vitali","sameAs":["http:\/\/amedia.com"],"url":"https:\/\/amedia-contables-espana.com\/fr\/blog\/author\/admin-masonu\/"}]}},"author_meta":{"display_name":"Vitali","author_link":"https:\/\/amedia-contables-espana.com\/fr\/blog\/author\/admin-masonu\/"},"featured_img":null,"coauthors":[],"tax_additional":{"categories":{"linked":["<a href=\"https:\/\/amedia-contables-espana.com\/fr\/blog\/category\/non-classifiee\/\" class=\"advgb-post-tax-term\">Non classifi\u00e9(e)<\/a>"],"unlinked":["<span class=\"advgb-post-tax-term\">Non classifi\u00e9(e)<\/span>"]}},"comment_count":"0","relative_dates":{"created":"Publi\u00e9 10 ans il y a","modified":"Mis \u00e0 jour 6 ans il y a"},"absolute_dates":{"created":"Publi\u00e9 le 23 Septembre 2016","modified":"Mise \u00e0 jour le 10 Juillet 2020"},"absolute_dates_time":{"created":"Publi\u00e9 le 23 Septembre 2016 16 h 09 min","modified":"Mise \u00e0 jour le 10 Juillet 2020 13 h 15 min"},"featured_img_caption":"","series_order":"","_links":{"self":[{"href":"https:\/\/amedia-contables-espana.com\/fr\/wp-json\/wp\/v2\/posts\/880","targetHints":{"allow":["GET"]}}],"collection":[{"href":"https:\/\/amedia-contables-espana.com\/fr\/wp-json\/wp\/v2\/posts"}],"about":[{"href":"https:\/\/amedia-contables-espana.com\/fr\/wp-json\/wp\/v2\/types\/post"}],"author":[{"embeddable":true,"href":"https:\/\/amedia-contables-espana.com\/fr\/wp-json\/wp\/v2\/users\/3"}],"replies":[{"embeddable":true,"href":"https:\/\/amedia-contables-espana.com\/fr\/wp-json\/wp\/v2\/comments?post=880"}],"version-history":[{"count":5,"href":"https:\/\/amedia-contables-espana.com\/fr\/wp-json\/wp\/v2\/posts\/880\/revisions"}],"predecessor-version":[{"id":1002,"href":"https:\/\/amedia-contables-espana.com\/fr\/wp-json\/wp\/v2\/posts\/880\/revisions\/1002"}],"wp:attachment":[{"href":"https:\/\/amedia-contables-espana.com\/fr\/wp-json\/wp\/v2\/media?parent=880"}],"wp:term":[{"taxonomy":"category","embeddable":true,"href":"https:\/\/amedia-contables-espana.com\/fr\/wp-json\/wp\/v2\/categories?post=880"},{"taxonomy":"post_tag","embeddable":true,"href":"https:\/\/amedia-contables-espana.com\/fr\/wp-json\/wp\/v2\/tags?post=880"}],"curies":[{"name":"wp","href":"https:\/\/api.w.org\/{rel}","templated":true}]}}