{"id":842,"date":"2017-10-30T18:00:48","date_gmt":"2017-10-30T17:00:48","guid":{"rendered":"http:\/\/www.objectif-espagne.com\/?p=842"},"modified":"2020-07-10T13:01:24","modified_gmt":"2020-07-10T11:01:24","slug":"imposition-distributions-de-dividendes","status":"publish","type":"post","link":"https:\/\/amedia-contables-espana.com\/fr\/blog\/imposition-distributions-de-dividendes\/","title":{"rendered":"Imposition des distributions de dividendes"},"content":{"rendered":"<p>Cette ann\u00e9e, votre soci\u00e9t\u00e9 espagnole d\u00e9gage un b\u00e9n\u00e9fice que vous souhaiteriez r\u00e9partir avec les autres associ\u00e9s de la soci\u00e9t\u00e9 en vous versant un dividende.<\/p>\n<p>Avant de vous d\u00e9cider \u00e0 r\u00e9partir les dividendes, vous souhaitez surement savoir <strong>comment est impos\u00e9e cette op\u00e9ration de r\u00e9partition du b\u00e9n\u00e9fice de l\u2019entreprise ? <\/strong><\/p>\n<p>La fiscalit\u00e9 de la distribution des dividendes d\u00e9pend de votre statut de r\u00e9sident fiscal espagnol ou \u00e9tranger.<\/p>\n<ul>\n<li>Associ\u00e9 <strong>r\u00e9sident<\/strong> fiscal espagnol<\/li>\n<\/ul>\n<p>Le dividende que per\u00e7oit chaque associ\u00e9, suite \u00e0 la r\u00e9partition du b\u00e9n\u00e9fice de la soci\u00e9t\u00e9, est impos\u00e9 \u00e0 l\u2019Imp\u00f4t sur le Revenu des Personnes Physiques (<strong>IRPF<\/strong>) en tant que <strong>revenu du capital mobilier<\/strong>.<\/p>\n<p>Chaque ann\u00e9e, vous devez donc d\u00e9clarer dans votre <strong>d\u00e9claration de revenus<\/strong>, \u00ab\u00a0renta\u00a0\u00bb, les sommes per\u00e7ues en tant que dividende et serez impos\u00e9 en cons\u00e9quence.<\/p>\n<p>En Espagne, il existe deux bar\u00e8mes pour l\u2019IRPF\u00a0; le bar\u00e8me du revenu g\u00e9n\u00e9ral, qui s\u2019applique notamment pour les salaires, <strong>et le bar\u00e8me du revenu de l\u2019\u00e9pargne<\/strong>, qui est applicable pour les dividendes.<\/p>\n<p>Ainsi, les dividendes que vous percevrez seront impos\u00e9s comme suit, selon le bar\u00e8me du revenu de l\u2019\u00e9pargne\u00a0:<\/p>\n<ul>\n<li>Les premiers 6.000\u20ac sont impos\u00e9s au taux de 19%<\/li>\n<li>Entre 6.000 et 50.000\u20ac, le taux passe \u00e0 21%<\/li>\n<li>Au del\u00e0 de 50.000\u20ac le taux s\u2019\u00e9l\u00e8ve \u00e0 23%.\n<\/li>\n<\/ul>\n<p><em>Il convient de noter que l\u2019int\u00e9gralit\u00e9 du dividende per\u00e7u est imposable. L\u2019exon\u00e9ration des 1.500 premiers euros annuels a \u00e9t\u00e9 supprim\u00e9e en 2015<\/em>.<\/p>\n<ul>\n<li>Associ\u00e9 <strong>non r\u00e9sident<\/strong> fiscal espagnol<\/li>\n<\/ul>\n<p>Si vous \u00eates associ\u00e9 d\u2019une soci\u00e9t\u00e9 espagnole mais ne r\u00e9sidez pas en Espagne, le dividende que vous percevez suite \u00e0 la r\u00e9partition du b\u00e9n\u00e9fice de la soci\u00e9t\u00e9 espagnole sera \u00e9galement imposable en Espagne mais \u00e0 <strong>l\u2019Imp\u00f4t sur le Revenu des Non-R\u00e9sidents<\/strong> (IRNR) et non pas \u00e0 l\u2019IRPF comme pour les r\u00e9sidents.<\/p>\n<p>Le taux d\u2019imposition des non-r\u00e9sidents est un taux fixe qui s\u2019\u00e9l\u00e8ve \u00e0 <strong>19% si vous r\u00e9sidez dans un pays de l\u2019Union Europ\u00e9enne<\/strong> et passe \u00e0 24% si vous r\u00e9sidez en dehors de l\u2019UE.<\/p>\n<p>D\u2019autre part, vous devrez \u00e9galement <strong>d\u00e9clarer le dividende dans votre pays de r\u00e9sidence<\/strong> fiscale.<\/p>\n<p>Mais, pour <strong>\u00e9viter toute double imposition<\/strong>, la convention fiscale conclue entre l\u2019Espagne et votre pays de r\u00e9sidence pr\u00e9voit s\u00fbrement un m\u00e9canisme limitant cette double taxation. Pour cela, nous vous conseillons de rencontrer un fiscaliste international afin d\u2019\u00e9tudier votre situation et la convention.<\/p>\n<p><em>Par exemple<\/em>, la Convention fiscale conclue entre la France et l\u2019Espagne du 10 octobre 1995 autorise la France \u00e0 imposer les dividendes per\u00e7us par un r\u00e9sident associ\u00e9 d\u2019une soci\u00e9t\u00e9 situ\u00e9e en Espagne <strong>mais vient limiter<\/strong> la possibilit\u00e9 d\u2019imposition de l\u2019Etat Espagnol \u00e0 15%. En outre, la convention pr\u00e9voit \u00e9galement un m\u00e9canisme de d\u00e9duction de la double imposition.<\/p>\n","protected":false},"excerpt":{"rendered":"Cette ann\u00e9e, votre soci\u00e9t\u00e9 espagnole d\u00e9gage un b\u00e9n\u00e9fice que vous souhaiteriez r\u00e9partir avec les autres associ\u00e9s de la soci\u00e9t\u00e9 en vous versant un dividende. Avant de vous d\u00e9cider \u00e0 r\u00e9partir les dividendes, vous souhaitez surement savoir comment est impos\u00e9e cette op\u00e9ration de r\u00e9partition du b\u00e9n\u00e9fice de l\u2019entreprise ? La fiscalit\u00e9 de la distribution des dividendes&#8230; <a class=\"view-article\" href=\"https:\/\/amedia-contables-espana.com\/fr\/blog\/imposition-distributions-de-dividendes\/\">Voir l&rsquo;article<\/a>","protected":false},"author":3,"featured_media":843,"comment_status":"closed","ping_status":"open","sticky":false,"template":"","format":"standard","meta":{"advgb_blocks_editor_width":"","advgb_blocks_columns_visual_guide":"","footnotes":""},"categories":[1],"tags":[],"class_list":["post-842","post","type-post","status-publish","format-standard","has-post-thumbnail","hentry","category-non-classifiee"],"yoast_head":"<!-- This site is optimized with the Yoast SEO plugin v28.2 - https:\/\/yoast.com\/product\/yoast-seo-wordpress\/ -->\n<title>Imposition des distributions de dividendes - Amedia contables espana<\/title>\n<meta name=\"description\" content=\"Avant de vous d\u00e9cider \u00e0 r\u00e9partir les dividendes, vous souhaitez surement savoir comment est impos\u00e9e cette op\u00e9ration de r\u00e9partition du b\u00e9n\u00e9fice de l\u2019entreprise ? Nos conseils\" \/>\n<meta name=\"robots\" content=\"index, follow, max-snippet:-1, max-image-preview:large, max-video-preview:-1\" \/>\n<link rel=\"canonical\" href=\"https:\/\/amedia-contables-espana.com\/fr\/blog\/imposition-distributions-de-dividendes\/\" \/>\n<meta property=\"og:locale\" content=\"fr_FR\" \/>\n<meta property=\"og:type\" content=\"article\" \/>\n<meta property=\"og:title\" content=\"Imposition des distributions de dividendes - Amedia contables espana\" \/>\n<meta property=\"og:description\" content=\"Avant de vous d\u00e9cider \u00e0 r\u00e9partir les dividendes, vous souhaitez surement savoir comment est impos\u00e9e cette op\u00e9ration de r\u00e9partition du b\u00e9n\u00e9fice de l\u2019entreprise ? Nos conseils\" \/>\n<meta property=\"og:url\" content=\"https:\/\/amedia-contables-espana.com\/fr\/blog\/imposition-distributions-de-dividendes\/\" \/>\n<meta property=\"og:site_name\" content=\"Amedia contables espana\" \/>\n<meta property=\"article:published_time\" content=\"2017-10-30T17:00:48+00:00\" \/>\n<meta property=\"article:modified_time\" content=\"2020-07-10T11:01:24+00:00\" \/>\n<meta name=\"author\" content=\"Vitali\" \/>\n<meta name=\"twitter:card\" content=\"summary_large_image\" \/>\n<meta name=\"twitter:label1\" content=\"\u00c9crit par\" \/>\n\t<meta name=\"twitter:data1\" content=\"Vitali\" \/>\n\t<meta name=\"twitter:label2\" content=\"Dur\u00e9e de lecture estim\u00e9e\" \/>\n\t<meta name=\"twitter:data2\" content=\"2 minutes\" \/>\n<script type=\"application\/ld+json\" class=\"yoast-schema-graph\">{\"@context\":\"https:\\\/\\\/schema.org\",\"@graph\":[{\"@type\":\"Article\",\"@id\":\"https:\\\/\\\/amedia-contables-espana.com\\\/fr\\\/blog\\\/imposition-distributions-de-dividendes\\\/#article\",\"isPartOf\":{\"@id\":\"https:\\\/\\\/amedia-contables-espana.com\\\/fr\\\/blog\\\/imposition-distributions-de-dividendes\\\/\"},\"author\":{\"name\":\"Vitali\",\"@id\":\"https:\\\/\\\/amedia-contables-espana.com\\\/fr\\\/#\\\/schema\\\/person\\\/38062a9e6a9730a7b03e3ac2615ae6f5\"},\"headline\":\"Imposition des distributions de dividendes\",\"datePublished\":\"2017-10-30T17:00:48+00:00\",\"dateModified\":\"2020-07-10T11:01:24+00:00\",\"mainEntityOfPage\":{\"@id\":\"https:\\\/\\\/amedia-contables-espana.com\\\/fr\\\/blog\\\/imposition-distributions-de-dividendes\\\/\"},\"wordCount\":497,\"image\":{\"@id\":\"https:\\\/\\\/amedia-contables-espana.com\\\/fr\\\/blog\\\/imposition-distributions-de-dividendes\\\/#primaryimage\"},\"thumbnailUrl\":\"\",\"articleSection\":[\"Non classifi\u00e9(e)\"],\"inLanguage\":\"fr-FR\"},{\"@type\":\"WebPage\",\"@id\":\"https:\\\/\\\/amedia-contables-espana.com\\\/fr\\\/blog\\\/imposition-distributions-de-dividendes\\\/\",\"url\":\"https:\\\/\\\/amedia-contables-espana.com\\\/fr\\\/blog\\\/imposition-distributions-de-dividendes\\\/\",\"name\":\"Imposition des distributions de dividendes - Amedia contables espana\",\"isPartOf\":{\"@id\":\"https:\\\/\\\/amedia-contables-espana.com\\\/fr\\\/#website\"},\"primaryImageOfPage\":{\"@id\":\"https:\\\/\\\/amedia-contables-espana.com\\\/fr\\\/blog\\\/imposition-distributions-de-dividendes\\\/#primaryimage\"},\"image\":{\"@id\":\"https:\\\/\\\/amedia-contables-espana.com\\\/fr\\\/blog\\\/imposition-distributions-de-dividendes\\\/#primaryimage\"},\"thumbnailUrl\":\"\",\"datePublished\":\"2017-10-30T17:00:48+00:00\",\"dateModified\":\"2020-07-10T11:01:24+00:00\",\"author\":{\"@id\":\"https:\\\/\\\/amedia-contables-espana.com\\\/fr\\\/#\\\/schema\\\/person\\\/38062a9e6a9730a7b03e3ac2615ae6f5\"},\"description\":\"Avant de vous d\u00e9cider \u00e0 r\u00e9partir les dividendes, vous souhaitez surement savoir comment est impos\u00e9e cette op\u00e9ration de r\u00e9partition du b\u00e9n\u00e9fice de l\u2019entreprise ? Nos conseils\",\"breadcrumb\":{\"@id\":\"https:\\\/\\\/amedia-contables-espana.com\\\/fr\\\/blog\\\/imposition-distributions-de-dividendes\\\/#breadcrumb\"},\"inLanguage\":\"fr-FR\",\"potentialAction\":[{\"@type\":\"ReadAction\",\"target\":[\"https:\\\/\\\/amedia-contables-espana.com\\\/fr\\\/blog\\\/imposition-distributions-de-dividendes\\\/\"]}]},{\"@type\":\"ImageObject\",\"inLanguage\":\"fr-FR\",\"@id\":\"https:\\\/\\\/amedia-contables-espana.com\\\/fr\\\/blog\\\/imposition-distributions-de-dividendes\\\/#primaryimage\",\"url\":\"\",\"contentUrl\":\"\"},{\"@type\":\"BreadcrumbList\",\"@id\":\"https:\\\/\\\/amedia-contables-espana.com\\\/fr\\\/blog\\\/imposition-distributions-de-dividendes\\\/#breadcrumb\",\"itemListElement\":[{\"@type\":\"ListItem\",\"position\":1,\"name\":\"Accueil\",\"item\":\"https:\\\/\\\/amedia-contables-espana.com\\\/fr\\\/\"},{\"@type\":\"ListItem\",\"position\":2,\"name\":\"Imposition des distributions de dividendes\"}]},{\"@type\":\"WebSite\",\"@id\":\"https:\\\/\\\/amedia-contables-espana.com\\\/fr\\\/#website\",\"url\":\"https:\\\/\\\/amedia-contables-espana.com\\\/fr\\\/\",\"name\":\"Amedia contables espana\",\"description\":\"\",\"potentialAction\":[{\"@type\":\"SearchAction\",\"target\":{\"@type\":\"EntryPoint\",\"urlTemplate\":\"https:\\\/\\\/amedia-contables-espana.com\\\/fr\\\/?s={search_term_string}\"},\"query-input\":{\"@type\":\"PropertyValueSpecification\",\"valueRequired\":true,\"valueName\":\"search_term_string\"}}],\"inLanguage\":\"fr-FR\"},{\"@type\":\"Person\",\"@id\":\"https:\\\/\\\/amedia-contables-espana.com\\\/fr\\\/#\\\/schema\\\/person\\\/38062a9e6a9730a7b03e3ac2615ae6f5\",\"name\":\"Vitali\",\"sameAs\":[\"http:\\\/\\\/amedia.com\"],\"url\":\"https:\\\/\\\/amedia-contables-espana.com\\\/fr\\\/blog\\\/author\\\/admin-masonu\\\/\"}]}<\/script>\n<!-- \/ Yoast SEO plugin. -->","yoast_head_json":{"title":"Imposition des distributions de dividendes - Amedia contables espana","description":"Avant de vous d\u00e9cider \u00e0 r\u00e9partir les dividendes, vous souhaitez surement savoir comment est impos\u00e9e cette op\u00e9ration de r\u00e9partition du b\u00e9n\u00e9fice de l\u2019entreprise ? Nos conseils","robots":{"index":"index","follow":"follow","max-snippet":"max-snippet:-1","max-image-preview":"max-image-preview:large","max-video-preview":"max-video-preview:-1"},"canonical":"https:\/\/amedia-contables-espana.com\/fr\/blog\/imposition-distributions-de-dividendes\/","og_locale":"fr_FR","og_type":"article","og_title":"Imposition des distributions de dividendes - Amedia contables espana","og_description":"Avant de vous d\u00e9cider \u00e0 r\u00e9partir les dividendes, vous souhaitez surement savoir comment est impos\u00e9e cette op\u00e9ration de r\u00e9partition du b\u00e9n\u00e9fice de l\u2019entreprise ? Nos conseils","og_url":"https:\/\/amedia-contables-espana.com\/fr\/blog\/imposition-distributions-de-dividendes\/","og_site_name":"Amedia contables espana","article_published_time":"2017-10-30T17:00:48+00:00","article_modified_time":"2020-07-10T11:01:24+00:00","author":"Vitali","twitter_card":"summary_large_image","twitter_misc":{"\u00c9crit par":"Vitali","Dur\u00e9e de lecture estim\u00e9e":"2 minutes"},"schema":{"@context":"https:\/\/schema.org","@graph":[{"@type":"Article","@id":"https:\/\/amedia-contables-espana.com\/fr\/blog\/imposition-distributions-de-dividendes\/#article","isPartOf":{"@id":"https:\/\/amedia-contables-espana.com\/fr\/blog\/imposition-distributions-de-dividendes\/"},"author":{"name":"Vitali","@id":"https:\/\/amedia-contables-espana.com\/fr\/#\/schema\/person\/38062a9e6a9730a7b03e3ac2615ae6f5"},"headline":"Imposition des distributions de dividendes","datePublished":"2017-10-30T17:00:48+00:00","dateModified":"2020-07-10T11:01:24+00:00","mainEntityOfPage":{"@id":"https:\/\/amedia-contables-espana.com\/fr\/blog\/imposition-distributions-de-dividendes\/"},"wordCount":497,"image":{"@id":"https:\/\/amedia-contables-espana.com\/fr\/blog\/imposition-distributions-de-dividendes\/#primaryimage"},"thumbnailUrl":"","articleSection":["Non classifi\u00e9(e)"],"inLanguage":"fr-FR"},{"@type":"WebPage","@id":"https:\/\/amedia-contables-espana.com\/fr\/blog\/imposition-distributions-de-dividendes\/","url":"https:\/\/amedia-contables-espana.com\/fr\/blog\/imposition-distributions-de-dividendes\/","name":"Imposition des distributions de dividendes - Amedia contables espana","isPartOf":{"@id":"https:\/\/amedia-contables-espana.com\/fr\/#website"},"primaryImageOfPage":{"@id":"https:\/\/amedia-contables-espana.com\/fr\/blog\/imposition-distributions-de-dividendes\/#primaryimage"},"image":{"@id":"https:\/\/amedia-contables-espana.com\/fr\/blog\/imposition-distributions-de-dividendes\/#primaryimage"},"thumbnailUrl":"","datePublished":"2017-10-30T17:00:48+00:00","dateModified":"2020-07-10T11:01:24+00:00","author":{"@id":"https:\/\/amedia-contables-espana.com\/fr\/#\/schema\/person\/38062a9e6a9730a7b03e3ac2615ae6f5"},"description":"Avant de vous d\u00e9cider \u00e0 r\u00e9partir les dividendes, vous souhaitez surement savoir comment est impos\u00e9e cette op\u00e9ration de r\u00e9partition du b\u00e9n\u00e9fice de l\u2019entreprise ? Nos conseils","breadcrumb":{"@id":"https:\/\/amedia-contables-espana.com\/fr\/blog\/imposition-distributions-de-dividendes\/#breadcrumb"},"inLanguage":"fr-FR","potentialAction":[{"@type":"ReadAction","target":["https:\/\/amedia-contables-espana.com\/fr\/blog\/imposition-distributions-de-dividendes\/"]}]},{"@type":"ImageObject","inLanguage":"fr-FR","@id":"https:\/\/amedia-contables-espana.com\/fr\/blog\/imposition-distributions-de-dividendes\/#primaryimage","url":"","contentUrl":""},{"@type":"BreadcrumbList","@id":"https:\/\/amedia-contables-espana.com\/fr\/blog\/imposition-distributions-de-dividendes\/#breadcrumb","itemListElement":[{"@type":"ListItem","position":1,"name":"Accueil","item":"https:\/\/amedia-contables-espana.com\/fr\/"},{"@type":"ListItem","position":2,"name":"Imposition des distributions de dividendes"}]},{"@type":"WebSite","@id":"https:\/\/amedia-contables-espana.com\/fr\/#website","url":"https:\/\/amedia-contables-espana.com\/fr\/","name":"Amedia contables espana","description":"","potentialAction":[{"@type":"SearchAction","target":{"@type":"EntryPoint","urlTemplate":"https:\/\/amedia-contables-espana.com\/fr\/?s={search_term_string}"},"query-input":{"@type":"PropertyValueSpecification","valueRequired":true,"valueName":"search_term_string"}}],"inLanguage":"fr-FR"},{"@type":"Person","@id":"https:\/\/amedia-contables-espana.com\/fr\/#\/schema\/person\/38062a9e6a9730a7b03e3ac2615ae6f5","name":"Vitali","sameAs":["http:\/\/amedia.com"],"url":"https:\/\/amedia-contables-espana.com\/fr\/blog\/author\/admin-masonu\/"}]}},"author_meta":{"display_name":"Vitali","author_link":"https:\/\/amedia-contables-espana.com\/fr\/blog\/author\/admin-masonu\/"},"featured_img":null,"coauthors":[],"tax_additional":{"categories":{"linked":["<a href=\"https:\/\/amedia-contables-espana.com\/fr\/blog\/category\/non-classifiee\/\" class=\"advgb-post-tax-term\">Non classifi\u00e9(e)<\/a>"],"unlinked":["<span class=\"advgb-post-tax-term\">Non classifi\u00e9(e)<\/span>"]}},"comment_count":"0","relative_dates":{"created":"Publi\u00e9 9 ans il y a","modified":"Mis \u00e0 jour 6 ans il y a"},"absolute_dates":{"created":"Publi\u00e9 le 30 Octobre 2017","modified":"Mise \u00e0 jour le 10 Juillet 2020"},"absolute_dates_time":{"created":"Publi\u00e9 le 30 Octobre 2017 18 h 00 min","modified":"Mise \u00e0 jour le 10 Juillet 2020 13 h 01 min"},"featured_img_caption":"","series_order":"","_links":{"self":[{"href":"https:\/\/amedia-contables-espana.com\/fr\/wp-json\/wp\/v2\/posts\/842","targetHints":{"allow":["GET"]}}],"collection":[{"href":"https:\/\/amedia-contables-espana.com\/fr\/wp-json\/wp\/v2\/posts"}],"about":[{"href":"https:\/\/amedia-contables-espana.com\/fr\/wp-json\/wp\/v2\/types\/post"}],"author":[{"embeddable":true,"href":"https:\/\/amedia-contables-espana.com\/fr\/wp-json\/wp\/v2\/users\/3"}],"replies":[{"embeddable":true,"href":"https:\/\/amedia-contables-espana.com\/fr\/wp-json\/wp\/v2\/comments?post=842"}],"version-history":[{"count":2,"href":"https:\/\/amedia-contables-espana.com\/fr\/wp-json\/wp\/v2\/posts\/842\/revisions"}],"predecessor-version":[{"id":1001,"href":"https:\/\/amedia-contables-espana.com\/fr\/wp-json\/wp\/v2\/posts\/842\/revisions\/1001"}],"wp:featuredmedia":[{"embeddable":true,"href":"https:\/\/amedia-contables-espana.com\/fr\/wp-json\/"}],"wp:attachment":[{"href":"https:\/\/amedia-contables-espana.com\/fr\/wp-json\/wp\/v2\/media?parent=842"}],"wp:term":[{"taxonomy":"category","embeddable":true,"href":"https:\/\/amedia-contables-espana.com\/fr\/wp-json\/wp\/v2\/categories?post=842"},{"taxonomy":"post_tag","embeddable":true,"href":"https:\/\/amedia-contables-espana.com\/fr\/wp-json\/wp\/v2\/tags?post=842"}],"curies":[{"name":"wp","href":"https:\/\/api.w.org\/{rel}","templated":true}]}}