{"id":670,"date":"2018-10-10T18:26:04","date_gmt":"2018-10-10T16:26:04","guid":{"rendered":"https:\/\/experts-comptables-espagne.com\/?p=670\/"},"modified":"2018-10-10T18:42:18","modified_gmt":"2018-10-10T16:42:18","slug":"declaration-informative-des-operations-liees-et-des-operations-et-situations-en-relation-avec-les-pays-tiers-ou-qualifies-de-paradis-fiscaux-formulaire-232","status":"publish","type":"post","link":"https:\/\/amedia-contables-espana.com\/fr\/blog\/declaration-informative-des-operations-liees-et-des-operations-et-situations-en-relation-avec-les-pays-tiers-ou-qualifies-de-paradis-fiscaux-formulaire-232\/","title":{"rendered":"D\u00e9claration informative des op\u00e9rations li\u00e9es et des op\u00e9rations et situations en relation avec les pays tiers ou qualifi\u00e9s de paradis fiscaux \u2013 formulaire 232"},"content":{"rendered":"<h2>1.Personnes concern\u00e9es :<\/h2>\n<p>1.1.- Les personnes concern\u00e9es par la pr\u00e9sentation de l\u2019Imp\u00f4t des Soci\u00e9t\u00e9s qui r\u00e9alisent <strong>les op\u00e9rations suivantes avec des personnes ou entit\u00e9s li\u00e9s :<\/strong><\/p>\n<ul>\n<li>Op\u00e9rations r\u00e9alis\u00e9es avec la m\u00eame personne ou entit\u00e9 li\u00e9e, quand le montant de la contrevaleur (\u00e9valu\u00e9e \u00e0 la valeur de march\u00e9) de <u>l\u2019ensemble<\/u> de ces op\u00e9rations durant la p\u00e9riode imposable d\u00e9passe 250.000 \u20ac.<\/li>\n<li>Op\u00e9rations sp\u00e9cifiques, quand le montant de <u>l\u2019ensemble<\/u> de chacune des op\u00e9rations de ce type durant la p\u00e9riode imposable d\u00e9passe 100.000 \u20ac.<\/li>\n<\/ul>\n<p>Sont consid\u00e9r\u00e9es comme op\u00e9rations sp\u00e9cifiques :<\/p>\n<ul>\n<li>Les op\u00e9rations r\u00e9alis\u00e9es par les contribuables \u00e0 l\u2019Imp\u00f4t sur le Revenu des Personnes Physiques, dans le cadre d\u2019une activit\u00e9 \u00e9conomique, \u00e0 laquelle s\u2019applique la m\u00e9thode d\u2019estimation objective, avec les entit\u00e9s dans lesquelles ces contribuables ou leurs conjoints, descendants, ascendants, consid\u00e9r\u00e9s individuellement ou dans leur ensemble, ont un pourcentage \u00e9gal ou sup\u00e9rieur \u00e0 25% du capital social ou des fonds propres.<\/li>\n<li>Les op\u00e9rations de transmission d\u2019entreprise<\/li>\n<li>Les op\u00e9rations de transmission de valeurs ou de participations repr\u00e9sentatives de parts dans les fonds propres de n\u2019importe quel type d\u2019entit\u00e9 non admise \u00e0 la n\u00e9gociation dans un march\u00e9 r\u00e9gul\u00e9 de valeurs, ou admises \u00e0 la n\u00e9gociation dans des march\u00e9s r\u00e9gul\u00e9s de valeurs situ\u00e9s dans les pays ou territoires qualifi\u00e9s de paradis fiscaux.<\/li>\n<li>Les op\u00e9rations sur les biens immeubles.<\/li>\n<li>Les op\u00e9rations sur les actifs incorporels.<\/li>\n<\/ul>\n<p>Important \u2013 A tenir en compte : Il faut aussi remplir le formulaire relatif aux op\u00e9rations avec des personnes ou entit\u00e9s li\u00e9es dans les cas suivants :<\/p>\n<ul>\n<li>Peu importe le montant de la contrevaleur de l\u2019ensemble des op\u00e9rations r\u00e9alis\u00e9es avec la m\u00eame personne ou entit\u00e9 li\u00e9e, il faut rendre compte des op\u00e9rations du m\u00eame genre et ayant la m\u00eame m\u00e9thode de valorisation, <u>quand le montant de l\u2019ensemble desdites op\u00e9rations durant la p\u00e9riode imposable est sup\u00e9rieur a 50 % du chiffre d\u2019affaire de l\u2019entit\u00e9<\/u>.<\/li>\n<li>En cas d\u2019application de la r\u00e9duction des revenus issus d\u2019actifs incorporels d\u00e9termin\u00e9s.<\/li>\n<\/ul>\n<p>1.2.- Contribuables <strong>qui r\u00e9alisent des op\u00e9rations ou poss\u00e8dent des valeurs dans les pays ou territoires qualifi\u00e9s comme paradis fiscaux, ind\u00e9pendamment de leur montant respectif<\/strong>. <\/p>\n<h2>2. Contenu :<\/h2>\n<p>En fonction des points \u00e0 remplir pour votre soci\u00e9t\u00e9, nous vous enverrons un questionnaire avec l\u2019information dont nous aurons besoin.<\/p>\n<h2>3. D\u00e9lais :<\/h2>\n<p>Pour les p\u00e9riodes d\u2019imposition d\u00e9butant en 2017 et finissant avant le 31 d\u00e9cembre 2017, le d\u00e9lai de pr\u00e9sentation du formulaire sera entre le 1er et le 30 novembre 2018.<br \/>\nPour les p\u00e9riodes d\u2019impositions suivantes, la pr\u00e9sentation devra se faire durant le mois qui suit les 10 mois post\u00e9rieurs \u00e0 la fin de la p\u00e9riode d\u2019imposition relative \u00e0 l\u2019information requise. En d\u2019autres termes, pour les exercices terminant le 31 d\u00e9cembre, le mois de pr\u00e9sentation sera le mois de novembre de l\u2019ann\u00e9e suivante.<\/p>\n","protected":false},"excerpt":{"rendered":"1.Personnes concern\u00e9es : 1.1.- Les personnes concern\u00e9es par la pr\u00e9sentation de l\u2019Imp\u00f4t des Soci\u00e9t\u00e9s qui r\u00e9alisent les op\u00e9rations suivantes avec des personnes ou entit\u00e9s li\u00e9s : Op\u00e9rations r\u00e9alis\u00e9es avec la m\u00eame personne ou entit\u00e9 li\u00e9e, quand le montant de la contrevaleur (\u00e9valu\u00e9e \u00e0 la valeur de march\u00e9) de l\u2019ensemble de ces op\u00e9rations durant la p\u00e9riode&#8230; <a class=\"view-article\" href=\"https:\/\/amedia-contables-espana.com\/fr\/blog\/declaration-informative-des-operations-liees-et-des-operations-et-situations-en-relation-avec-les-pays-tiers-ou-qualifies-de-paradis-fiscaux-formulaire-232\/\">Voir l&rsquo;article<\/a>","protected":false},"author":3,"featured_media":0,"comment_status":"closed","ping_status":"open","sticky":false,"template":"","format":"standard","meta":{"advgb_blocks_editor_width":"","advgb_blocks_columns_visual_guide":"","footnotes":""},"categories":[1],"tags":[],"class_list":["post-670","post","type-post","status-publish","format-standard","hentry","category-non-classifiee"],"yoast_head":"<!-- This site is optimized with the Yoast SEO plugin v28.2 - https:\/\/yoast.com\/product\/yoast-seo-wordpress\/ -->\n<title>D\u00e9claration informative des op\u00e9rations li\u00e9es et des op\u00e9rations et situations en relation avec les pays tiers ou qualifi\u00e9s de paradis fiscaux \u2013 formulaire 232<\/title>\n<meta name=\"robots\" content=\"index, follow, max-snippet:-1, max-image-preview:large, max-video-preview:-1\" \/>\n<link rel=\"canonical\" href=\"https:\/\/amedia-contables-espana.com\/fr\/blog\/declaration-informative-des-operations-liees-et-des-operations-et-situations-en-relation-avec-les-pays-tiers-ou-qualifies-de-paradis-fiscaux-formulaire-232\/\" \/>\n<meta property=\"og:locale\" content=\"fr_FR\" \/>\n<meta property=\"og:type\" content=\"article\" \/>\n<meta property=\"og:title\" content=\"D\u00e9claration informative des op\u00e9rations li\u00e9es et des op\u00e9rations et situations en relation avec les pays tiers ou qualifi\u00e9s de paradis fiscaux \u2013 formulaire 232\" \/>\n<meta property=\"og:description\" content=\"1.Personnes concern\u00e9es : 1.1.- Les personnes concern\u00e9es par la pr\u00e9sentation de l\u2019Imp\u00f4t des Soci\u00e9t\u00e9s qui r\u00e9alisent les op\u00e9rations suivantes avec des personnes ou entit\u00e9s li\u00e9s : Op\u00e9rations r\u00e9alis\u00e9es avec la m\u00eame personne ou entit\u00e9 li\u00e9e, quand le montant de la contrevaleur (\u00e9valu\u00e9e \u00e0 la valeur de march\u00e9) de l\u2019ensemble de ces op\u00e9rations durant la p\u00e9riode... Voir l&#039;article\" \/>\n<meta property=\"og:url\" content=\"https:\/\/amedia-contables-espana.com\/fr\/blog\/declaration-informative-des-operations-liees-et-des-operations-et-situations-en-relation-avec-les-pays-tiers-ou-qualifies-de-paradis-fiscaux-formulaire-232\/\" \/>\n<meta property=\"og:site_name\" content=\"Amedia contables espana\" \/>\n<meta property=\"article:published_time\" content=\"2018-10-10T16:26:04+00:00\" \/>\n<meta property=\"article:modified_time\" content=\"2018-10-10T16:42:18+00:00\" \/>\n<meta name=\"author\" content=\"Vitali\" \/>\n<meta name=\"twitter:card\" content=\"summary_large_image\" \/>\n<meta name=\"twitter:label1\" content=\"\u00c9crit par\" \/>\n\t<meta name=\"twitter:data1\" content=\"Vitali\" \/>\n\t<meta name=\"twitter:label2\" content=\"Dur\u00e9e de lecture estim\u00e9e\" \/>\n\t<meta name=\"twitter:data2\" content=\"3 minutes\" \/>\n<script type=\"application\/ld+json\" class=\"yoast-schema-graph\">{\"@context\":\"https:\\\/\\\/schema.org\",\"@graph\":[{\"@type\":\"Article\",\"@id\":\"https:\\\/\\\/amedia-contables-espana.com\\\/fr\\\/blog\\\/declaration-informative-des-operations-liees-et-des-operations-et-situations-en-relation-avec-les-pays-tiers-ou-qualifies-de-paradis-fiscaux-formulaire-232\\\/#article\",\"isPartOf\":{\"@id\":\"https:\\\/\\\/amedia-contables-espana.com\\\/fr\\\/blog\\\/declaration-informative-des-operations-liees-et-des-operations-et-situations-en-relation-avec-les-pays-tiers-ou-qualifies-de-paradis-fiscaux-formulaire-232\\\/\"},\"author\":{\"name\":\"Vitali\",\"@id\":\"https:\\\/\\\/amedia-contables-espana.com\\\/fr\\\/#\\\/schema\\\/person\\\/38062a9e6a9730a7b03e3ac2615ae6f5\"},\"headline\":\"D\u00e9claration informative des op\u00e9rations li\u00e9es et des op\u00e9rations et situations en relation avec les pays tiers ou qualifi\u00e9s de paradis fiscaux \u2013 formulaire 232\",\"datePublished\":\"2018-10-10T16:26:04+00:00\",\"dateModified\":\"2018-10-10T16:42:18+00:00\",\"mainEntityOfPage\":{\"@id\":\"https:\\\/\\\/amedia-contables-espana.com\\\/fr\\\/blog\\\/declaration-informative-des-operations-liees-et-des-operations-et-situations-en-relation-avec-les-pays-tiers-ou-qualifies-de-paradis-fiscaux-formulaire-232\\\/\"},\"wordCount\":546,\"articleSection\":[\"Non classifi\u00e9(e)\"],\"inLanguage\":\"fr-FR\"},{\"@type\":\"WebPage\",\"@id\":\"https:\\\/\\\/amedia-contables-espana.com\\\/fr\\\/blog\\\/declaration-informative-des-operations-liees-et-des-operations-et-situations-en-relation-avec-les-pays-tiers-ou-qualifies-de-paradis-fiscaux-formulaire-232\\\/\",\"url\":\"https:\\\/\\\/amedia-contables-espana.com\\\/fr\\\/blog\\\/declaration-informative-des-operations-liees-et-des-operations-et-situations-en-relation-avec-les-pays-tiers-ou-qualifies-de-paradis-fiscaux-formulaire-232\\\/\",\"name\":\"D\u00e9claration informative des op\u00e9rations li\u00e9es et des op\u00e9rations et situations en relation avec les pays tiers ou qualifi\u00e9s de paradis fiscaux \u2013 formulaire 232\",\"isPartOf\":{\"@id\":\"https:\\\/\\\/amedia-contables-espana.com\\\/fr\\\/#website\"},\"datePublished\":\"2018-10-10T16:26:04+00:00\",\"dateModified\":\"2018-10-10T16:42:18+00:00\",\"author\":{\"@id\":\"https:\\\/\\\/amedia-contables-espana.com\\\/fr\\\/#\\\/schema\\\/person\\\/38062a9e6a9730a7b03e3ac2615ae6f5\"},\"breadcrumb\":{\"@id\":\"https:\\\/\\\/amedia-contables-espana.com\\\/fr\\\/blog\\\/declaration-informative-des-operations-liees-et-des-operations-et-situations-en-relation-avec-les-pays-tiers-ou-qualifies-de-paradis-fiscaux-formulaire-232\\\/#breadcrumb\"},\"inLanguage\":\"fr-FR\",\"potentialAction\":[{\"@type\":\"ReadAction\",\"target\":[\"https:\\\/\\\/amedia-contables-espana.com\\\/fr\\\/blog\\\/declaration-informative-des-operations-liees-et-des-operations-et-situations-en-relation-avec-les-pays-tiers-ou-qualifies-de-paradis-fiscaux-formulaire-232\\\/\"]}]},{\"@type\":\"BreadcrumbList\",\"@id\":\"https:\\\/\\\/amedia-contables-espana.com\\\/fr\\\/blog\\\/declaration-informative-des-operations-liees-et-des-operations-et-situations-en-relation-avec-les-pays-tiers-ou-qualifies-de-paradis-fiscaux-formulaire-232\\\/#breadcrumb\",\"itemListElement\":[{\"@type\":\"ListItem\",\"position\":1,\"name\":\"Accueil\",\"item\":\"https:\\\/\\\/amedia-contables-espana.com\\\/fr\\\/\"},{\"@type\":\"ListItem\",\"position\":2,\"name\":\"D\u00e9claration informative des op\u00e9rations li\u00e9es et des op\u00e9rations et situations en relation avec les pays tiers ou qualifi\u00e9s de paradis fiscaux \u2013 formulaire 232\"}]},{\"@type\":\"WebSite\",\"@id\":\"https:\\\/\\\/amedia-contables-espana.com\\\/fr\\\/#website\",\"url\":\"https:\\\/\\\/amedia-contables-espana.com\\\/fr\\\/\",\"name\":\"Amedia contables espana\",\"description\":\"\",\"potentialAction\":[{\"@type\":\"SearchAction\",\"target\":{\"@type\":\"EntryPoint\",\"urlTemplate\":\"https:\\\/\\\/amedia-contables-espana.com\\\/fr\\\/?s={search_term_string}\"},\"query-input\":{\"@type\":\"PropertyValueSpecification\",\"valueRequired\":true,\"valueName\":\"search_term_string\"}}],\"inLanguage\":\"fr-FR\"},{\"@type\":\"Person\",\"@id\":\"https:\\\/\\\/amedia-contables-espana.com\\\/fr\\\/#\\\/schema\\\/person\\\/38062a9e6a9730a7b03e3ac2615ae6f5\",\"name\":\"Vitali\",\"sameAs\":[\"http:\\\/\\\/amedia.com\"],\"url\":\"https:\\\/\\\/amedia-contables-espana.com\\\/fr\\\/blog\\\/author\\\/admin-masonu\\\/\"}]}<\/script>\n<!-- \/ Yoast SEO plugin. -->","yoast_head_json":{"title":"D\u00e9claration informative des op\u00e9rations li\u00e9es et des op\u00e9rations et situations en relation avec les pays tiers ou qualifi\u00e9s de paradis fiscaux \u2013 formulaire 232","robots":{"index":"index","follow":"follow","max-snippet":"max-snippet:-1","max-image-preview":"max-image-preview:large","max-video-preview":"max-video-preview:-1"},"canonical":"https:\/\/amedia-contables-espana.com\/fr\/blog\/declaration-informative-des-operations-liees-et-des-operations-et-situations-en-relation-avec-les-pays-tiers-ou-qualifies-de-paradis-fiscaux-formulaire-232\/","og_locale":"fr_FR","og_type":"article","og_title":"D\u00e9claration informative des op\u00e9rations li\u00e9es et des op\u00e9rations et situations en relation avec les pays tiers ou qualifi\u00e9s de paradis fiscaux \u2013 formulaire 232","og_description":"1.Personnes concern\u00e9es : 1.1.- Les personnes concern\u00e9es par la pr\u00e9sentation de l\u2019Imp\u00f4t des Soci\u00e9t\u00e9s qui r\u00e9alisent les op\u00e9rations suivantes avec des personnes ou entit\u00e9s li\u00e9s : Op\u00e9rations r\u00e9alis\u00e9es avec la m\u00eame personne ou entit\u00e9 li\u00e9e, quand le montant de la contrevaleur (\u00e9valu\u00e9e \u00e0 la valeur de march\u00e9) de l\u2019ensemble de ces op\u00e9rations durant la p\u00e9riode... Voir l'article","og_url":"https:\/\/amedia-contables-espana.com\/fr\/blog\/declaration-informative-des-operations-liees-et-des-operations-et-situations-en-relation-avec-les-pays-tiers-ou-qualifies-de-paradis-fiscaux-formulaire-232\/","og_site_name":"Amedia contables espana","article_published_time":"2018-10-10T16:26:04+00:00","article_modified_time":"2018-10-10T16:42:18+00:00","author":"Vitali","twitter_card":"summary_large_image","twitter_misc":{"\u00c9crit par":"Vitali","Dur\u00e9e de lecture estim\u00e9e":"3 minutes"},"schema":{"@context":"https:\/\/schema.org","@graph":[{"@type":"Article","@id":"https:\/\/amedia-contables-espana.com\/fr\/blog\/declaration-informative-des-operations-liees-et-des-operations-et-situations-en-relation-avec-les-pays-tiers-ou-qualifies-de-paradis-fiscaux-formulaire-232\/#article","isPartOf":{"@id":"https:\/\/amedia-contables-espana.com\/fr\/blog\/declaration-informative-des-operations-liees-et-des-operations-et-situations-en-relation-avec-les-pays-tiers-ou-qualifies-de-paradis-fiscaux-formulaire-232\/"},"author":{"name":"Vitali","@id":"https:\/\/amedia-contables-espana.com\/fr\/#\/schema\/person\/38062a9e6a9730a7b03e3ac2615ae6f5"},"headline":"D\u00e9claration informative des op\u00e9rations li\u00e9es et des op\u00e9rations et situations en relation avec les pays tiers ou qualifi\u00e9s de paradis fiscaux \u2013 formulaire 232","datePublished":"2018-10-10T16:26:04+00:00","dateModified":"2018-10-10T16:42:18+00:00","mainEntityOfPage":{"@id":"https:\/\/amedia-contables-espana.com\/fr\/blog\/declaration-informative-des-operations-liees-et-des-operations-et-situations-en-relation-avec-les-pays-tiers-ou-qualifies-de-paradis-fiscaux-formulaire-232\/"},"wordCount":546,"articleSection":["Non classifi\u00e9(e)"],"inLanguage":"fr-FR"},{"@type":"WebPage","@id":"https:\/\/amedia-contables-espana.com\/fr\/blog\/declaration-informative-des-operations-liees-et-des-operations-et-situations-en-relation-avec-les-pays-tiers-ou-qualifies-de-paradis-fiscaux-formulaire-232\/","url":"https:\/\/amedia-contables-espana.com\/fr\/blog\/declaration-informative-des-operations-liees-et-des-operations-et-situations-en-relation-avec-les-pays-tiers-ou-qualifies-de-paradis-fiscaux-formulaire-232\/","name":"D\u00e9claration informative des op\u00e9rations li\u00e9es et des op\u00e9rations et situations en relation avec les pays tiers ou qualifi\u00e9s de paradis fiscaux \u2013 formulaire 232","isPartOf":{"@id":"https:\/\/amedia-contables-espana.com\/fr\/#website"},"datePublished":"2018-10-10T16:26:04+00:00","dateModified":"2018-10-10T16:42:18+00:00","author":{"@id":"https:\/\/amedia-contables-espana.com\/fr\/#\/schema\/person\/38062a9e6a9730a7b03e3ac2615ae6f5"},"breadcrumb":{"@id":"https:\/\/amedia-contables-espana.com\/fr\/blog\/declaration-informative-des-operations-liees-et-des-operations-et-situations-en-relation-avec-les-pays-tiers-ou-qualifies-de-paradis-fiscaux-formulaire-232\/#breadcrumb"},"inLanguage":"fr-FR","potentialAction":[{"@type":"ReadAction","target":["https:\/\/amedia-contables-espana.com\/fr\/blog\/declaration-informative-des-operations-liees-et-des-operations-et-situations-en-relation-avec-les-pays-tiers-ou-qualifies-de-paradis-fiscaux-formulaire-232\/"]}]},{"@type":"BreadcrumbList","@id":"https:\/\/amedia-contables-espana.com\/fr\/blog\/declaration-informative-des-operations-liees-et-des-operations-et-situations-en-relation-avec-les-pays-tiers-ou-qualifies-de-paradis-fiscaux-formulaire-232\/#breadcrumb","itemListElement":[{"@type":"ListItem","position":1,"name":"Accueil","item":"https:\/\/amedia-contables-espana.com\/fr\/"},{"@type":"ListItem","position":2,"name":"D\u00e9claration informative des op\u00e9rations li\u00e9es et des op\u00e9rations et situations en relation avec les pays tiers ou qualifi\u00e9s de paradis fiscaux \u2013 formulaire 232"}]},{"@type":"WebSite","@id":"https:\/\/amedia-contables-espana.com\/fr\/#website","url":"https:\/\/amedia-contables-espana.com\/fr\/","name":"Amedia contables espana","description":"","potentialAction":[{"@type":"SearchAction","target":{"@type":"EntryPoint","urlTemplate":"https:\/\/amedia-contables-espana.com\/fr\/?s={search_term_string}"},"query-input":{"@type":"PropertyValueSpecification","valueRequired":true,"valueName":"search_term_string"}}],"inLanguage":"fr-FR"},{"@type":"Person","@id":"https:\/\/amedia-contables-espana.com\/fr\/#\/schema\/person\/38062a9e6a9730a7b03e3ac2615ae6f5","name":"Vitali","sameAs":["http:\/\/amedia.com"],"url":"https:\/\/amedia-contables-espana.com\/fr\/blog\/author\/admin-masonu\/"}]}},"author_meta":{"display_name":"Vitali","author_link":"https:\/\/amedia-contables-espana.com\/fr\/blog\/author\/admin-masonu\/"},"featured_img":null,"coauthors":[],"tax_additional":{"categories":{"linked":["<a href=\"https:\/\/amedia-contables-espana.com\/fr\/blog\/category\/non-classifiee\/\" class=\"advgb-post-tax-term\">Non classifi\u00e9(e)<\/a>"],"unlinked":["<span class=\"advgb-post-tax-term\">Non classifi\u00e9(e)<\/span>"]}},"comment_count":"0","relative_dates":{"created":"Publi\u00e9 8 ans il y a","modified":"Mis \u00e0 jour 8 ans il y a"},"absolute_dates":{"created":"Publi\u00e9 le 10 Octobre 2018","modified":"Mise \u00e0 jour le 10 Octobre 2018"},"absolute_dates_time":{"created":"Publi\u00e9 le 10 Octobre 2018 18 h 26 min","modified":"Mise \u00e0 jour le 10 Octobre 2018 18 h 42 min"},"featured_img_caption":"","series_order":"","_links":{"self":[{"href":"https:\/\/amedia-contables-espana.com\/fr\/wp-json\/wp\/v2\/posts\/670","targetHints":{"allow":["GET"]}}],"collection":[{"href":"https:\/\/amedia-contables-espana.com\/fr\/wp-json\/wp\/v2\/posts"}],"about":[{"href":"https:\/\/amedia-contables-espana.com\/fr\/wp-json\/wp\/v2\/types\/post"}],"author":[{"embeddable":true,"href":"https:\/\/amedia-contables-espana.com\/fr\/wp-json\/wp\/v2\/users\/3"}],"replies":[{"embeddable":true,"href":"https:\/\/amedia-contables-espana.com\/fr\/wp-json\/wp\/v2\/comments?post=670"}],"version-history":[{"count":5,"href":"https:\/\/amedia-contables-espana.com\/fr\/wp-json\/wp\/v2\/posts\/670\/revisions"}],"predecessor-version":[{"id":675,"href":"https:\/\/amedia-contables-espana.com\/fr\/wp-json\/wp\/v2\/posts\/670\/revisions\/675"}],"wp:attachment":[{"href":"https:\/\/amedia-contables-espana.com\/fr\/wp-json\/wp\/v2\/media?parent=670"}],"wp:term":[{"taxonomy":"category","embeddable":true,"href":"https:\/\/amedia-contables-espana.com\/fr\/wp-json\/wp\/v2\/categories?post=670"},{"taxonomy":"post_tag","embeddable":true,"href":"https:\/\/amedia-contables-espana.com\/fr\/wp-json\/wp\/v2\/tags?post=670"}],"curies":[{"name":"wp","href":"https:\/\/api.w.org\/{rel}","templated":true}]}}