{"id":564,"date":"2016-09-23T15:07:48","date_gmt":"2016-09-23T13:07:48","guid":{"rendered":"http:\/\/www.objectif-espagne.com\/?p=564"},"modified":"2016-09-23T15:07:48","modified_gmt":"2016-09-23T13:07:48","slug":"quelques-conseils-pour-bien-demarrer-son-business-en-espagne-2","status":"publish","type":"post","link":"https:\/\/amedia-contables-espana.com\/fr\/blog\/quelques-conseils-pour-bien-demarrer-son-business-en-espagne-2\/","title":{"rendered":"Quelques conseils pour bien d\u00e9marrer son business en Espagne"},"content":{"rendered":"<p>Votre objectif est de vous implanter en Espagne, <a href=\"http:\/\/www.experts-comptables-espagne.com\/Entreprises\/creation-societe-espagne\/\">cr\u00e9er une Soci\u00e9t\u00e9<\/a>, une Holding, d\u00e9velopper votre activit\u00e9 sur le march\u00e9 espagnol, faire du e-commerce ou du <a href=\"http:\/\/portage-offshore.com\/\">portage salarial<\/a>? Vous trouverez sur ce mini-site toute l\u2019information utile et pratique pour la mise en place et la gestion des proc\u00e9dures de cr\u00e9ation de Soci\u00e9t\u00e9 en Espagne.<\/p>\n<p><span style=\"line-height: 1.5;\"><!--more--><\/span><\/p>\n<p><span style=\"line-height: 1.5;\">L\u2019Espagne est un pays attractif pour s\u2019\u00e9tablir et d\u00e9velopper son activit\u00e9 professionnelle.<\/span><\/p>\n<p>Au-del\u00e0 du fait que ce soit un pays dans lequel il fait bon vivre, c\u2019est surtout une destination financi\u00e8rement int\u00e9ressante. La fiscalit\u00e9 y est beaucoup plus faible qu\u2019en France (taux d\u2019imp\u00f4t sur les soci\u00e9t\u00e9s presque inf\u00e9rieur de 10%), de plus, des mesures favorables ont \u00e9t\u00e9 mises en place pour stimuler la cr\u00e9ation d\u2019entreprise aupr\u00e8s des \u00e9trangers.<\/p>\n<p>La main d\u2019\u0153uvre est qualifi\u00e9e et bon march\u00e9, et, aspect non n\u00e9gligeable, les cotisations sociales, que ce soit pour les salari\u00e9s, g\u00e9rants ou ind\u00e9pendants sont \u00e9galement plus faibles.<\/p>\n<p>Il convient \u00e9galement de savoir que diverses r\u00e9formes ont \u00e9t\u00e9 mises en place au niveau du march\u00e9 du travail, par le biais d\u2019une n\u00e9gociation collective, et ceci dans le but de faciliter la cr\u00e9ation d\u2019emploi.<\/p>\n<p>Les co\u00fbts des licenciements ont notamment \u00e9t\u00e9 r\u00e9duits, passant d\u2019une indemnit\u00e9 de 45 \u00e0 33 jours par ann\u00e9e travaill\u00e9e (selon le type de contrat et en cas de licenciement abusif) ou uniquement de 20 jours (en cas de licenciement \u00e9conomique ou collectif).<\/p>\n<p>(pour plus d\u2019informations, <a href=\"http:\/\/www.boe.es\/\">consultez la web de la BOE<\/a>, en espagnol uniquement)<\/p>\n<p>&nbsp;<\/p>\n","protected":false},"excerpt":{"rendered":"Votre objectif est de vous implanter en Espagne, cr\u00e9er une Soci\u00e9t\u00e9, une Holding, d\u00e9velopper votre activit\u00e9 sur le march\u00e9 espagnol, faire du e-commerce ou du portage salarial? Vous trouverez sur ce mini-site toute l\u2019information utile et pratique pour la mise en place et la gestion des proc\u00e9dures de cr\u00e9ation de Soci\u00e9t\u00e9 en Espagne.","protected":false},"author":3,"featured_media":663,"comment_status":"closed","ping_status":"open","sticky":false,"template":"","format":"standard","meta":{"advgb_blocks_editor_width":"","advgb_blocks_columns_visual_guide":"","footnotes":""},"categories":[1],"tags":[],"class_list":["post-564","post","type-post","status-publish","format-standard","has-post-thumbnail","hentry","category-non-classifiee"],"yoast_head":"<!-- This site is optimized with the Yoast SEO plugin v28.2 - https:\/\/yoast.com\/product\/yoast-seo-wordpress\/ -->\n<title>Quelques conseils pour bien d\u00e9marrer son business en Espagne - Amedia contables espana<\/title>\n<meta name=\"robots\" content=\"index, follow, max-snippet:-1, max-image-preview:large, max-video-preview:-1\" \/>\n<link rel=\"canonical\" href=\"https:\/\/amedia-contables-espana.com\/fr\/blog\/quelques-conseils-pour-bien-demarrer-son-business-en-espagne-2\/\" \/>\n<meta property=\"og:locale\" content=\"fr_FR\" \/>\n<meta property=\"og:type\" content=\"article\" \/>\n<meta property=\"og:title\" content=\"Quelques conseils pour bien d\u00e9marrer son business en Espagne - Amedia contables espana\" \/>\n<meta property=\"og:description\" content=\"Votre objectif est de vous implanter en Espagne, cr\u00e9er une Soci\u00e9t\u00e9, une Holding, d\u00e9velopper votre activit\u00e9 sur le march\u00e9 espagnol, faire du e-commerce ou du portage salarial? Vous trouverez sur ce mini-site toute l\u2019information utile et pratique pour la mise en place et la gestion des proc\u00e9dures de cr\u00e9ation de Soci\u00e9t\u00e9 en Espagne.\" \/>\n<meta property=\"og:url\" content=\"https:\/\/amedia-contables-espana.com\/fr\/blog\/quelques-conseils-pour-bien-demarrer-son-business-en-espagne-2\/\" \/>\n<meta property=\"og:site_name\" content=\"Amedia contables espana\" \/>\n<meta property=\"article:published_time\" content=\"2016-09-23T13:07:48+00:00\" \/>\n<meta name=\"author\" content=\"Vitali\" \/>\n<meta name=\"twitter:card\" content=\"summary_large_image\" \/>\n<meta name=\"twitter:label1\" content=\"\u00c9crit par\" \/>\n\t<meta name=\"twitter:data1\" content=\"Vitali\" \/>\n\t<meta name=\"twitter:label2\" content=\"Dur\u00e9e de lecture estim\u00e9e\" \/>\n\t<meta name=\"twitter:data2\" content=\"1 minute\" \/>\n<script type=\"application\/ld+json\" class=\"yoast-schema-graph\">{\"@context\":\"https:\\\/\\\/schema.org\",\"@graph\":[{\"@type\":\"Article\",\"@id\":\"https:\\\/\\\/amedia-contables-espana.com\\\/fr\\\/blog\\\/quelques-conseils-pour-bien-demarrer-son-business-en-espagne-2\\\/#article\",\"isPartOf\":{\"@id\":\"https:\\\/\\\/amedia-contables-espana.com\\\/fr\\\/blog\\\/quelques-conseils-pour-bien-demarrer-son-business-en-espagne-2\\\/\"},\"author\":{\"name\":\"Vitali\",\"@id\":\"https:\\\/\\\/amedia-contables-espana.com\\\/fr\\\/#\\\/schema\\\/person\\\/38062a9e6a9730a7b03e3ac2615ae6f5\"},\"headline\":\"Quelques conseils pour bien d\u00e9marrer son business en Espagne\",\"datePublished\":\"2016-09-23T13:07:48+00:00\",\"mainEntityOfPage\":{\"@id\":\"https:\\\/\\\/amedia-contables-espana.com\\\/fr\\\/blog\\\/quelques-conseils-pour-bien-demarrer-son-business-en-espagne-2\\\/\"},\"wordCount\":283,\"image\":{\"@id\":\"https:\\\/\\\/amedia-contables-espana.com\\\/fr\\\/blog\\\/quelques-conseils-pour-bien-demarrer-son-business-en-espagne-2\\\/#primaryimage\"},\"thumbnailUrl\":\"\",\"articleSection\":[\"Non classifi\u00e9(e)\"],\"inLanguage\":\"fr-FR\"},{\"@type\":\"WebPage\",\"@id\":\"https:\\\/\\\/amedia-contables-espana.com\\\/fr\\\/blog\\\/quelques-conseils-pour-bien-demarrer-son-business-en-espagne-2\\\/\",\"url\":\"https:\\\/\\\/amedia-contables-espana.com\\\/fr\\\/blog\\\/quelques-conseils-pour-bien-demarrer-son-business-en-espagne-2\\\/\",\"name\":\"Quelques conseils pour bien d\u00e9marrer son business en Espagne - Amedia contables espana\",\"isPartOf\":{\"@id\":\"https:\\\/\\\/amedia-contables-espana.com\\\/fr\\\/#website\"},\"primaryImageOfPage\":{\"@id\":\"https:\\\/\\\/amedia-contables-espana.com\\\/fr\\\/blog\\\/quelques-conseils-pour-bien-demarrer-son-business-en-espagne-2\\\/#primaryimage\"},\"image\":{\"@id\":\"https:\\\/\\\/amedia-contables-espana.com\\\/fr\\\/blog\\\/quelques-conseils-pour-bien-demarrer-son-business-en-espagne-2\\\/#primaryimage\"},\"thumbnailUrl\":\"\",\"datePublished\":\"2016-09-23T13:07:48+00:00\",\"author\":{\"@id\":\"https:\\\/\\\/amedia-contables-espana.com\\\/fr\\\/#\\\/schema\\\/person\\\/38062a9e6a9730a7b03e3ac2615ae6f5\"},\"breadcrumb\":{\"@id\":\"https:\\\/\\\/amedia-contables-espana.com\\\/fr\\\/blog\\\/quelques-conseils-pour-bien-demarrer-son-business-en-espagne-2\\\/#breadcrumb\"},\"inLanguage\":\"fr-FR\",\"potentialAction\":[{\"@type\":\"ReadAction\",\"target\":[\"https:\\\/\\\/amedia-contables-espana.com\\\/fr\\\/blog\\\/quelques-conseils-pour-bien-demarrer-son-business-en-espagne-2\\\/\"]}]},{\"@type\":\"ImageObject\",\"inLanguage\":\"fr-FR\",\"@id\":\"https:\\\/\\\/amedia-contables-espana.com\\\/fr\\\/blog\\\/quelques-conseils-pour-bien-demarrer-son-business-en-espagne-2\\\/#primaryimage\",\"url\":\"\",\"contentUrl\":\"\"},{\"@type\":\"BreadcrumbList\",\"@id\":\"https:\\\/\\\/amedia-contables-espana.com\\\/fr\\\/blog\\\/quelques-conseils-pour-bien-demarrer-son-business-en-espagne-2\\\/#breadcrumb\",\"itemListElement\":[{\"@type\":\"ListItem\",\"position\":1,\"name\":\"Accueil\",\"item\":\"https:\\\/\\\/amedia-contables-espana.com\\\/fr\\\/\"},{\"@type\":\"ListItem\",\"position\":2,\"name\":\"Quelques conseils pour bien d\u00e9marrer son business en Espagne\"}]},{\"@type\":\"WebSite\",\"@id\":\"https:\\\/\\\/amedia-contables-espana.com\\\/fr\\\/#website\",\"url\":\"https:\\\/\\\/amedia-contables-espana.com\\\/fr\\\/\",\"name\":\"Amedia contables espana\",\"description\":\"\",\"potentialAction\":[{\"@type\":\"SearchAction\",\"target\":{\"@type\":\"EntryPoint\",\"urlTemplate\":\"https:\\\/\\\/amedia-contables-espana.com\\\/fr\\\/?s={search_term_string}\"},\"query-input\":{\"@type\":\"PropertyValueSpecification\",\"valueRequired\":true,\"valueName\":\"search_term_string\"}}],\"inLanguage\":\"fr-FR\"},{\"@type\":\"Person\",\"@id\":\"https:\\\/\\\/amedia-contables-espana.com\\\/fr\\\/#\\\/schema\\\/person\\\/38062a9e6a9730a7b03e3ac2615ae6f5\",\"name\":\"Vitali\",\"sameAs\":[\"http:\\\/\\\/amedia.com\"],\"url\":\"https:\\\/\\\/amedia-contables-espana.com\\\/fr\\\/blog\\\/author\\\/admin-masonu\\\/\"}]}<\/script>\n<!-- \/ Yoast SEO plugin. -->","yoast_head_json":{"title":"Quelques conseils pour bien d\u00e9marrer son business en Espagne - Amedia contables espana","robots":{"index":"index","follow":"follow","max-snippet":"max-snippet:-1","max-image-preview":"max-image-preview:large","max-video-preview":"max-video-preview:-1"},"canonical":"https:\/\/amedia-contables-espana.com\/fr\/blog\/quelques-conseils-pour-bien-demarrer-son-business-en-espagne-2\/","og_locale":"fr_FR","og_type":"article","og_title":"Quelques conseils pour bien d\u00e9marrer son business en Espagne - Amedia contables espana","og_description":"Votre objectif est de vous implanter en Espagne, cr\u00e9er une Soci\u00e9t\u00e9, une Holding, d\u00e9velopper votre activit\u00e9 sur le march\u00e9 espagnol, faire du e-commerce ou du portage salarial? Vous trouverez sur ce mini-site toute l\u2019information utile et pratique pour la mise en place et la gestion des proc\u00e9dures de cr\u00e9ation de Soci\u00e9t\u00e9 en Espagne.","og_url":"https:\/\/amedia-contables-espana.com\/fr\/blog\/quelques-conseils-pour-bien-demarrer-son-business-en-espagne-2\/","og_site_name":"Amedia contables espana","article_published_time":"2016-09-23T13:07:48+00:00","author":"Vitali","twitter_card":"summary_large_image","twitter_misc":{"\u00c9crit par":"Vitali","Dur\u00e9e de lecture estim\u00e9e":"1 minute"},"schema":{"@context":"https:\/\/schema.org","@graph":[{"@type":"Article","@id":"https:\/\/amedia-contables-espana.com\/fr\/blog\/quelques-conseils-pour-bien-demarrer-son-business-en-espagne-2\/#article","isPartOf":{"@id":"https:\/\/amedia-contables-espana.com\/fr\/blog\/quelques-conseils-pour-bien-demarrer-son-business-en-espagne-2\/"},"author":{"name":"Vitali","@id":"https:\/\/amedia-contables-espana.com\/fr\/#\/schema\/person\/38062a9e6a9730a7b03e3ac2615ae6f5"},"headline":"Quelques conseils pour bien d\u00e9marrer son business en Espagne","datePublished":"2016-09-23T13:07:48+00:00","mainEntityOfPage":{"@id":"https:\/\/amedia-contables-espana.com\/fr\/blog\/quelques-conseils-pour-bien-demarrer-son-business-en-espagne-2\/"},"wordCount":283,"image":{"@id":"https:\/\/amedia-contables-espana.com\/fr\/blog\/quelques-conseils-pour-bien-demarrer-son-business-en-espagne-2\/#primaryimage"},"thumbnailUrl":"","articleSection":["Non classifi\u00e9(e)"],"inLanguage":"fr-FR"},{"@type":"WebPage","@id":"https:\/\/amedia-contables-espana.com\/fr\/blog\/quelques-conseils-pour-bien-demarrer-son-business-en-espagne-2\/","url":"https:\/\/amedia-contables-espana.com\/fr\/blog\/quelques-conseils-pour-bien-demarrer-son-business-en-espagne-2\/","name":"Quelques conseils pour bien d\u00e9marrer son business en Espagne - Amedia contables espana","isPartOf":{"@id":"https:\/\/amedia-contables-espana.com\/fr\/#website"},"primaryImageOfPage":{"@id":"https:\/\/amedia-contables-espana.com\/fr\/blog\/quelques-conseils-pour-bien-demarrer-son-business-en-espagne-2\/#primaryimage"},"image":{"@id":"https:\/\/amedia-contables-espana.com\/fr\/blog\/quelques-conseils-pour-bien-demarrer-son-business-en-espagne-2\/#primaryimage"},"thumbnailUrl":"","datePublished":"2016-09-23T13:07:48+00:00","author":{"@id":"https:\/\/amedia-contables-espana.com\/fr\/#\/schema\/person\/38062a9e6a9730a7b03e3ac2615ae6f5"},"breadcrumb":{"@id":"https:\/\/amedia-contables-espana.com\/fr\/blog\/quelques-conseils-pour-bien-demarrer-son-business-en-espagne-2\/#breadcrumb"},"inLanguage":"fr-FR","potentialAction":[{"@type":"ReadAction","target":["https:\/\/amedia-contables-espana.com\/fr\/blog\/quelques-conseils-pour-bien-demarrer-son-business-en-espagne-2\/"]}]},{"@type":"ImageObject","inLanguage":"fr-FR","@id":"https:\/\/amedia-contables-espana.com\/fr\/blog\/quelques-conseils-pour-bien-demarrer-son-business-en-espagne-2\/#primaryimage","url":"","contentUrl":""},{"@type":"BreadcrumbList","@id":"https:\/\/amedia-contables-espana.com\/fr\/blog\/quelques-conseils-pour-bien-demarrer-son-business-en-espagne-2\/#breadcrumb","itemListElement":[{"@type":"ListItem","position":1,"name":"Accueil","item":"https:\/\/amedia-contables-espana.com\/fr\/"},{"@type":"ListItem","position":2,"name":"Quelques conseils pour bien d\u00e9marrer son business en Espagne"}]},{"@type":"WebSite","@id":"https:\/\/amedia-contables-espana.com\/fr\/#website","url":"https:\/\/amedia-contables-espana.com\/fr\/","name":"Amedia contables espana","description":"","potentialAction":[{"@type":"SearchAction","target":{"@type":"EntryPoint","urlTemplate":"https:\/\/amedia-contables-espana.com\/fr\/?s={search_term_string}"},"query-input":{"@type":"PropertyValueSpecification","valueRequired":true,"valueName":"search_term_string"}}],"inLanguage":"fr-FR"},{"@type":"Person","@id":"https:\/\/amedia-contables-espana.com\/fr\/#\/schema\/person\/38062a9e6a9730a7b03e3ac2615ae6f5","name":"Vitali","sameAs":["http:\/\/amedia.com"],"url":"https:\/\/amedia-contables-espana.com\/fr\/blog\/author\/admin-masonu\/"}]}},"author_meta":{"display_name":"Vitali","author_link":"https:\/\/amedia-contables-espana.com\/fr\/blog\/author\/admin-masonu\/"},"featured_img":null,"coauthors":[],"tax_additional":{"categories":{"linked":["<a href=\"https:\/\/amedia-contables-espana.com\/fr\/blog\/category\/non-classifiee\/\" class=\"advgb-post-tax-term\">Non classifi\u00e9(e)<\/a>"],"unlinked":["<span class=\"advgb-post-tax-term\">Non classifi\u00e9(e)<\/span>"]}},"comment_count":"0","relative_dates":{"created":"Publi\u00e9 10 ans il y a","modified":"Mis \u00e0 jour 10 ans il y a"},"absolute_dates":{"created":"Publi\u00e9 le 23 Septembre 2016","modified":"Mise \u00e0 jour le 23 Septembre 2016"},"absolute_dates_time":{"created":"Publi\u00e9 le 23 Septembre 2016 15 h 07 min","modified":"Mise \u00e0 jour le 23 Septembre 2016 15 h 07 min"},"featured_img_caption":"","series_order":"","_links":{"self":[{"href":"https:\/\/amedia-contables-espana.com\/fr\/wp-json\/wp\/v2\/posts\/564","targetHints":{"allow":["GET"]}}],"collection":[{"href":"https:\/\/amedia-contables-espana.com\/fr\/wp-json\/wp\/v2\/posts"}],"about":[{"href":"https:\/\/amedia-contables-espana.com\/fr\/wp-json\/wp\/v2\/types\/post"}],"author":[{"embeddable":true,"href":"https:\/\/amedia-contables-espana.com\/fr\/wp-json\/wp\/v2\/users\/3"}],"replies":[{"embeddable":true,"href":"https:\/\/amedia-contables-espana.com\/fr\/wp-json\/wp\/v2\/comments?post=564"}],"version-history":[{"count":0,"href":"https:\/\/amedia-contables-espana.com\/fr\/wp-json\/wp\/v2\/posts\/564\/revisions"}],"wp:featuredmedia":[{"embeddable":true,"href":"https:\/\/amedia-contables-espana.com\/fr\/wp-json\/wp\/v2\/posts\/663"}],"wp:attachment":[{"href":"https:\/\/amedia-contables-espana.com\/fr\/wp-json\/wp\/v2\/media?parent=564"}],"wp:term":[{"taxonomy":"category","embeddable":true,"href":"https:\/\/amedia-contables-espana.com\/fr\/wp-json\/wp\/v2\/categories?post=564"},{"taxonomy":"post_tag","embeddable":true,"href":"https:\/\/amedia-contables-espana.com\/fr\/wp-json\/wp\/v2\/tags?post=564"}],"curies":[{"name":"wp","href":"https:\/\/api.w.org\/{rel}","templated":true}]}}